{"id":1032,"date":"2019-05-01T20:19:13","date_gmt":"2019-05-01T23:19:13","guid":{"rendered":"http:\/\/espora13.com.br\/?p=1032"},"modified":"2019-05-01T20:19:13","modified_gmt":"2019-05-01T23:19:13","slug":"balanco-poe-em-xeque-o-discurso-da-diretoria-e-hora-de-mudancas","status":"publish","type":"post","link":"https:\/\/espora13.com.br\/index.php\/2019\/05\/01\/balanco-poe-em-xeque-o-discurso-da-diretoria-e-hora-de-mudancas\/","title":{"rendered":"Balan\u00e7o p\u00f5e em xeque o discurso da diretoria. \u00c9 hora de mudan\u00e7as!"},"content":{"rendered":"<p>Dezembro de 2017, em elei\u00e7\u00e3o realizada na sede de Lourdes, Sergio Sette C\u00e2mara foi eleito presidente do Clube Atl\u00e9tico Mineiro, com arrasadores 266 votos dos conselheiros alvinegros, rec\u00e9m eleito presidente, assumiu com um discurso de colocar \u201cordem na casa\u201d, com uma pol\u00edtica de austeridade (severa), palavra que viraria um marco nas falas do presidente, e o discurso de manter um time forte com as contas em dia, essa era a grande expectativa para o mandato rec\u00e9m conquistado na \u00e9poca. Por\u00e9m, hoje com quase um ano e meio de mandato, a divulga\u00e7\u00e3o do balan\u00e7o da \u00faltima temporada foi completamente diferente do que se esperava. A d\u00edvida geral do clube, que em 2017 era de R$ 576 milh\u00f5es subiu para R$ 652 milh\u00f5es no ano de 2018. O aumento de R$ 76 milh\u00f5es em apenas um ano, foi completamente contr\u00e1rio ao discurso t\u00e3o abordado pela atual gest\u00e3o alvinegra.<\/p>\n<p>De 2017 para c\u00e1, o elenco sofreu mudan\u00e7as profundas, a fim de enxugar a folha salarial deixaram o clube grandes nomes daquela temporada, e n\u00e3o foram feitas grandes contrata\u00e7\u00f5es, fato rotineiro na gest\u00e3o anterior de Daniel Nepomuceno, a aposta da diretoria foi buscar jovens talentosos, afim de refor\u00e7ar o elenco e futuramente o caixa do clube, uma aposta v\u00e1lida que n\u00e3o se refletiu em campo, e o time, at\u00e9 os dias atuais \u00e9 duramente questionado quanto \u00e0 qualidade de algumas pe\u00e7as. A ger\u00eancia do futebol \u00e9 outro ponto de aten\u00e7\u00e3o dentro da gest\u00e3o, at\u00e9 a rec\u00e9m-chegada do atual Diretor, Rui Costa, a fun\u00e7\u00e3o de gerir o futebol alvinegro ficou nas m\u00e3os de profissionais, que podem ser considerados apostas para a fun\u00e7\u00e3o, pois n\u00e3o tinham experi\u00eancia e acabaram muito criticados quanto a forma\u00e7\u00e3o ideal do elenco.<\/p>\n<figure id=\"attachment_1034\" aria-describedby=\"caption-attachment-1034\" style=\"width: 300px\" class=\"wp-caption aligncenter\"><img loading=\"lazy\" class=\"size-medium wp-image-1034\" src=\"https:\/\/espora13.com.br\/wp-content\/uploads\/2019\/05\/56952711_10157173945857552_3731246426013827072_n-300x199.jpg\" alt=\"\" width=\"300\" height=\"199\" srcset=\"https:\/\/espora13.com.br\/wp-content\/uploads\/2019\/05\/56952711_10157173945857552_3731246426013827072_n-300x199.jpg 300w, https:\/\/espora13.com.br\/wp-content\/uploads\/2019\/05\/56952711_10157173945857552_3731246426013827072_n-768x510.jpg 768w, https:\/\/espora13.com.br\/wp-content\/uploads\/2019\/05\/56952711_10157173945857552_3731246426013827072_n-177x118.jpg 177w, https:\/\/espora13.com.br\/wp-content\/uploads\/2019\/05\/56952711_10157173945857552_3731246426013827072_n.jpg 960w\" sizes=\"(max-width: 300px) 100vw, 300px\" \/><figcaption id=\"caption-attachment-1034\" class=\"wp-caption-text\">Diretor Rui Costa p\u00f5e fim ao rodizio na Gest\u00e3o de futebol alvinegra. Foto: Atl\u00e9tico\/Bruno Cantini\/Pedro Souza.<\/figcaption><\/figure>\n<p>&nbsp;<\/p>\n<p>O reflexo destes fatores, afetaram diretamente as finan\u00e7as do clube, expostas no balan\u00e7o apresentado nos \u00faltimos dias. Em rela\u00e7\u00e3o ao ano anterior, o caixa alvinegro sofreu, houveram diminui\u00e7\u00e3o na arrecada\u00e7\u00e3o com futebol (de R$ 291,2 milh\u00f5es para 237,7 milh\u00f5es), queda na receita de bilheterias (de R$ 16,8 milh\u00f5es para R$ 8,1 milh\u00f5es) direitos de transmiss\u00f5es (de R$ 171,7 milh\u00f5es para R$ 99,8 milh\u00f5es) e patroc\u00ednios e marketing (de R$ 34,7 milh\u00f5es para 26,6 milh\u00f5es), houve queda significativa tamb\u00e9m na receitas do programa de s\u00f3cios Galo na Veia (de R$ 16,3 milh\u00f5es para R$ 13,6 milh\u00f5es). De positivo no balan\u00e7o apresentado, a venda de jogadores, com um crescimento consider\u00e1vel (de R$ 43,2 milh\u00f5es para R$ 80,7 milh\u00f5es), melhorando assim, um pouco o rombo nas contas do clube na \u00faltima temporada.<\/p>\n<figure id=\"attachment_1036\" aria-describedby=\"caption-attachment-1036\" style=\"width: 300px\" class=\"wp-caption aligncenter\"><img loading=\"lazy\" class=\"size-medium wp-image-1036\" src=\"https:\/\/espora13.com.br\/wp-content\/uploads\/2019\/05\/53264624_10157074513322552_7379234120720711680_n-300x199.jpg\" alt=\"\" width=\"300\" height=\"199\" srcset=\"https:\/\/espora13.com.br\/wp-content\/uploads\/2019\/05\/53264624_10157074513322552_7379234120720711680_n-300x199.jpg 300w, https:\/\/espora13.com.br\/wp-content\/uploads\/2019\/05\/53264624_10157074513322552_7379234120720711680_n-768x510.jpg 768w, https:\/\/espora13.com.br\/wp-content\/uploads\/2019\/05\/53264624_10157074513322552_7379234120720711680_n-177x118.jpg 177w, https:\/\/espora13.com.br\/wp-content\/uploads\/2019\/05\/53264624_10157074513322552_7379234120720711680_n.jpg 960w\" sizes=\"(max-width: 300px) 100vw, 300px\" \/><figcaption id=\"caption-attachment-1036\" class=\"wp-caption-text\">Queda na receita de bilheterias e do programa de s\u00f3cios, afetaram o balan\u00e7o do clube. Foto: Atl\u00e9tico\/Bruno Cantini\/Pedro Souza.<\/figcaption><\/figure>\n<p>Todos estes fatores, culminaram em uma gest\u00e3o marcada por protestos e cr\u00edticas; durante a reuni\u00e3o de aprova\u00e7\u00e3o do balan\u00e7o anual, o clima esquentou e houveram discuss\u00f5es, advert\u00eancias e relatos de uma poss\u00edvel puni\u00e7\u00e3o a quem questionou os n\u00fameros apresentados ao conselho.<\/p>\n<p>A torcida \u00e9 quem mais sofre com toda essa turbul\u00eancia vivida nos \u00faltimos tempos pelo clube, ap\u00f3s in\u00fameros protestos realizados na Sede de Lourdes e na Cidade do Galo, nos \u00faltimos dias, chamou aten\u00e7\u00e3o o protesto chamado \u201cp\u00fablico zero\u201d para a primeira rodada do time no Brasileir\u00e3o, com intuito de demonstrar, mais uma vez, a insatisfa\u00e7\u00e3o com a gest\u00e3o atual, o protesto obteve grande apoio das Torcidas organizadas do clube e a partida gerou uma das piores rendas da hist\u00f3ria da Arena Independ\u00eancia. Vivemos, p\u00e9ssimas fases com o Galo, por\u00e9m a torcida sempre foi o ponto forte para vencer as dificuldades, e nunca vimos o alvinegro abandonado por seu maior patrim\u00f4nio, ent\u00e3o percebe-se que a atual gest\u00e3o conseguiu afastar de si aquela que seria seu principal aliado para grandes conquistas.<\/p>\n<p>&nbsp;<\/p>\n<p>O balan\u00e7o provou que precisamos de mudan\u00e7a na vis\u00e3o proposta pela dire\u00e7\u00e3o alvinegra, os resultados s\u00e3o ruins em campo e fora dele, sendo esse um sinal verde para as esperadas mudan\u00e7as. Hora de melhorar o ambiente interno do clube, refor\u00e7ar o elenco com pe\u00e7as que cheguem e resolvam em campo, investir, buscar a torcida de volta e juntos sonhar com dias melhores. O meio da temporada se aproxima, e mais uma vez as perspectivas n\u00e3o s\u00e3o boas em rela\u00e7\u00e3o a conquistas, a desorganiza\u00e7\u00e3o extracampo, afeta diretamente o clube, vide as dificuldades encontradas para se contratar um t\u00e9cnico de ponta no pa\u00eds. A uni\u00e3o ser\u00e1 essencial para melhorar o ambiente, sendo que todos (conselheiros, diretoria, jogadores e torcida) devem se aproximar em prol da Institui\u00e7\u00e3o, o Galo \u00e9 muito grande e tem tudo para voltar ao caminho certo, n\u00e3o podemos jamais regredir, somente progredir e nos colocar sempre entre os melhores do pa\u00eds.<\/p>\n<p>&nbsp;<\/p>\n<figure id=\"attachment_1035\" aria-describedby=\"caption-attachment-1035\" style=\"width: 275px\" class=\"wp-caption aligncenter\"><img loading=\"lazy\" class=\"size-medium wp-image-1035\" src=\"https:\/\/espora13.com.br\/wp-content\/uploads\/2019\/05\/59403231_10157210413852552_8682481954588721152_n-275x300.jpg\" alt=\"\" width=\"275\" height=\"300\" srcset=\"https:\/\/espora13.com.br\/wp-content\/uploads\/2019\/05\/59403231_10157210413852552_8682481954588721152_n-275x300.jpg 275w, https:\/\/espora13.com.br\/wp-content\/uploads\/2019\/05\/59403231_10157210413852552_8682481954588721152_n-768x837.jpg 768w, https:\/\/espora13.com.br\/wp-content\/uploads\/2019\/05\/59403231_10157210413852552_8682481954588721152_n.jpg 881w\" sizes=\"(max-width: 275px) 100vw, 275px\" \/><figcaption id=\"caption-attachment-1035\" class=\"wp-caption-text\">\u00c9 hora de mudan\u00e7as e de colocar o Galo no topo. Foto: Atl\u00e9tico\/Bruno Cantini\/Pedro Souza<\/figcaption><\/figure>\n<p>N\u00e3o se pode cobrar a torcida mais apoio, pois a mesma compareceu em peso aos jogos esse ano, mas \u00e9 sempre bom lembrar que, N\u00f3s, atleticanos de verdade, movemos o Galo, n\u00f3s torcemos contra o vento, n\u00f3s buscamos resultados improv\u00e1veis e somente com a nossa for\u00e7a poderemos ver os bons ventos voltarem a Cidade do Galo.<\/p>\n<p>Um grande abra\u00e7o a Massa Atleticana!!! Nos encontramos aqui na nossa pr\u00f3xima coluna de not\u00edcias.<\/p>\n<p>Espora neles!<\/p>\n<p>Aki \u00e9 Galo, Sempre!!!<\/p>\n","protected":false},"excerpt":{"rendered":"<p>Dezembro de 2017, em elei\u00e7\u00e3o realizada na sede de Lourdes, Sergio Sette C\u00e2mara foi eleito presidente do Clube Atl\u00e9tico Mineiro,<\/p>\n","protected":false},"author":25,"featured_media":1033,"comment_status":"open","ping_status":"open","sticky":false,"template":"","format":"standard","meta":[],"categories":[83],"tags":[71],"_links":{"self":[{"href":"https:\/\/espora13.com.br\/index.php\/wp-json\/wp\/v2\/posts\/1032"}],"collection":[{"href":"https:\/\/espora13.com.br\/index.php\/wp-json\/wp\/v2\/posts"}],"about":[{"href":"https:\/\/espora13.com.br\/index.php\/wp-json\/wp\/v2\/types\/post"}],"author":[{"embeddable":true,"href":"https:\/\/espora13.com.br\/index.php\/wp-json\/wp\/v2\/users\/25"}],"replies":[{"embeddable":true,"href":"https:\/\/espora13.com.br\/index.php\/wp-json\/wp\/v2\/comments?post=1032"}],"version-history":[{"count":4,"href":"https:\/\/espora13.com.br\/index.php\/wp-json\/wp\/v2\/posts\/1032\/revisions"}],"predecessor-version":[{"id":1041,"href":"https:\/\/espora13.com.br\/index.php\/wp-json\/wp\/v2\/posts\/1032\/revisions\/1041"}],"wp:featuredmedia":[{"embeddable":true,"href":"https:\/\/espora13.com.br\/index.php\/wp-json\/wp\/v2\/media\/1033"}],"wp:attachment":[{"href":"https:\/\/espora13.com.br\/index.php\/wp-json\/wp\/v2\/media?parent=1032"}],"wp:term":[{"taxonomy":"category","embeddable":true,"href":"https:\/\/espora13.com.br\/index.php\/wp-json\/wp\/v2\/categories?post=1032"},{"taxonomy":"post_tag","embeddable":true,"href":"https:\/\/espora13.com.br\/index.php\/wp-json\/wp\/v2\/tags?post=1032"}],"curies":[{"name":"wp","href":"https:\/\/api.w.org\/{rel}","templated":true}]}}