{"id":1273,"date":"2019-05-28T15:42:15","date_gmt":"2019-05-28T18:42:15","guid":{"rendered":"http:\/\/espora13.com.br\/?p=1273"},"modified":"2019-05-28T15:42:15","modified_gmt":"2019-05-28T18:42:15","slug":"atletico-e-salvo-por-victor-mas-perde-para-o-gremio-pelo-brasileiro","status":"publish","type":"post","link":"https:\/\/espora13.com.br\/index.php\/2019\/05\/28\/atletico-e-salvo-por-victor-mas-perde-para-o-gremio-pelo-brasileiro\/","title":{"rendered":"Atl\u00e9tico \u00e9 salvo por Victor, mas perde para o Gr\u00eamio pelo Brasileiro!"},"content":{"rendered":"<p>O Galo viajou para Porto Alegre para enfrentar o Gr\u00eamio pelo Campeonato Brasileiro. A escala\u00e7\u00e3o foi: Victor; Patric, Leonardo Silva, Igor Rabello, F\u00e1bio Santos; Z\u00e9 Welison (Nathan), Jair, Cazares (Geuv\u00e2nio); Char\u00e1. Luan (Bruninho), Ricardo Oliveira.<\/p>\n<p>Os cen\u00e1rios antes da partida come\u00e7ar eram distintos. Enquanto o Atl\u00e9tico gozava de uma posi\u00e7\u00e3o dentro do G-4 ap\u00f3s uma boa arrancada no Brasileir\u00e3o, o Gr\u00eamio chegava \u00e0 partida pressionado, sem conseguir fazer gols e com a confian\u00e7a de sua torcida abalada. Quando a partida come\u00e7ou, entretanto, pareceu que o Atl\u00e9tico era a equipe em crise. O Alvinegro foi bastante pressionado, desde o in\u00edcio da partida, por um Gr\u00eamio disposto a encerrar sua m\u00e1-fase. Acuado e sem conseguir sair jogando, o Atl\u00e9tico dava a posse de bola com facilidade para os tricolores. Bem pressionados na defesa, os atleticanos come\u00e7aram a contar com o goleiro Victor, com belas defesas. O Gr\u00eamio finalizava como bem queria, de dentro da \u00e1rea, de fora da \u00e1rea, cruzando, chegando com a bola no ch\u00e3o.<\/p>\n<p>Aos 45 minutos o \u00e1rbitro de v\u00eddeo flagrou toque de m\u00e3o de Z\u00e9 Welison dentro da \u00e1rea e marcou p\u00eanalti para o Gr\u00eamio. Na cobran\u00e7a, o ex-atleticano Andr\u00e9 mandou para fora. O primeiro tempo terminou 0 a 0, mas com um claro sentimento de que o Atl\u00e9tico havia sa\u00eddo no lucro, dadas as in\u00fameras chances e dom\u00ednio territorial do Gr\u00eamio.<\/p>\n<p>O segundo tempo n\u00e3o come\u00e7ou melhor para o Galo. Logo a 1 minuto, sem que houvesse tempo para pensamentos ou coment\u00e1rios, Felipe Vizeu pegou sobra de escanteio e fez o gol do imortal tricolor. O gol trouxe justi\u00e7a no placar, pois s\u00f3 o Gr\u00eamio jogava futebol na Arena.<\/p>\n<p>Mesmo ap\u00f3s o gol, os donos da casa continuaram ofensivos, tentando se aproveitar do bom momento na partida. O Galo se viu obrigado a atacar mais e tentou sair para o jogo, mas sem efetividade. Rodrigo Santana trocou Cazares por Geuv\u00e2nio. A entrada do atacante rendeu as primeiras boas jogadas de perigo do Atl\u00e9tico no segundo tempo, obrigando o gremista Paulo Victor a fazer duas boas defesas.<\/p>\n<p>O treinador atleticano ainda promoveu as entradas de Nathan e Bruninho, no lugar, respectivamente, de Z\u00e9 Welison e Luan, mas as mudan\u00e7as n\u00e3o conseguiram elevar o patamar do Atl\u00e9tico na partida.<\/p>\n<p>Inferior em campo, o Galo n\u00e3o conseguiu fazer o gol e viu o Gr\u00eamio assegurar a vit\u00f3ria por 1 a 0 diante da torcida tricolor.<\/p>\n<figure id=\"attachment_1276\" aria-describedby=\"caption-attachment-1276\" style=\"width: 330px\" class=\"wp-caption alignnone\"><img loading=\"lazy\" class=\" wp-image-1276\" src=\"https:\/\/espora13.com.br\/wp-content\/uploads\/2019\/05\/47931964966_b65a388652_o-300x200.jpg\" alt=\"\" width=\"330\" height=\"220\" srcset=\"https:\/\/espora13.com.br\/wp-content\/uploads\/2019\/05\/47931964966_b65a388652_o-300x200.jpg 300w, https:\/\/espora13.com.br\/wp-content\/uploads\/2019\/05\/47931964966_b65a388652_o-768x512.jpg 768w, https:\/\/espora13.com.br\/wp-content\/uploads\/2019\/05\/47931964966_b65a388652_o-1024x683.jpg 1024w, https:\/\/espora13.com.br\/wp-content\/uploads\/2019\/05\/47931964966_b65a388652_o-177x118.jpg 177w, https:\/\/espora13.com.br\/wp-content\/uploads\/2019\/05\/47931964966_b65a388652_o-272x182.jpg 272w\" sizes=\"(max-width: 330px) 100vw, 330px\" \/><figcaption id=\"caption-attachment-1276\" class=\"wp-caption-text\">Foto: Bruno Cantini \/ Atl\u00e9tico.<\/figcaption><\/figure>\n<p>O Atl\u00e9tico precisa de contrata\u00e7\u00f5es. Torcida, imprensa e at\u00e9 a pr\u00f3pria comiss\u00e3o t\u00e9cnica sabem disso. A derrota de ontem \u00e9 o reflexo de um time sem recursos e em in\u00edcio de trabalho.<\/p>\n<p>A derrota n\u00e3o foi para um Gr\u00eamio em crise, para quem era lanterna do Campeonato, at\u00e9 porque o este sairia naturalmente da zona da degola.<\/p>\n<p>A derrota \u00e9 para um Gr\u00eamio de melhores jogadores: um time que tem o mesmo treinador h\u00e1 3 anos. O Gr\u00eamio \u00e9 melhor equipe que o Atl\u00e9tico no momento. A quest\u00e3o, entretanto, n\u00e3o \u00e9 nem perder para eles. O problema foi como o Galo perdeu: jogando de maneira covarde e com certeza sem brilho.<\/p>\n<p>Um time que joga com estrat\u00e9gia defensiva depende da concentra\u00e7\u00e3o e qualidade de seus jogadores para conseguir fazer uma boa partida. E tudo o que os jogadores do alvinegro n\u00e3o tiveram ontem foi concentra\u00e7\u00e3o. Queremos mais do que isso visto ontem.<\/p>\n<p>O Galo volta a jogar ter\u00e7a-feira contra o Uni\u00f3n La Calera, partida de volta pela Copa Sulamericana.<\/p>\n<p>Esporada neles, Galo!<\/p>\n","protected":false},"excerpt":{"rendered":"<p>O Galo viajou para Porto Alegre para enfrentar o Gr\u00eamio pelo Campeonato Brasileiro. A escala\u00e7\u00e3o foi: Victor; Patric, Leonardo Silva,<\/p>\n","protected":false},"author":14,"featured_media":1276,"comment_status":"open","ping_status":"open","sticky":false,"template":"","format":"standard","meta":[],"categories":[75],"tags":[84],"_links":{"self":[{"href":"https:\/\/espora13.com.br\/index.php\/wp-json\/wp\/v2\/posts\/1273"}],"collection":[{"href":"https:\/\/espora13.com.br\/index.php\/wp-json\/wp\/v2\/posts"}],"about":[{"href":"https:\/\/espora13.com.br\/index.php\/wp-json\/wp\/v2\/types\/post"}],"author":[{"embeddable":true,"href":"https:\/\/espora13.com.br\/index.php\/wp-json\/wp\/v2\/users\/14"}],"replies":[{"embeddable":true,"href":"https:\/\/espora13.com.br\/index.php\/wp-json\/wp\/v2\/comments?post=1273"}],"version-history":[{"count":8,"href":"https:\/\/espora13.com.br\/index.php\/wp-json\/wp\/v2\/posts\/1273\/revisions"}],"predecessor-version":[{"id":1291,"href":"https:\/\/espora13.com.br\/index.php\/wp-json\/wp\/v2\/posts\/1273\/revisions\/1291"}],"wp:featuredmedia":[{"embeddable":true,"href":"https:\/\/espora13.com.br\/index.php\/wp-json\/wp\/v2\/media\/1276"}],"wp:attachment":[{"href":"https:\/\/espora13.com.br\/index.php\/wp-json\/wp\/v2\/media?parent=1273"}],"wp:term":[{"taxonomy":"category","embeddable":true,"href":"https:\/\/espora13.com.br\/index.php\/wp-json\/wp\/v2\/categories?post=1273"},{"taxonomy":"post_tag","embeddable":true,"href":"https:\/\/espora13.com.br\/index.php\/wp-json\/wp\/v2\/tags?post=1273"}],"curies":[{"name":"wp","href":"https:\/\/api.w.org\/{rel}","templated":true}]}}