{"id":1331,"date":"2019-06-02T23:34:55","date_gmt":"2019-06-03T02:34:55","guid":{"rendered":"http:\/\/espora13.com.br\/?p=1331"},"modified":"2019-06-03T08:47:57","modified_gmt":"2019-06-03T11:47:57","slug":"galo-goleia-o-csa-e-se-mantem-na-vice-lideranca-do-brasileirao","status":"publish","type":"post","link":"https:\/\/espora13.com.br\/index.php\/2019\/06\/02\/galo-goleia-o-csa-e-se-mantem-na-vice-lideranca-do-brasileirao\/","title":{"rendered":"Galo goleia o CSA e se mant\u00e9m na Vice-lideran\u00e7a do Brasileir\u00e3o"},"content":{"rendered":"<p>O Atl\u00e9tico recebeu o CSA-AL no Independ\u00eancia, em partida v\u00e1lida pela 7\u00aa rodada do Campeonato Brasileiro. Embalados pela vit\u00f3ria diante do Uni\u00f3n La Calera (CHI) quatro dias antes, os jogadores do Galo foram a campo para defender a segunda posi\u00e7\u00e3o no campeonato, torcendo por um trope\u00e7o do Palmeiras para, caso vencessem o CSA, poder terminar a rodada na lideran\u00e7a.<\/p>\n<p>&nbsp;<\/p>\n<p><span style=\"font-size: 14pt;\"><strong>O jogo<\/strong><\/span><\/p>\n<p>&nbsp;<\/p>\n<p>O Galo j\u00e1 come\u00e7ou a partida de forma intensa. Com cinco minutos de jogo, j\u00e1 havia obrigado o goleiro Jordi a fazer duas defesas, al\u00e9m de ter marcado um gol, que foi anulado (bem anulado por sinal), com Alerrandro. Impressionou n\u00e3o s\u00f3 o dom\u00ednio de posse de bola do Atl\u00e9tico, mas tamb\u00e9m o ataque pelos espa\u00e7os. Char\u00e1, Cazares e Alerrandro infernizavam a defesa do CSA, enquanto Luan e Elias vinham sempre de tr\u00e1s com velocidade. O quarteto ofensivo composto por Luan, Cazares, Char\u00e1 e Alerrandro se mostrou muito entrosado, conseguindo articular jogadas com velocidade e com bons passes e movimenta\u00e7\u00f5es. Vindos de tr\u00e1s, os laterais F\u00e1bio Santos e Patric davam op\u00e7\u00e3o ofensiva, criando ainda mais problemas para os visitantes. Char\u00e1 acertou a trave dos alagoanos, ao fazer grande jogada partindo de tr\u00e1s, driblando, invadindo a grande \u00e1rea e finalizando rasteiro. Pouco tempo depois, saiu o gol alvinegro. Alerrandro recebeu belo passe pelo meio e s\u00f3 foi parado com p\u00eanalti. F\u00e1bio Santos cobrou, o goleiro Jordi chegou a tocar na bola, mas ela entrou. Com vantagem no placar, o Galo n\u00e3o recuou, continuou se impondo, e foi premiado novamente poucos minutos ap\u00f3s o primeiro gol. Cazares cobrou falta na entrada da \u00e1rea, e a bola entrou no \u00e2ngulo. Gola\u00e7o do camisa 10, e dois tentos a zero no placar. Mesmo com 2 a 0 a favor, o Galo n\u00e3o abriu m\u00e3o de jogar, s\u00f3 que agora mantendo mais a posse de bola. Os jogadores alvinegros demonstraram tranquilidade e bom posicionamento, trocando passes com qualidade desde o campo de defesa at\u00e9 o ataque. O CSA ensaiava press\u00e3o na sa\u00edda de bola, mas era facilmente dominado. O Atl\u00e9tico criou mais algumas chances, mas o primeiro tempo terminou sem mais gols.<\/p>\n<figure id=\"attachment_1335\" aria-describedby=\"caption-attachment-1335\" style=\"width: 300px\" class=\"wp-caption alignnone\"><img loading=\"lazy\" class=\"size-medium wp-image-1335\" src=\"https:\/\/espora13.com.br\/wp-content\/uploads\/2019\/06\/47990293007_1269f43d82_o-300x230.jpg\" alt=\"\" width=\"300\" height=\"230\" srcset=\"https:\/\/espora13.com.br\/wp-content\/uploads\/2019\/06\/47990293007_1269f43d82_o-300x230.jpg 300w, https:\/\/espora13.com.br\/wp-content\/uploads\/2019\/06\/47990293007_1269f43d82_o-768x590.jpg 768w, https:\/\/espora13.com.br\/wp-content\/uploads\/2019\/06\/47990293007_1269f43d82_o-1024x786.jpg 1024w\" sizes=\"(max-width: 300px) 100vw, 300px\" \/><figcaption id=\"caption-attachment-1335\" class=\"wp-caption-text\">Foto: Bruno Cantini \/ Atletico.<\/figcaption><\/figure>\n<p>Antes que todos pudessem fazer uma an\u00e1lise quanto a como os times haviam voltado para a segunda etapa, o Galo j\u00e1 marcou mais um gol. Char\u00e1 recebeu na \u00e1rea, ganhou do zagueiro e bateu rasteiro marcando o terceiro gol do Alvinegro, para festa total na arquibancada. Ainda mais na frente no placar, o mandante recuou um pouco suas linhas de marca\u00e7\u00e3o e deu a bola para o CSA por alguns momentos. O time visitante, entretanto, errava demais e parava na boa marca\u00e7\u00e3o atleticana. Vendo um jogo mais favor\u00e1vel para contra-ataques em velocidade, Rodrigo Santana sacou Luan e Char\u00e1, colocando em campo, respectivamente, Vin\u00edcius e Geuv\u00e2nio. O primeiro fez um jogo mediano, finalizando com perigo algumas vezes, enquanto o segundo causou problemas para a defesa dos visitantes, dando bons dribles e sendo \u00e1gil, ainda dando grande passe para Alerrandro que, cara a cara com o goleiro, bateu por cobertura e acertou a trave. O Galo, soberano na partida, controlou o jogo mantendo a posse de bola, com direito a &#8220;Ol\u00e9&#8221; gritado pelos torcedores presentes no Est\u00e1dio do Independ\u00eancia. Confiante, o Atl\u00e9tico fez ainda mais um gol, sacramentando a goleada. Patric fez grande jogada pela direita e tocou para Alerrandro. O centroavante fez o piv\u00f4 e escorou para o volante Ad\u00edlson mandar para as redes. O gol fechou a partida com goleada atleticana e uma grande exibi\u00e7\u00e3o em campo. O pr\u00f3ximo compromisso do Galo agora \u00e9 contra o Santos, na pr\u00f3xima quinta-feira, em jogo de volta da Copa do Brasil.<\/p>\n<p>&nbsp;<\/p>\n<p><strong><span style=\"font-size: 18pt;\">Opini\u00e3o final<\/span><\/strong><\/p>\n<p>&nbsp;<\/p>\n<p>O Galo mostrou um futebol coletivo impec\u00e1vel, como n\u00e3o v\u00edamos h\u00e1 tempos. Todos os setores (defesa, meio e ataque) se ajudaram, e o Galo defendeu e atacou de forma compacta. Com um coletivo forte, todos os atletas se destacaram. Mas o destaque especial vai para Patric, fazendo uma de suas melhores exibi\u00e7\u00f5es com a camisa do Atl\u00e9tico; Cazares e Char\u00e1, os quais desfilaram qualidade t\u00e9cnica em campo; e para Alerrandro, que n\u00e3o fez gols, mas foi importante por seu posicionamento. O sistema defensivo funcionou bem, facilitando a vida do goleiro Victor e transmitindo confian\u00e7a e vigor. O treinador Rodrigo Santana vai dando um senso coletivo e organizacional interessantes e bem trabalhados, passando a equipe de um modelo de jogo defensivo para um modelo de jogo de proposi\u00e7\u00e3o com sucesso.<\/p>\n<p>&nbsp;<\/p>\n<p><strong><span style=\"font-size: 18pt;\">Ficha t\u00e9cnica<\/span><\/strong><\/p>\n<p>&nbsp;<\/p>\n<p id=\"p498907-m557-3-558\" class=\"paragraph\"><b>Atl\u00e9tico-MG 4 x 0 CSA<\/b><br \/>\n<b><\/b><\/p>\n<p class=\"paragraph\"><b>Data\/Hora:\u00a0<\/b>2\/6\/2019, \u00e0s 19h (hor\u00e1rio de Bras\u00edlia)<br \/>\n<b>Local:\u00a0<\/b>Independ\u00eancia, Belo Horizonte\/MG<br \/>\n<b>\u00c1rbitro:\u00a0<\/b>Diego Pombo Lopez (BA)<br \/>\n<b>Auxiliares<\/b><strong>:<\/strong> Alessandro Alvaro Rocha de Matos e Jucimar dos Santos Dias (BA)<br \/>\n<b>Cart\u00f5es amarelos: <\/b>Apodi e G\u00e9rson (CSA)<br \/>\n<b>P\u00fablico e renda: <\/b>14.116 presentes \/ R$ 213.575,00.<\/p>\n<p id=\"p498907-m578-4-579\" class=\"paragraph\"><b>Gols:<\/b> F\u00e1bio Santos (P\u00eanalti), aos 19\u2019 do 1\u00ba tempo; Cazares, aos 22\u2019 do 1\u00ba tempo; Char\u00e1, aos 4&#8242; do 2\u00ba tempo; e Ad\u00edlson, aos 30\u2019 do 2\u00ba tempo.<\/p>\n<p>&nbsp;<\/p>\n<p><strong>Escala\u00e7\u00f5es<\/strong><\/p>\n<p><b>Atl\u00e9tico-MG: <\/b>Victor; Patric, R\u00e9ver, Igor Rabello e F\u00e1bio Santos; Ad\u00edlson, Elias (Bruninho, aos 40\u2019 do 2\u00ba tempo) e Luan (Vin\u00edcius, aos 18\u2019 do 2\u00ba tempo); Cazares, Char\u00e1 (Geuv\u00e2nio, aos 18\u2019 do 2\u00ba tempo) e Alerrandro. T\u00e9cnico: Rodrigo Santana.<\/p>\n<p><b>CSA:\u00a0<\/b>Jordi; Apodi (Celsinho, aos 35\u2019 do 2\u00ba tempo), Gerson, Luciano Cast\u00e1n e Carlinhos; Dahwan, Naldo, Didira (Cassiano, aos 11\u2019 do 2\u00ba tempo), Maranh\u00e3o (Victor Para\u00edba, aos 24\u2019 do 2\u00ba tempo) e Matheus S\u00e1vio; Patrick Fabiano. T\u00e9cnico: Marcelo Cabo.<\/p>\n","protected":false},"excerpt":{"rendered":"<p>O Atl\u00e9tico recebeu o CSA-AL no Independ\u00eancia, em partida v\u00e1lida pela 7\u00aa rodada do Campeonato Brasileiro. Embalados pela vit\u00f3ria diante<\/p>\n","protected":false},"author":14,"featured_media":1335,"comment_status":"open","ping_status":"open","sticky":false,"template":"","format":"standard","meta":[],"categories":[75],"tags":[84],"_links":{"self":[{"href":"https:\/\/espora13.com.br\/index.php\/wp-json\/wp\/v2\/posts\/1331"}],"collection":[{"href":"https:\/\/espora13.com.br\/index.php\/wp-json\/wp\/v2\/posts"}],"about":[{"href":"https:\/\/espora13.com.br\/index.php\/wp-json\/wp\/v2\/types\/post"}],"author":[{"embeddable":true,"href":"https:\/\/espora13.com.br\/index.php\/wp-json\/wp\/v2\/users\/14"}],"replies":[{"embeddable":true,"href":"https:\/\/espora13.com.br\/index.php\/wp-json\/wp\/v2\/comments?post=1331"}],"version-history":[{"count":8,"href":"https:\/\/espora13.com.br\/index.php\/wp-json\/wp\/v2\/posts\/1331\/revisions"}],"predecessor-version":[{"id":1375,"href":"https:\/\/espora13.com.br\/index.php\/wp-json\/wp\/v2\/posts\/1331\/revisions\/1375"}],"wp:featuredmedia":[{"embeddable":true,"href":"https:\/\/espora13.com.br\/index.php\/wp-json\/wp\/v2\/media\/1335"}],"wp:attachment":[{"href":"https:\/\/espora13.com.br\/index.php\/wp-json\/wp\/v2\/media?parent=1331"}],"wp:term":[{"taxonomy":"category","embeddable":true,"href":"https:\/\/espora13.com.br\/index.php\/wp-json\/wp\/v2\/categories?post=1331"},{"taxonomy":"post_tag","embeddable":true,"href":"https:\/\/espora13.com.br\/index.php\/wp-json\/wp\/v2\/tags?post=1331"}],"curies":[{"name":"wp","href":"https:\/\/api.w.org\/{rel}","templated":true}]}}