{"id":1342,"date":"2019-06-04T21:58:37","date_gmt":"2019-06-05T00:58:37","guid":{"rendered":"http:\/\/espora13.com.br\/?p=1342"},"modified":"2019-06-04T21:58:37","modified_gmt":"2019-06-05T00:58:37","slug":"patric-mostra-sua-importancia-e-amplia-o-caso-de-amor-e-odio-com-a-torcida","status":"publish","type":"post","link":"https:\/\/espora13.com.br\/index.php\/2019\/06\/04\/patric-mostra-sua-importancia-e-amplia-o-caso-de-amor-e-odio-com-a-torcida\/","title":{"rendered":"Patric mostra sua import\u00e2ncia, e amplia o caso de amor e \u00f3dio com a torcida"},"content":{"rendered":"<figure id=\"attachment_1335\" aria-describedby=\"caption-attachment-1335\" style=\"width: 3000px\" class=\"wp-caption aligncenter\"><img loading=\"lazy\" class=\"size-full wp-image-1335\" src=\"https:\/\/espora13.com.br\/wp-content\/uploads\/2019\/06\/47990293007_1269f43d82_o.jpg\" alt=\"\" width=\"3000\" height=\"2304\" srcset=\"https:\/\/espora13.com.br\/wp-content\/uploads\/2019\/06\/47990293007_1269f43d82_o.jpg 3000w, https:\/\/espora13.com.br\/wp-content\/uploads\/2019\/06\/47990293007_1269f43d82_o-300x230.jpg 300w, https:\/\/espora13.com.br\/wp-content\/uploads\/2019\/06\/47990293007_1269f43d82_o-768x590.jpg 768w, https:\/\/espora13.com.br\/wp-content\/uploads\/2019\/06\/47990293007_1269f43d82_o-1024x786.jpg 1024w\" sizes=\"(max-width: 3000px) 100vw, 3000px\" \/><figcaption id=\"caption-attachment-1335\" class=\"wp-caption-text\">Foto: Bruno Cantini \/ Atletico.<\/figcaption><\/figure>\n<p>&nbsp;<\/p>\n<p>Exemplo de dedica\u00e7\u00e3o e disciplina, aliados a uma enorme for\u00e7a de vontade e orgulho em vestir a camisa alvinegra, jogador com mais de 150 jogos e com quase 10 anos de clube, multifuncional chegando a atuar em praticamente todas as posi\u00e7\u00f5es poss\u00edveis dentro de campo, este \u00e9 Patric, um verdadeiro caso de amor e \u00f3dio dentro do alvinegro, e nesta temporada n\u00e3o est\u00e1 sendo diferente para o jogador. Sempre muito questionado durante toda sua passagem pelo clube, Patric come\u00e7ou a temporada 2019 com a miss\u00e3o de ser o titular alvinegro, mesmo com a chegada do jovem lateral Guga, contratado junto ao Ava\u00ed.<\/p>\n<p>Patric \u00e9 aquele atleta que \u201ctodo treinador gosta\u201d, um jogador que veste a camisa verdadeiramente, um l\u00edder de elenco, jogador que instrui os mais jovens, que acata as decis\u00f5es da comiss\u00e3o, que joga nas fun\u00e7\u00f5es necess\u00e1rias, que prega a uni\u00e3o do elenco, n\u00e3o se abala com cr\u00edticas e que busca ser \u00fatil a todo tempo. \u00c9 muito comum ver o lateral, quando est\u00e1 na reserva, a beira do gramado muitas vezes orientando, incentivando e auxiliando os atletas que est\u00e3o jogando, fatos estes que colaboram para que o jogador tenha o respeito e seja destacado como fundamental ao elenco do clube.<\/p>\n<p>O in\u00edcio de temporada foi dif\u00edcil para todo elenco, a elimina\u00e7\u00e3o precoce na Copa Libertadores e a derrota na decis\u00e3o campeonato mineiro, colocaram o time do, ent\u00e3o t\u00e9cnico Levir Culpi, em xeque, e para Patric n\u00e3o foi diferente. Sendo ele, um dos atletas mais cobrados pela torcida e alvo de cr\u00edticas e vaias a todo momento, o lateral foi considerado um dos grandes vil\u00f5es para a p\u00e9ssima fase que o clube passava, e assim, o atleta foi perdendo confian\u00e7a, espa\u00e7o e consequentemente a titularidade para o lateral direito Guga, que era muito solicitado pela torcida. Patric n\u00e3o se abalou, como caracter\u00edstica marcante, aguardou por suas oportunidades e foi frequente em ajudar, mesmo fora do campo, com apoio rotineiro. Durante os jogos ele \u00e9 muitas vezes, uma esp\u00e9cie de \u201cauxiliar\u201d t\u00e9cnico de Rodrigo Santana \u00e0 beira do campo, tido tamb\u00e9m, como um grande apoiador para o grupo de atletas nos momentos mais dif\u00edceis, o verdadeiro \u201cpaiz\u00e3o\u201d e conselheiro, fatos que refletem em sua import\u00e2ncia no dia a dia do clube, e fazem do lateral um dos atletas mais queridos dentro da Cidade do Galo.<\/p>\n<p>Ent\u00e3o ap\u00f3s um per\u00edodo amargando a reserva e com poucas oportunidades, a aguardada oportunidade surgiu, e Patric vem sendo titular nos \u00faltimos jogos do clube, come\u00e7ou atuando improvisado, mais uma vez, na lateral esquerda no lugar de F\u00e1bio Santos, lesionado, e n\u00e3o decepcionou. Mostrando a vontade de sempre e uma boa marca\u00e7\u00e3o, foi pe\u00e7a importante na vit\u00f3ria diante do Flamengo, no Independ\u00eancia, jogo que foi muito exigido com o time jogando com um atleta a menos durante quase toda partida. Ap\u00f3s isso, o atleta contou com a convoca\u00e7\u00e3o para a sele\u00e7\u00e3o de base, do titular Guga, e se manteve entre os titulares. O auge desse bom momento, foi o \u00faltimo jogo diante da equipe do CSA, atuando na lateral direita, mais uma vez o atleta foi bem, participando efetivamente do jogo, o atleta se soltou e ap\u00f3s lance do quarto gol, iniciado com \u201cpedaladas\u201d pelo lateral, das arquibancadas surgiram os gritos exaltando o lateral, que foi considerado, mais uma vez, um dos melhores em campo.<\/p>\n<p>E mais uma vez a rela\u00e7\u00e3o de amor e \u00f3dio com a torcida vem \u00e0 tona na vida do lateral.<\/p>\n<p>Patric demonstra a todo tempo sua import\u00e2ncia dentro do elenco atual, \u00e9 preciso avaliar os resultados e o rendimento em campo, o atleta n\u00e3o \u00e9 considerado um grande titular, por\u00e9m nas oportunidades recebidas percebe-se a efici\u00eancia e a vontade em ajudar, ent\u00e3o, mesmo sabendo de suas defici\u00eancias e bem melhor se ter um atleta como ele para se colocar em campo quando necess\u00e1rio.<\/p>\n<p>A hist\u00f3ria do jogador no clube deve ter mais p\u00e1ginas a diante, com contrato renovado \u00e9 poss\u00edvel que o jogador complete os 10 anos de clube, a comiss\u00e3o precisa entender e avaliar sua import\u00e2ncia e que a perman\u00eancia nas pr\u00f3ximas temporadas seja justificada pelos feitos do atleta em campo. \u00c9 bom ver a vontade que ele tem ao entrar em campo, o quanto ele gosta de vestir a camisa alvinegra, sua empatia com o pr\u00f3ximo e como ele quer vencer com este grupo. Mesmo criticando seu futebol, quando necess\u00e1rio; \u00e9 preciso reconhecer sua capacidade e o quanto ele pode ser \u00fatil para esta temporada na Cidade do Galo.<\/p>\n<p>Vamos Galo, e boa sorte sempre ao \u201cPatric\u00e3o\u201d da massa!<\/p>\n<p>&nbsp;<\/p>\n<p>Um grande abra\u00e7o a Massa Atleticana!!! Nos encontramos aqui na nossa pr\u00f3xima coluna de not\u00edcias.<\/p>\n<p>Espora neles!<\/p>\n<p>Aqui \u00e9 Galo, Sempre!<\/p>\n<p>&nbsp;<\/p>\n","protected":false},"excerpt":{"rendered":"<p>&nbsp; Exemplo de dedica\u00e7\u00e3o e disciplina, aliados a uma enorme for\u00e7a de vontade e orgulho em vestir a camisa alvinegra,<\/p>\n","protected":false},"author":25,"featured_media":1335,"comment_status":"open","ping_status":"open","sticky":false,"template":"","format":"standard","meta":[],"categories":[83],"tags":[71],"_links":{"self":[{"href":"https:\/\/espora13.com.br\/index.php\/wp-json\/wp\/v2\/posts\/1342"}],"collection":[{"href":"https:\/\/espora13.com.br\/index.php\/wp-json\/wp\/v2\/posts"}],"about":[{"href":"https:\/\/espora13.com.br\/index.php\/wp-json\/wp\/v2\/types\/post"}],"author":[{"embeddable":true,"href":"https:\/\/espora13.com.br\/index.php\/wp-json\/wp\/v2\/users\/25"}],"replies":[{"embeddable":true,"href":"https:\/\/espora13.com.br\/index.php\/wp-json\/wp\/v2\/comments?post=1342"}],"version-history":[{"count":3,"href":"https:\/\/espora13.com.br\/index.php\/wp-json\/wp\/v2\/posts\/1342\/revisions"}],"predecessor-version":[{"id":1346,"href":"https:\/\/espora13.com.br\/index.php\/wp-json\/wp\/v2\/posts\/1342\/revisions\/1346"}],"wp:featuredmedia":[{"embeddable":true,"href":"https:\/\/espora13.com.br\/index.php\/wp-json\/wp\/v2\/media\/1335"}],"wp:attachment":[{"href":"https:\/\/espora13.com.br\/index.php\/wp-json\/wp\/v2\/media?parent=1342"}],"wp:term":[{"taxonomy":"category","embeddable":true,"href":"https:\/\/espora13.com.br\/index.php\/wp-json\/wp\/v2\/categories?post=1342"},{"taxonomy":"post_tag","embeddable":true,"href":"https:\/\/espora13.com.br\/index.php\/wp-json\/wp\/v2\/tags?post=1342"}],"curies":[{"name":"wp","href":"https:\/\/api.w.org\/{rel}","templated":true}]}}