{"id":1575,"date":"2019-07-03T09:14:46","date_gmt":"2019-07-03T12:14:46","guid":{"rendered":"http:\/\/espora13.com.br\/?p=1575"},"modified":"2019-07-03T09:14:46","modified_gmt":"2019-07-03T12:14:46","slug":"por-pouco-kratos-nao-foi-o-protagonista-do-novo-god-of-war-afirma-o-diretor","status":"publish","type":"post","link":"https:\/\/espora13.com.br\/index.php\/2019\/07\/03\/por-pouco-kratos-nao-foi-o-protagonista-do-novo-god-of-war-afirma-o-diretor\/","title":{"rendered":"Por pouco Kratos n\u00e3o foi o protagonista do novo God of War, afirma o diretor"},"content":{"rendered":"<p>&nbsp;<\/p>\n<p>Salve, salve Massa! Sou o Leonardo Rezende e estou aqui para comentar um assunto que bombou nas redes sociais nos \u00faltimos dias. Apesar de Kratos e God of War serem insepar\u00e1veis, o \u201cdeus da guerra\u201d quase ficou fora do novo game da franquia, sendo lan\u00e7ado e tendo faturado diversos pr\u00eamios de melhor jogo do ano de 2018. Cory Barlog, diretor do jogo, disse em uma entrevista que inicialmente alguns membros da equipe de desenvolvimento n\u00e3o queriam a presen\u00e7a de Kratos no jogo.<\/p>\n<p><strong>\u201cNo come\u00e7o das discuss\u00f5es, as pessoas estavam dizendo que precisavamos nos livrar do Kratos. Era algo como: \u2018ele j\u00e1 est\u00e1 acabado, ele \u00e9 irritante.\u2019 A equipe realmente n\u00e3o gostava mais do personagem, as pessoas queriam um novo personagem. Foi preciso muito convencimento para faz\u00ea-los pensar que era uma boa ideia.\u201d &#8211; Cory Barlog<\/strong><\/p>\n<p>Segundo Cory, o lado anti-her\u00f3i do protagonista vinha incomodando as pessoas, porque era algo novo no passado, mas que se tornou comum e desinteressante hoje em dia. Outro argumento usado pelos revolucion\u00e1rios que pediam um novo protagonista era de que a mitologia acerca da franquia deveria ser o principal, e n\u00e3o Kratos. Por\u00e9m acabou que o Fantasma de Esparta se manteve como protagonista e mais uma vez brilhou em um dos melhores jogos de 2018.<\/p>\n<p>Por hoje \u00e9 s\u00f3 pessoal, muito obrigado e at\u00e9 mais. Esporada neles Galo!!!<\/p>\n","protected":false},"excerpt":{"rendered":"<p>&nbsp; Salve, salve Massa! Sou o Leonardo Rezende e estou aqui para comentar um assunto que bombou nas redes sociais<\/p>\n","protected":false},"author":17,"featured_media":1576,"comment_status":"open","ping_status":"open","sticky":false,"template":"","format":"standard","meta":[],"categories":[21],"tags":[71],"_links":{"self":[{"href":"https:\/\/espora13.com.br\/index.php\/wp-json\/wp\/v2\/posts\/1575"}],"collection":[{"href":"https:\/\/espora13.com.br\/index.php\/wp-json\/wp\/v2\/posts"}],"about":[{"href":"https:\/\/espora13.com.br\/index.php\/wp-json\/wp\/v2\/types\/post"}],"author":[{"embeddable":true,"href":"https:\/\/espora13.com.br\/index.php\/wp-json\/wp\/v2\/users\/17"}],"replies":[{"embeddable":true,"href":"https:\/\/espora13.com.br\/index.php\/wp-json\/wp\/v2\/comments?post=1575"}],"version-history":[{"count":4,"href":"https:\/\/espora13.com.br\/index.php\/wp-json\/wp\/v2\/posts\/1575\/revisions"}],"predecessor-version":[{"id":1586,"href":"https:\/\/espora13.com.br\/index.php\/wp-json\/wp\/v2\/posts\/1575\/revisions\/1586"}],"wp:featuredmedia":[{"embeddable":true,"href":"https:\/\/espora13.com.br\/index.php\/wp-json\/wp\/v2\/media\/1576"}],"wp:attachment":[{"href":"https:\/\/espora13.com.br\/index.php\/wp-json\/wp\/v2\/media?parent=1575"}],"wp:term":[{"taxonomy":"category","embeddable":true,"href":"https:\/\/espora13.com.br\/index.php\/wp-json\/wp\/v2\/categories?post=1575"},{"taxonomy":"post_tag","embeddable":true,"href":"https:\/\/espora13.com.br\/index.php\/wp-json\/wp\/v2\/tags?post=1575"}],"curies":[{"name":"wp","href":"https:\/\/api.w.org\/{rel}","templated":true}]}}