{"id":1665,"date":"2019-07-11T12:56:31","date_gmt":"2019-07-11T15:56:31","guid":{"rendered":"http:\/\/espora13.com.br\/?p=1665"},"modified":"2019-07-12T06:46:30","modified_gmt":"2019-07-12T09:46:30","slug":"a-hora-chegou-galo-pega-o-cruzeiro-no-mineirao-pela-copa-do-brasil","status":"publish","type":"post","link":"https:\/\/espora13.com.br\/index.php\/2019\/07\/11\/a-hora-chegou-galo-pega-o-cruzeiro-no-mineirao-pela-copa-do-brasil\/","title":{"rendered":"A hora chegou: Galo pega o Cruzeiro no Mineir\u00e3o pela Copa do Brasil"},"content":{"rendered":"<figure id=\"attachment_1666\" aria-describedby=\"caption-attachment-1666\" style=\"width: 800px\" class=\"wp-caption aligncenter\"><img loading=\"lazy\" class=\" wp-image-1666\" src=\"https:\/\/espora13.com.br\/wp-content\/uploads\/2019\/07\/66205603_10157374451287552_3235644931343122432_o.jpg\" alt=\"\" width=\"800\" height=\"532\" srcset=\"https:\/\/espora13.com.br\/wp-content\/uploads\/2019\/07\/66205603_10157374451287552_3235644931343122432_o.jpg 1000w, https:\/\/espora13.com.br\/wp-content\/uploads\/2019\/07\/66205603_10157374451287552_3235644931343122432_o-300x200.jpg 300w, https:\/\/espora13.com.br\/wp-content\/uploads\/2019\/07\/66205603_10157374451287552_3235644931343122432_o-768x511.jpg 768w, https:\/\/espora13.com.br\/wp-content\/uploads\/2019\/07\/66205603_10157374451287552_3235644931343122432_o-177x118.jpg 177w, https:\/\/espora13.com.br\/wp-content\/uploads\/2019\/07\/66205603_10157374451287552_3235644931343122432_o-272x182.jpg 272w\" sizes=\"(max-width: 800px) 100vw, 800px\" \/><figcaption id=\"caption-attachment-1666\" class=\"wp-caption-text\">Talento de Juan Cazares ser\u00e1 importante para o cl\u00e1ssico. Foto: Atl\u00e9tico\/Bruno Cantini\/Pedro Souza.<\/figcaption><\/figure>\n<p>&nbsp;<\/p>\n<p>A espera acabou!<\/p>\n<p>Hoje \u00e9 dia de Galo!<\/p>\n<p>Hoje \u00e9 dia de Guerra!<\/p>\n<p>Hoje \u00e9 dia de Cl\u00e1ssico!<\/p>\n<p>&nbsp;<\/p>\n<p>Galo entra em campo nesta quinta-feira, dia 11\/7, \u00e0s 20h (Bras\u00edlia) em duelo contra o arquirrival Cruzeiro, v\u00e1lido pelas quartas-de-final da Copa do Brasil. Ap\u00f3s a parada para a Copa Am\u00e9rica, o alvinegro encara o rival mineiro no Mineir\u00e3o, e busca um bom resultado no primeiro jogo do confronto, tentando manter a escrita de bons resultados frente ao rival em duelos eliminat\u00f3rios em competi\u00e7\u00f5es nacionais.<\/p>\n<p>O Cruzeiro busca juntar for\u00e7as no elenco para se concentrar exclusivamente no duelo contra o Galo nesta quinta-feira. Em meio a uma temporada marcada por esc\u00e2ndalos fora de campo, com o clube e seus dirigentes investigados por poss\u00edveis a\u00e7\u00f5es fraudulentas, o t\u00e9cnico Mano Menezes tenta manter o foco. Como t\u00eam em m\u00e3os um elenco forte e muito caro, o t\u00e9cnico v\u00ea o avan\u00e7o na Copa do Brasil como fundamental para melhorar a fase vivida pelo clube. O clima antes da Copa era de press\u00e3o, pela fase ruim em campo, mas, com um cl\u00e1ssico pela frente, a chave mudou, e o time azul dever\u00e1 ir a campo com for\u00e7a m\u00e1xima almejando um bom resultado no Mineir\u00e3o. Rodriguinho, que n\u00e3o vinha atuando como titular, far\u00e1 um procedimento cir\u00fargico e est\u00e1 fora do jogo, mas Thiago Neves, um dos grandes nomes do rival, estar\u00e1 em campo com a miss\u00e3o de armar o time.<\/p>\n<p>Para o Galo, o duelo \u00e9 fundamental para o semestre. O time vinha numa crescente antes da parada para a Copa, com resultados importantes, e enxerga, na possibilidade de eliminar o rival, n\u00e3o somente um passo a mais para a conquista da milion\u00e1ria Copa do Brasil, mas tamb\u00e9m um ganho de moral inexplic\u00e1vel para o elenco e para o clube. O t\u00e9cnico Rodrigo Santana tem o grupo nas m\u00e3os e deve ir campo com o que tem de melhor no elenco. Destaque para as chegadas dos estrangeiros Lucas Hernandez e Ramon Martinez, que vieram como refor\u00e7os importantes, al\u00e9m do xod\u00f3 R\u00f4mulo Otero: o meia-atacante voltou de empr\u00e9stimo e se tornou mais uma arma importante para o Galo nesta temporada. Patric deve ganhar a posi\u00e7\u00e3o na lateral direita. Com uma caracter\u00edstica mais defensiva, o lateral atleticano terminou bem o primeiro semestre e se mostrou capaz de assumir a titularidade novamente. Cazares e Char\u00e1, que viviam grande fase antes da parada para a Copa, precisam estar afinados para o duelo, e Alerrandro precisar\u00e1 se provar como titular em um jogo gigantesco. Falando em Patric, as laterais alvinegras dever\u00e3o ter muito trabalho. O rival costuma explorar as pontas, visando seu camisa 9 na \u00e1rea e no trabalho de piv\u00f4 para finaliza\u00e7\u00e3o dos meias. O alvinegro deve estar atento a essa jogada rival, sem deixar de mostrar for\u00e7a defensiva e ofensiva durante todo o duelo, pois um bom resultado neste primeiro confronto \u00e9 fundamental para um jogo mais racional no duelo de volta, com um Independ\u00eancia lotado.<\/p>\n<p>&#8220;Cl\u00e1ssico \u00e9 Cl\u00e1ssico e vice-versa&#8221;, j\u00e1 disse um &#8220;poeta&#8221; do futebol. Em dia de Cl\u00e1ssico, tudo fica diferente! \u00c9 hora de os atletas alvinegros entrarem em campo para dar a vida pelo Galo. Os problemas extracampo do rival n\u00e3o devem pesar dentro das quatro linhas. O time de Mano Menezes segue forte, com pe\u00e7as que sabem jogar, mas o Galo tem, por hist\u00f3ria, for\u00e7a, ra\u00e7a e transpira\u00e7\u00e3o necess\u00e1rias para encarar qualquer advers\u00e1rio. O Galo \u00e9 muito grande! E precisa se impor mesmo num Mineir\u00e3o com mando de campo rival. Jogar com intelig\u00eancia, sabendo que temos o jogo de volta em nossa casa, o Galo volta a ser <strong>Forte e Vingador!<\/strong><\/p>\n<p>Toda arrog\u00e2ncia ser\u00e1 castigada! #VamuGalo, o m\u00eas de Julho \u00e9 fundamental para o restante da temporada. O apoio da massa \u00e9 certeiro, e, como sempre, o lado alvinegro da for\u00e7a estar\u00e1 presente, e cantar\u00e1 forte o nosso amor pelo Clube Atl\u00e9tico Mineiro.<\/p>\n<p>Vamos Galo!!! Vamos juntos!!! Torcida, atletas, dirigentes a sintonia \u00e9 essa!!! <strong>O nosso Galo \u00e9 forte!<\/strong><\/p>\n<p><strong>Vamos pra cima deles, Galo!!!<\/strong><\/p>\n<p>Aqui \u00e9 Galo, sempre!<\/p>\n<figure id=\"attachment_1673\" aria-describedby=\"caption-attachment-1673\" style=\"width: 930px\" class=\"wp-caption alignnone\"><img loading=\"lazy\" class=\"size-full wp-image-1673\" src=\"https:\/\/espora13.com.br\/wp-content\/uploads\/2019\/07\/47.jpg\" alt=\"\" width=\"930\" height=\"620\" srcset=\"https:\/\/espora13.com.br\/wp-content\/uploads\/2019\/07\/47.jpg 930w, https:\/\/espora13.com.br\/wp-content\/uploads\/2019\/07\/47-300x200.jpg 300w, https:\/\/espora13.com.br\/wp-content\/uploads\/2019\/07\/47-768x512.jpg 768w, https:\/\/espora13.com.br\/wp-content\/uploads\/2019\/07\/47-177x118.jpg 177w, https:\/\/espora13.com.br\/wp-content\/uploads\/2019\/07\/47-272x182.jpg 272w\" sizes=\"(max-width: 930px) 100vw, 930px\" \/><figcaption id=\"caption-attachment-1673\" class=\"wp-caption-text\">Foto: Ilustra\u00e7\u00f5es de Rodrigo Souza e H\u00e9lvio.<\/figcaption><\/figure>\n<p>&nbsp;<\/p>\n<p><strong>FICHA T\u00c9CNICA DA PARTIDA<\/strong><\/p>\n<p><strong>\u00a0<\/strong><\/p>\n<p>CRUZEIRO X ATL\u00c9TICO-MG<br \/>\n\u200b<\/p>\n<p>Est\u00e1dio: Mineir\u00e3o<\/p>\n<p>Data e hora: 11 de julho de 2019, \u00e0s 20h (hor\u00e1rio de Bras\u00edlia)<\/p>\n<p>Motivo: Quartas-de-final da Copa do Brasil<\/p>\n<p>\u00c1rbitro: Raphael Claus (SP).<\/p>\n<p>&nbsp;<\/p>\n<p><strong><u>PROV\u00c1VEIS ESCALA\u00c7\u00d5ES: <\/u><\/strong><\/p>\n<p><strong><u>Atl\u00e9tico-MG:<\/u><\/strong><\/p>\n<p>Prov\u00e1vel time escalado:<\/p>\n<p>Victor; Patric, R\u00e9ver, Igor Rabello, F\u00e1bio Santos; Z\u00e9 Wellison, Elias, Luan, Cazares, Char\u00e1 e Alerrandro. T\u00e9cnico: Rodrigo Santana.<\/p>\n<p><img loading=\"lazy\" class=\"alignnone size-full wp-image-1672\" src=\"https:\/\/espora13.com.br\/wp-content\/uploads\/2019\/07\/8.jpg\" alt=\"\" width=\"401\" height=\"626\" srcset=\"https:\/\/espora13.com.br\/wp-content\/uploads\/2019\/07\/8.jpg 401w, https:\/\/espora13.com.br\/wp-content\/uploads\/2019\/07\/8-192x300.jpg 192w\" sizes=\"(max-width: 401px) 100vw, 401px\" \/><\/p>\n<p><strong><u>Cruzeiro:<\/u><\/strong><\/p>\n<p>Prov\u00e1vel time escalado:<\/p>\n<p>F\u00e1bio; L. Romero, Ded\u00e9, L\u00e9o, Eg\u00eddio; Henrique, Ariel Cabral, Robinho, Thiago Neves, Marquinhos Gabriel e Fred. T\u00e9cnico: Mano Menezes.<\/p>\n<p><img loading=\"lazy\" class=\"alignnone size-full wp-image-1671\" src=\"https:\/\/espora13.com.br\/wp-content\/uploads\/2019\/07\/10.jpg\" alt=\"\" width=\"404\" height=\"626\" srcset=\"https:\/\/espora13.com.br\/wp-content\/uploads\/2019\/07\/10.jpg 404w, https:\/\/espora13.com.br\/wp-content\/uploads\/2019\/07\/10-194x300.jpg 194w\" sizes=\"(max-width: 404px) 100vw, 404px\" \/><\/p>\n<p>Esporada neles, Galo!!!<\/p>\n<p>Espora 13, o portal de todas modalidades do Galo!<\/p>\n","protected":false},"excerpt":{"rendered":"<p>&nbsp; A espera acabou! Hoje \u00e9 dia de Galo! Hoje \u00e9 dia de Guerra! Hoje \u00e9 dia de Cl\u00e1ssico! &nbsp;<\/p>\n","protected":false},"author":25,"featured_media":1673,"comment_status":"open","ping_status":"open","sticky":false,"template":"","format":"standard","meta":[],"categories":[73],"tags":[84],"_links":{"self":[{"href":"https:\/\/espora13.com.br\/index.php\/wp-json\/wp\/v2\/posts\/1665"}],"collection":[{"href":"https:\/\/espora13.com.br\/index.php\/wp-json\/wp\/v2\/posts"}],"about":[{"href":"https:\/\/espora13.com.br\/index.php\/wp-json\/wp\/v2\/types\/post"}],"author":[{"embeddable":true,"href":"https:\/\/espora13.com.br\/index.php\/wp-json\/wp\/v2\/users\/25"}],"replies":[{"embeddable":true,"href":"https:\/\/espora13.com.br\/index.php\/wp-json\/wp\/v2\/comments?post=1665"}],"version-history":[{"count":6,"href":"https:\/\/espora13.com.br\/index.php\/wp-json\/wp\/v2\/posts\/1665\/revisions"}],"predecessor-version":[{"id":1677,"href":"https:\/\/espora13.com.br\/index.php\/wp-json\/wp\/v2\/posts\/1665\/revisions\/1677"}],"wp:featuredmedia":[{"embeddable":true,"href":"https:\/\/espora13.com.br\/index.php\/wp-json\/wp\/v2\/media\/1673"}],"wp:attachment":[{"href":"https:\/\/espora13.com.br\/index.php\/wp-json\/wp\/v2\/media?parent=1665"}],"wp:term":[{"taxonomy":"category","embeddable":true,"href":"https:\/\/espora13.com.br\/index.php\/wp-json\/wp\/v2\/categories?post=1665"},{"taxonomy":"post_tag","embeddable":true,"href":"https:\/\/espora13.com.br\/index.php\/wp-json\/wp\/v2\/tags?post=1665"}],"curies":[{"name":"wp","href":"https:\/\/api.w.org\/{rel}","templated":true}]}}