{"id":1719,"date":"2019-07-12T23:59:33","date_gmt":"2019-07-13T02:59:33","guid":{"rendered":"http:\/\/espora13.com.br\/?p=1719"},"modified":"2019-07-13T00:01:13","modified_gmt":"2019-07-13T03:01:13","slug":"com-gol-de-bruno-silva-galo-sub-20-vence-a-primeira-no-brasileirao-da-categoria","status":"publish","type":"post","link":"https:\/\/espora13.com.br\/index.php\/2019\/07\/12\/com-gol-de-bruno-silva-galo-sub-20-vence-a-primeira-no-brasileirao-da-categoria\/","title":{"rendered":"Com gol de Bruno Silva, Galo sub-20 vence a primeira no Brasileir\u00e3o da categoria"},"content":{"rendered":"<figure id=\"attachment_1721\" aria-describedby=\"caption-attachment-1721\" style=\"width: 905px\" class=\"wp-caption alignnone\"><img loading=\"lazy\" class=\" wp-image-1721\" src=\"https:\/\/espora13.com.br\/wp-content\/uploads\/2019\/07\/20190710180608116746a-1-300x200.jpg\" alt=\"\" width=\"905\" height=\"603\" srcset=\"https:\/\/espora13.com.br\/wp-content\/uploads\/2019\/07\/20190710180608116746a-1-300x200.jpg 300w, https:\/\/espora13.com.br\/wp-content\/uploads\/2019\/07\/20190710180608116746a-1-177x118.jpg 177w, https:\/\/espora13.com.br\/wp-content\/uploads\/2019\/07\/20190710180608116746a-1-272x182.jpg 272w, https:\/\/espora13.com.br\/wp-content\/uploads\/2019\/07\/20190710180608116746a-1.jpg 750w\" sizes=\"(max-width: 905px) 100vw, 905px\" \/><figcaption id=\"caption-attachment-1721\" class=\"wp-caption-text\">(Foto: Divulga\u00e7\u00e3o\/Atl\u00e9tico)<\/figcaption><\/figure>\n<p>O Galinho finalmente venceu a primeira partida pelo Campeonato Brasileiro Sub-20. Depois de ser derrotado por Botafogo e Fluminense nos dois primeiros jogos do torneio, o time comandado pelo t\u00e9cnico Leandro Zago goleou o Palmeiras por 3 a 0, no Sesc Venda Nova, na \u00faltima quarta-feira, em jogo v\u00e1lido pela terceira rodada da competi\u00e7\u00e3o.<\/p>\n<p>Mais uma vez, um dos grandes destaques da partida foi o meia Marquinhos, que anotou um dos gols do jogo. Bruno Silva, que marcou pela primeira vez com a camisa do Galo, e Thales fizeram os outros tentos do Galinho, que volta a campo neste s\u00e1bado, \u00e0s 15h para enfrentar o Athletico Paranaense, na Arena da Baixada, pela quarta rodada do torneio.<\/p>\n<p>Outro jogador que vale ressaltar \u00e9 Bruno Silva, contratado por empr\u00e9stimo junto \u00e0 Chapecoense no m\u00eas passado, parece estar se adaptando bem e est\u00e1 conseguindo conquistar seu espa\u00e7o no time. Foi mais uma aposta do nosso diretor de futebol, Rui Costa, que j\u00e1 trabalhou com Bruno na Chape, ou seja, conhece bem o jogador e acredita que ele pode render bons frutos para o Atl\u00e9tico. Tem at\u00e9 final de 2020 para mostrar seu valor e ser adquirido em definitivo pelo Galo. O que nos resta \u00e9 torcer para que d\u00ea certo.<\/p>\n<p><strong><span style=\"text-decoration: underline;\">Sub-15 \u00e9 vice-campe\u00e3o da Copa 2 de Julho<\/span><\/strong><\/p>\n<figure id=\"attachment_1722\" aria-describedby=\"caption-attachment-1722\" style=\"width: 876px\" class=\"wp-caption alignnone\"><img loading=\"lazy\" class=\"wp-image-1722 \" src=\"https:\/\/espora13.com.br\/wp-content\/uploads\/2019\/07\/tvebahia-300x165.png\" alt=\"\" width=\"876\" height=\"482\" srcset=\"https:\/\/espora13.com.br\/wp-content\/uploads\/2019\/07\/tvebahia-300x165.png 300w, https:\/\/espora13.com.br\/wp-content\/uploads\/2019\/07\/tvebahia-768x424.png 768w, https:\/\/espora13.com.br\/wp-content\/uploads\/2019\/07\/tvebahia-1024x565.png 1024w, https:\/\/espora13.com.br\/wp-content\/uploads\/2019\/07\/tvebahia-554x305.png 554w, https:\/\/espora13.com.br\/wp-content\/uploads\/2019\/07\/tvebahia.png 1059w\" sizes=\"(max-width: 876px) 100vw, 876px\" \/><figcaption id=\"caption-attachment-1722\" class=\"wp-caption-text\">Reprodu\u00e7\u00e3o: TVE Bahia<\/figcaption><\/figure>\n<p>A equipe sub-15 do Galo tamb\u00e9m enfrentou o Palmeiras nesta semana mas, n\u00e3o saiu de campo com a vit\u00f3ria. O Galinho foi derrotado por 1 a 0 e acabou ficando com o vice-campeonato da Copa 2 de Julho, que estava sendo realizada na Bahia.<\/p>\n<p>A equipe alvinegra fez uma boa campanha ao longo do torneio. Foram seis vit\u00f3rias, um empate e apenas uma derrota, que infelizmente aconteceu justamente na grande final.<\/p>\n<p>Um grande abra\u00e7o, massa atleticana! Nos encontraremos na pr\u00f3xima semana com uma boa vit\u00f3ria do Gal\u00e3o da Massa pra cima do rubro-negro paranaense e com mais informa\u00e7\u00f5es sobre a base alvinegra!<\/p>\n<p>Esporada neles, Galo!<\/p>\n","protected":false},"excerpt":{"rendered":"<p>O Galinho finalmente venceu a primeira partida pelo Campeonato Brasileiro Sub-20. Depois de ser derrotado por Botafogo e Fluminense nos<\/p>\n","protected":false},"author":6,"featured_media":1720,"comment_status":"open","ping_status":"open","sticky":false,"template":"","format":"standard","meta":[],"categories":[97],"tags":[94],"_links":{"self":[{"href":"https:\/\/espora13.com.br\/index.php\/wp-json\/wp\/v2\/posts\/1719"}],"collection":[{"href":"https:\/\/espora13.com.br\/index.php\/wp-json\/wp\/v2\/posts"}],"about":[{"href":"https:\/\/espora13.com.br\/index.php\/wp-json\/wp\/v2\/types\/post"}],"author":[{"embeddable":true,"href":"https:\/\/espora13.com.br\/index.php\/wp-json\/wp\/v2\/users\/6"}],"replies":[{"embeddable":true,"href":"https:\/\/espora13.com.br\/index.php\/wp-json\/wp\/v2\/comments?post=1719"}],"version-history":[{"count":4,"href":"https:\/\/espora13.com.br\/index.php\/wp-json\/wp\/v2\/posts\/1719\/revisions"}],"predecessor-version":[{"id":1726,"href":"https:\/\/espora13.com.br\/index.php\/wp-json\/wp\/v2\/posts\/1719\/revisions\/1726"}],"wp:featuredmedia":[{"embeddable":true,"href":"https:\/\/espora13.com.br\/index.php\/wp-json\/wp\/v2\/media\/1720"}],"wp:attachment":[{"href":"https:\/\/espora13.com.br\/index.php\/wp-json\/wp\/v2\/media?parent=1719"}],"wp:term":[{"taxonomy":"category","embeddable":true,"href":"https:\/\/espora13.com.br\/index.php\/wp-json\/wp\/v2\/categories?post=1719"},{"taxonomy":"post_tag","embeddable":true,"href":"https:\/\/espora13.com.br\/index.php\/wp-json\/wp\/v2\/tags?post=1719"}],"curies":[{"name":"wp","href":"https:\/\/api.w.org\/{rel}","templated":true}]}}