{"id":1748,"date":"2019-07-15T13:14:25","date_gmt":"2019-07-15T16:14:25","guid":{"rendered":"http:\/\/espora13.com.br\/?p=1748"},"modified":"2019-07-15T17:39:09","modified_gmt":"2019-07-15T20:39:09","slug":"galo-vira-contra-a-chape-no-ultimo-lance-e-volta-a-vencer-no-brasileiro","status":"publish","type":"post","link":"https:\/\/espora13.com.br\/index.php\/2019\/07\/15\/galo-vira-contra-a-chape-no-ultimo-lance-e-volta-a-vencer-no-brasileiro\/","title":{"rendered":"Galo vira contra a Chape no \u00faltimo lance e volta a vencer no Brasileiro"},"content":{"rendered":"<p>Foi mais uma vez com emo\u00e7\u00e3o, com estresse, com o cora\u00e7\u00e3o batendo forte, mas o Galo venceu a Chapecoense fora de casa pelo Campeonato Brasileiro. Os detalhes desta vit\u00f3ria voc\u00ea acompanhar\u00e1 a partir de agora, em mais uma coluna de P\u00f3s-Jogo!<\/p>\n<p><span style=\"font-size: 14pt;\"><strong>O Jogo<\/strong><\/span><\/p>\n<p>&#8220;Come\u00e7a o jogo! Vamos para Chapecoense x Atl\u00e9&#8230; GOL DA CHAPECOENSE!&#8221;. A maioria das narra\u00e7\u00f5es do Brasil disseram esta frase. O Atl\u00e9tico tomou um gol com 20 segundos de partida, e a\u00ed n\u00e3o importa se foi m\u00e9rito do lateral que cruzou, do centro-avante que se posicionou bem ou do zagueiro que falhou. O que importa \u00e9 que nenhum time profissional &#8211; ainda mais um gigante como o Galo &#8211; pode tomar um gol com 20 segundos de partida. Sem tempo para processar o que havia acontecido, a torcida atleticana j\u00e1 tinha novos motivos para frustra\u00e7\u00e3o. O Galo, ap\u00f3s o gol, tentou atacar, mas, talvez por ser o time reserva, ou pela falta de boas op\u00e7\u00f5es individuais, n\u00e3o conseguiu empatar no primeiro tempo. As \u00fanicas esperan\u00e7as vinham dos bons chutes de Otero, que levaram perigo ao gol do arqueiro Tiepo. Vin\u00edcius, Geuv\u00e2nio (gripado) e Ricardo Oliveira estavam muito apagados. A Chape, dona da casa, se retraiu e buscou contra-atacar, por\u00e9m sem efetividade, chegando umas poucas vezes ao gol de Cleiton, mas sem fazer grande press\u00e3o. Ap\u00f3s o apito final do primeiro tempo, o que marcou mesmo os fracos 45 minutos iniciais foi o gol prematuro e inaceit\u00e1vel sofrido pelo Atl\u00e9tico.<\/p>\n<p>No segundo tempo, percebendo o vacilo que haviam dado, os atletas do Galo voltaram pressionando, buscando um gol rapidamente. O maior susto veio na cabe\u00e7ada de Iago Maidana, que acertou a trave da Chapecoense. O time catarinense continuou recuado e o Galo cresceu no volume de jogo, mas errando muito as finaliza\u00e7\u00f5es e no \u00faltimo passe. Os atleticanos at\u00e9 mostravam vontade de empatar a partida mas esbarravam em erros t\u00e9cnicos e a falta de entrosamento do time reserva. A Chapecoense s\u00f3 conseguiu levar perigo com Arthur Gomes, que recebeu livre pela esquerda, mas perdeu o equil\u00edbrio ap\u00f3s Leonardo Silva chegar na hora certa e fechar o \u00e2ngulo. Geuv\u00e2nio, apagado, deu lugar a Maicon, que entrou para mudar a partida. O Galo montou boa trama ofensiva e Maicon chutou em cima da m\u00e3o de Douglas, p\u00eanalti, que foi confirmado ap\u00f3s an\u00e1lise do VAR. Ricardo Oliveira pegou a bola, partiu para a cobran\u00e7a e terminar sua fase ruim e&#8230; perdeu. O experiente centro-avante atleticano perdeu a melhor chance do jogo, j\u00e1 na metade final da partida, e enlouqueceu a torcida alvinegra, que cada vez mais entende a titularidade de Alerrandro. A Chape, ap\u00f3s o susto, tentou pressionar, mas sem sucesso. O Galo, j\u00e1 quase entrando no desespero, finalmente conseguiu o seu gol j\u00e1 aos 34 minutos da segunda etapa. Otero bateu falta venenosa, Tiepo espalmou para o lado. Maicon pegou a sobra da direita e cruzou para o zagueiro Iago Maidana fazer seu primeiro gol como jogador do Clube Atl\u00e9tico Mineiro. Maidana comemorou bastante, fez o gesto do &#8220;sai zica&#8221; e calou os torcedores catarinenses. A Chape, ap\u00f3s o gol e sentindo que o resultado e exibi\u00e7\u00e3o eram abaixo do necess\u00e1rio, se virou para o ataque e foi para cima dos reservas do Atl\u00e9tico. O Galo teve alguns problemas para se defender, inclusive tendo um poss\u00edvel lance de p\u00eanalti de Leonardo Silva revisto pelo VAR e negado aos catarinenses, e Cleiton precisou fazer suas interven\u00e7\u00f5es. para evitar o gol do Alviverde. A press\u00e3o dos mandantes, entretanto, n\u00e3o durou muito tempo e logo come\u00e7aram a errar passes e lan\u00e7amentos, mas o Atl\u00e9tico tamb\u00e9m tinha dificuldades de chegar ao gol, deixando a partida mais pegada e menos jogada. As duas equipes j\u00e1 estavam de certa maneira &#8220;conformadas&#8221; com o empate, mas o mantra Alvinegro das vit\u00f3rias imposs\u00edveis e no \u00faltimo minuto entrou em a\u00e7\u00e3o. Vin\u00edcius, at\u00e9 ent\u00e3o apagado no jogo, pegou bola na entrada grande \u00e1rea, driblou dois marcadores e bateu por cima do goleiro Tiepo e dentro do gol. A virada, no \u00faltimo lance do jogo, aos 53 minutos do segundo tempo, veio de forma inesperada e de um atleta que n\u00e3o estava jogando bem. Tudo com a cara do Atl\u00e9tico! Ap\u00f3s o gol e a comemora\u00e7\u00e3o com direito a dan\u00e7a de Vina e Guga, o Galo segurou o jogo nos segundos que ainda restavam e obteve um resultado muito importante em Chapec\u00f3.<\/p>\n<figure id=\"attachment_1753\" aria-describedby=\"caption-attachment-1753\" style=\"width: 379px\" class=\"wp-caption alignnone\"><img loading=\"lazy\" class=\" wp-image-1753\" src=\"https:\/\/espora13.com.br\/wp-content\/uploads\/2019\/07\/48286262607_20098ef8af_o-300x225.jpg\" alt=\"\" width=\"379\" height=\"284\" srcset=\"https:\/\/espora13.com.br\/wp-content\/uploads\/2019\/07\/48286262607_20098ef8af_o-300x225.jpg 300w, https:\/\/espora13.com.br\/wp-content\/uploads\/2019\/07\/48286262607_20098ef8af_o-768x577.jpg 768w, https:\/\/espora13.com.br\/wp-content\/uploads\/2019\/07\/48286262607_20098ef8af_o-1024x770.jpg 1024w\" sizes=\"(max-width: 379px) 100vw, 379px\" \/><figcaption id=\"caption-attachment-1753\" class=\"wp-caption-text\">Foto: Pedro Souza \/ Atl\u00e9tico<\/figcaption><\/figure>\n<p><span style=\"font-size: 14pt;\"><strong>Opini\u00e3o Final<\/strong><\/span><\/p>\n<p>A partida do \u00faltimo domingo foi mais uma daquelas exibi\u00e7\u00f5es onde o resultado foi melhor que a exibi\u00e7\u00e3o. Embora superior \u00e0 Chapecoense por todo o jogo, os reservas do Atl\u00e9tico tiveram muitos problemas para atacar e para defender, cedendo um gol logo aos 20 segundos de partida. O Galo se aproveitou de uma Chapecoense pobre tecnicamente e que come\u00e7ou a se defender muito cedo no jogo, mas mesmo assim a exibi\u00e7\u00e3o geral do Atl\u00e9tico foi pobre. Enquanto os estreantes Lucas Hern\u00e1ndez e Ram\u00f3n Mart\u00ednez n\u00e3o comprometeram, Otero, Maidana e Maicon foram bem e Guga, Geuv\u00e2nio, Ricardo Oliveira e Vin\u00edcius decepcionaram, apesar deste \u00faltimo ter feito um gol. Numa partida onde j\u00e1 esper\u00e1vamos pouco jogo coletivo devido \u00e0 falta de entrosamento, faltou tamb\u00e9m mais destaques individuais.\u00a0 Otero foi a grande refer\u00eancia t\u00e9cnica, finalizando bem, mas o pr\u00f3prio venezuelano causou a ira dos torcedores ao cobrar seus escanteios sempre fechado, buscando o &#8220;gol ol\u00edmpico&#8221;. Tal jogada j\u00e1 \u00e9 de conhecimento dos advers\u00e1rios, e o Galo tem a obriga\u00e7\u00e3o de apresentar repert\u00f3rio nos escanteios. Otero \u00e9 um grande cobrador de bolas paradas, mas seus escanteios precisam de varia\u00e7\u00e3o.<\/p>\n<p>O saldo geral \u00e9 de que o Atl\u00e9tico mereceu vencer, os atletas mostraram vontade de vencer, mas faltou mais uma vez qualidade t\u00e9cnica para isso. Enquanto os reservas tem ra\u00e7a e determina\u00e7\u00e3o, mas esbarram na t\u00e9cnica, os titulares t\u00eam t\u00e9cnica mas esbarram na ra\u00e7a e determina\u00e7\u00e3o. O Atl\u00e9tico precisa de mostrar novidades nas suas escala\u00e7\u00f5es e evolu\u00e7\u00e3o dentro de campo. Nem sempre enfrentaremos uma Chapecoense.<\/p>\n<p><strong><span style=\"font-size: 14pt;\">Ficha T\u00e9cnica<\/span><\/strong><\/p>\n<div class=\"left-col left-content\">\n<div class=\"p402_premium\">\n<div class=\"content-modules\">\n<p id=\"p506114-m453-2-454\" class=\"paragraph\"><b>CHAPECOENSE 1 x 2 ATL\u00c9TICO<\/b><br \/>\n\u200bEst\u00e1dio: Arena Cond\u00e1 &#8211; Chapec\u00f3 (SC)<br \/>\nData-hora: 14 de julho de 2019, \u00e0s 19h<br \/>\n\u00c1rbitro: Marcelo Aparecido Ribeiro de Souza (PB)<br \/>\nAssistentes: Alex Ang Ribeiro e Bruno Salgado Rizo (SP)<br \/>\n\u00c1rbitro de v\u00eddeo: Marcio Henrique de Gois (SP)<br \/>\nCart\u00f5es Amarelos: Iago Maiadana, Leonardo Silva, Vinicius, Lucas Hern\u00e1ndez (ATL), Alan Ruschel, Douglas, Eduardo (CHA)<br \/>\nP\u00fablico e Renda: n\u00e3o divulgados<\/p>\n<p>Gols: Everaldo, no minuto 1 do 1\u00ba T(1-0), Iago Maidana, aos 34\u2019-2\u00baT(1-1), Vin\u00edcius, aos 53\u2019-2\u00baT(1-2)<\/p>\n<p>CHAPECOENSE: Tiepo, Eduardo, Gum, Douglas e Bruno Pacheco; M\u00e1rcio Araujo, Campanharo (Aylon, aos 37\u2019-2\u00baT) e Camilo (Augusto, aos 29\u2019-2\u00baT); Arthur Gomes, Alan Ruschel (Diego Torres, aos 36\u2019-2\u00baT) e Everaldo T\u00e9cnico: Ney Franco.<\/p>\n<p>ATL\u00c9TICO: Cleiton; Guga, L\u00e9o Silva, Maidana e Lucas Hern\u00e1ndez; Ramon Mart\u00ednez (Papagaio, aos 32\u2019-2\u00baT), Jair, Otero (Bruninho, aos 40\u2019-2\u00baT) e Vin\u00edcius; Geuv\u00e2nio (Maicon Bolt, aos 18\u2019-2\u00baT) e Ricardo Oliveira. T\u00e9cnico: Rodrigo Santana.<\/p>\n<\/div>\n<\/div>\n<\/div>\n","protected":false},"excerpt":{"rendered":"<p>Foi mais uma vez com emo\u00e7\u00e3o, com estresse, com o cora\u00e7\u00e3o batendo forte, mas o Galo venceu a Chapecoense fora<\/p>\n","protected":false},"author":14,"featured_media":1753,"comment_status":"open","ping_status":"open","sticky":false,"template":"","format":"standard","meta":[],"categories":[75],"tags":[94],"_links":{"self":[{"href":"https:\/\/espora13.com.br\/index.php\/wp-json\/wp\/v2\/posts\/1748"}],"collection":[{"href":"https:\/\/espora13.com.br\/index.php\/wp-json\/wp\/v2\/posts"}],"about":[{"href":"https:\/\/espora13.com.br\/index.php\/wp-json\/wp\/v2\/types\/post"}],"author":[{"embeddable":true,"href":"https:\/\/espora13.com.br\/index.php\/wp-json\/wp\/v2\/users\/14"}],"replies":[{"embeddable":true,"href":"https:\/\/espora13.com.br\/index.php\/wp-json\/wp\/v2\/comments?post=1748"}],"version-history":[{"count":7,"href":"https:\/\/espora13.com.br\/index.php\/wp-json\/wp\/v2\/posts\/1748\/revisions"}],"predecessor-version":[{"id":1756,"href":"https:\/\/espora13.com.br\/index.php\/wp-json\/wp\/v2\/posts\/1748\/revisions\/1756"}],"wp:featuredmedia":[{"embeddable":true,"href":"https:\/\/espora13.com.br\/index.php\/wp-json\/wp\/v2\/media\/1753"}],"wp:attachment":[{"href":"https:\/\/espora13.com.br\/index.php\/wp-json\/wp\/v2\/media?parent=1748"}],"wp:term":[{"taxonomy":"category","embeddable":true,"href":"https:\/\/espora13.com.br\/index.php\/wp-json\/wp\/v2\/categories?post=1748"},{"taxonomy":"post_tag","embeddable":true,"href":"https:\/\/espora13.com.br\/index.php\/wp-json\/wp\/v2\/tags?post=1748"}],"curies":[{"name":"wp","href":"https:\/\/api.w.org\/{rel}","templated":true}]}}