{"id":1793,"date":"2019-07-16T22:54:27","date_gmt":"2019-07-17T01:54:27","guid":{"rendered":"http:\/\/espora13.com.br\/?p=1793"},"modified":"2019-07-16T22:54:39","modified_gmt":"2019-07-17T01:54:39","slug":"por-feito-historico-galo-pega-o-cruzeiro-num-horto-lotado","status":"publish","type":"post","link":"https:\/\/espora13.com.br\/index.php\/2019\/07\/16\/por-feito-historico-galo-pega-o-cruzeiro-num-horto-lotado\/","title":{"rendered":"Por feito hist\u00f3rico, Galo pega o Cruzeiro num Horto lotado!"},"content":{"rendered":"<figure id=\"attachment_1798\" aria-describedby=\"caption-attachment-1798\" style=\"width: 1000px\" class=\"wp-caption aligncenter\"><img loading=\"lazy\" class=\"size-full wp-image-1798\" src=\"https:\/\/espora13.com.br\/wp-content\/uploads\/2019\/07\/67151964_10157410797892552_3123736788191936512_o-1.jpg\" alt=\"\" width=\"1000\" height=\"665\" srcset=\"https:\/\/espora13.com.br\/wp-content\/uploads\/2019\/07\/67151964_10157410797892552_3123736788191936512_o-1.jpg 1000w, https:\/\/espora13.com.br\/wp-content\/uploads\/2019\/07\/67151964_10157410797892552_3123736788191936512_o-1-300x200.jpg 300w, https:\/\/espora13.com.br\/wp-content\/uploads\/2019\/07\/67151964_10157410797892552_3123736788191936512_o-1-768x511.jpg 768w, https:\/\/espora13.com.br\/wp-content\/uploads\/2019\/07\/67151964_10157410797892552_3123736788191936512_o-1-177x118.jpg 177w, https:\/\/espora13.com.br\/wp-content\/uploads\/2019\/07\/67151964_10157410797892552_3123736788191936512_o-1-272x182.jpg 272w\" sizes=\"(max-width: 1000px) 100vw, 1000px\" \/><figcaption id=\"caption-attachment-1798\" class=\"wp-caption-text\">Foto: Atl\u00e9tico\/Bruno Cantini\/Pedro Souza.<\/figcaption><\/figure>\n<p>&nbsp;<\/p>\n<p>Hoje \u00e9 dia de Galo!<\/p>\n<p>Hoje \u00e9 dia de cl\u00e1ssico!<\/p>\n<p>Hoje \u00e9 dia de fazer hist\u00f3ria!<\/p>\n<p>&nbsp;<\/p>\n<p>Quarta-feira, 17 de julho de 2019, \u00e0s 19h15, o Horto vai pulsar!<\/p>\n<p>&nbsp;<\/p>\n<p>O Galo entra em campo, diante da equipe do Cruzeiro, em busca de, mais uma vez, fazer hist\u00f3ria com uma grande virada. Ap\u00f3s p\u00e9ssima partida, em que o time foi derrotado por 3 a 0, os comandados de Rodrigo Santana v\u00e3o a campo com a miss\u00e3o de tirar a diferen\u00e7a conquistada pelo advers\u00e1rio e classificar o clube para as semifinais da milion\u00e1ria Copa do Brasil 2019.<\/p>\n<p>O Cruzeiro vai a campo com a cabe\u00e7a mais tranquila. O time de Mano Menezes fez o dever de casa no primeiro cl\u00e1ssico e conquistou uma grande vantagem no duelo. O clube, que vinha de semanas conturbadas nos bastidores, conseguiu espantar a crise que tentava se instalar no elenco. Com a boa partida de ida, deve ir a campo com o mesmo time do jogo passado e, como caracter\u00edstica de seu treinador, deve optar por esperar o alvinegro e partir em contra-ataques, contando com a velocidade dos atacantes de lado, como Pedro Rocha, um dos destaques do primeiro cl\u00e1ssico.<\/p>\n<p>Para o Galo, \u00e9 tudo ou nada. A derrota amarga no Mineir\u00e3o n\u00e3o estava nos planos, e, para se classificar, o alvinegro ter\u00e1 de jogar com muita intelig\u00eancia, sabendo que a vit\u00f3ria ter\u00e1 de ser constru\u00edda aos poucos. O t\u00e9cnico Rodrigo Santana deve promover algumas mudan\u00e7as no time titular. Podem ter chances de come\u00e7ar o jogo os atletas R\u00f3mulo Otero, Jair e Lucas Hern\u00e1ndez, que foram bem na \u00faltima partida contra a Chapecoense, aliados ao p\u00e9ssimo desempenho dos titulares no primeiro cl\u00e1ssico. Luan, Cazares, Jos\u00e9 Welison e F\u00e1bio Santos t\u00eam suas vagas amea\u00e7adas e podem come\u00e7ar no banco. Os \u00faltimos treinos foram fechados para a imprensa, por\u00e9m Santana deixou no ar que deve colocar um Galo diferente em campo. O Horto vai estar lotado. J\u00e1 h\u00e1 alguns dias, foi anunciado que os ingressos estavam praticamente esgotados, e a torcida, que n\u00e3o costuma desistir nunca, mais uma vez vai a campo confiando em mais uma noite hist\u00f3rica do Galo.<\/p>\n<p>Joguem por n\u00f3s!!!<\/p>\n<figure id=\"attachment_1794\" aria-describedby=\"caption-attachment-1794\" style=\"width: 300px\" class=\"wp-caption aligncenter\"><img loading=\"lazy\" class=\"size-medium wp-image-1794\" src=\"https:\/\/espora13.com.br\/wp-content\/uploads\/2019\/07\/67119811_10157409736632552_2104258293974171648_o-300x200.jpg\" alt=\"\" width=\"300\" height=\"200\" srcset=\"https:\/\/espora13.com.br\/wp-content\/uploads\/2019\/07\/67119811_10157409736632552_2104258293974171648_o-300x200.jpg 300w, https:\/\/espora13.com.br\/wp-content\/uploads\/2019\/07\/67119811_10157409736632552_2104258293974171648_o-768x511.jpg 768w, https:\/\/espora13.com.br\/wp-content\/uploads\/2019\/07\/67119811_10157409736632552_2104258293974171648_o-177x118.jpg 177w, https:\/\/espora13.com.br\/wp-content\/uploads\/2019\/07\/67119811_10157409736632552_2104258293974171648_o-272x182.jpg 272w, https:\/\/espora13.com.br\/wp-content\/uploads\/2019\/07\/67119811_10157409736632552_2104258293974171648_o.jpg 1000w\" sizes=\"(max-width: 300px) 100vw, 300px\" \/><figcaption id=\"caption-attachment-1794\" class=\"wp-caption-text\">Foto: Atl\u00e9tico\/Bruno Cantini\/Pedro Souza.<\/figcaption><\/figure>\n<p>&nbsp;<\/p>\n<p>Cl\u00e1ssico n\u00e3o se joga de maneira omissa. Os atletas precisam de entender a import\u00e2ncia que \u00e9 vestir o manto alvinegro e ir a campo com sede de gols e esp\u00edrito de guerra! A miss\u00e3o foi dada e tem de ser cumprida! Honrar a camisa, suar sangue e se entregar a cada bola, a cada lance, a cada segundo do jogo. O Galo precisa ser respeitado como o clube que \u00e9, Grande Forte e Vingador! \u00c9 preciso ir a campo como se cada jogo fosse uma final! O que se viu no primeiro duelo foi um desrespeito com a massa, que tanto ama esse clube! Que n\u00e3o se repita essa omiss\u00e3o, pois a hist\u00f3ria do Galo \u00e9 de um time que briga, que luta e que nunca se d\u00e1 por vencido! Esse \u00e9 o esp\u00edrito.<\/p>\n<p>Jogadores, lutem por n\u00f3s, joguem por n\u00f3s e ven\u00e7am por n\u00f3s!<\/p>\n<p>O apoio ser\u00e1 gigante, e o &#8220;<strong>EU ACREDITO<\/strong>\u201d entrar\u00e1 em campo novamente!<\/p>\n<p>\u00c9 hora de se fazer hist\u00f3ria e mostrar que nunca se deve duvidar dessa institui\u00e7\u00e3o chamada Clube Atl\u00e9tico Mineiro!<\/p>\n<p>&nbsp;<\/p>\n<p>#VamuGalo! Vamos fazer hist\u00f3ria! Eu acredito!<\/p>\n<p>&nbsp;<\/p>\n<p>Aqui \u00e9 Galo, sempre!<\/p>\n<p>&nbsp;<\/p>\n<p><strong>FICHA T\u00c9CNICA DA PARTIDA<\/strong><\/p>\n<p><strong>\u00a0<\/strong><\/p>\n<p>Atl\u00e9tico-MG x Cruzeiro<\/p>\n<p>\u200bEst\u00e1dio: Independ\u00eancia<\/p>\n<p>Data e hora: 17 de julho de 2019, \u00e0s 19h15 (hor\u00e1rio de Bras\u00edlia)<\/p>\n<p>Motivo: Quartas-de-finais da Copa do Brasil 2019.<\/p>\n<p>\u00c1rbitro: Flavio Rodrigues de Souza (SP)<\/p>\n<p>&nbsp;<\/p>\n<p><strong><u>PROV\u00c1VEIS ESCALA\u00c7\u00d5ES: <\/u><\/strong><\/p>\n<p><strong><u>Atl\u00e9tico-MG:<\/u><\/strong><\/p>\n<p>Prov\u00e1vel time escalado: Victor; Patric (Guga), R\u00e9ver, Igor Rabello, F\u00e1bio Santos (Lucas Hern\u00e1ndez); Z\u00e9 Welison (Jair), Elias, Luan (R\u00f3mulo Otero), Cazares, Char\u00e1 e Alerrandro. T\u00e9cnico: Rodrigo Santana.<\/p>\n<p><strong><u>Cruzeiro:<\/u><\/strong><\/p>\n<p>Prov\u00e1vel time escalado: F\u00e1bio; Lucas Romero, Ded\u00e9, L\u00e9o, Eg\u00eddio; Henrique, Ariel Cabral, Robinho, Thiago Neves, Marquinhos Gabriel e Pedro Rocha. T\u00e9cnico: Mano Menezes.<\/p>\n<p>&nbsp;<\/p>\n<figure id=\"attachment_1035\" aria-describedby=\"caption-attachment-1035\" style=\"width: 881px\" class=\"wp-caption aligncenter\"><img loading=\"lazy\" class=\"size-full wp-image-1035\" src=\"https:\/\/espora13.com.br\/wp-content\/uploads\/2019\/05\/59403231_10157210413852552_8682481954588721152_n.jpg\" alt=\"\" width=\"881\" height=\"960\" srcset=\"https:\/\/espora13.com.br\/wp-content\/uploads\/2019\/05\/59403231_10157210413852552_8682481954588721152_n.jpg 881w, https:\/\/espora13.com.br\/wp-content\/uploads\/2019\/05\/59403231_10157210413852552_8682481954588721152_n-275x300.jpg 275w, https:\/\/espora13.com.br\/wp-content\/uploads\/2019\/05\/59403231_10157210413852552_8682481954588721152_n-768x837.jpg 768w\" sizes=\"(max-width: 881px) 100vw, 881px\" \/><figcaption id=\"caption-attachment-1035\" class=\"wp-caption-text\">\u00c9 dia de fazer hist\u00f3ria! Foto: Atl\u00e9tico\/Bruno Cantini\/Pedro Souza.<\/figcaption><\/figure>\n","protected":false},"excerpt":{"rendered":"<p>&nbsp; Hoje \u00e9 dia de Galo! Hoje \u00e9 dia de cl\u00e1ssico! Hoje \u00e9 dia de fazer hist\u00f3ria! &nbsp; Quarta-feira, 17<\/p>\n","protected":false},"author":25,"featured_media":1798,"comment_status":"open","ping_status":"open","sticky":false,"template":"","format":"standard","meta":[],"categories":[73],"tags":[84],"_links":{"self":[{"href":"https:\/\/espora13.com.br\/index.php\/wp-json\/wp\/v2\/posts\/1793"}],"collection":[{"href":"https:\/\/espora13.com.br\/index.php\/wp-json\/wp\/v2\/posts"}],"about":[{"href":"https:\/\/espora13.com.br\/index.php\/wp-json\/wp\/v2\/types\/post"}],"author":[{"embeddable":true,"href":"https:\/\/espora13.com.br\/index.php\/wp-json\/wp\/v2\/users\/25"}],"replies":[{"embeddable":true,"href":"https:\/\/espora13.com.br\/index.php\/wp-json\/wp\/v2\/comments?post=1793"}],"version-history":[{"count":4,"href":"https:\/\/espora13.com.br\/index.php\/wp-json\/wp\/v2\/posts\/1793\/revisions"}],"predecessor-version":[{"id":1802,"href":"https:\/\/espora13.com.br\/index.php\/wp-json\/wp\/v2\/posts\/1793\/revisions\/1802"}],"wp:featuredmedia":[{"embeddable":true,"href":"https:\/\/espora13.com.br\/index.php\/wp-json\/wp\/v2\/media\/1798"}],"wp:attachment":[{"href":"https:\/\/espora13.com.br\/index.php\/wp-json\/wp\/v2\/media?parent=1793"}],"wp:term":[{"taxonomy":"category","embeddable":true,"href":"https:\/\/espora13.com.br\/index.php\/wp-json\/wp\/v2\/categories?post=1793"},{"taxonomy":"post_tag","embeddable":true,"href":"https:\/\/espora13.com.br\/index.php\/wp-json\/wp\/v2\/tags?post=1793"}],"curies":[{"name":"wp","href":"https:\/\/api.w.org\/{rel}","templated":true}]}}