{"id":1824,"date":"2019-07-19T11:00:05","date_gmt":"2019-07-19T14:00:05","guid":{"rendered":"http:\/\/espora13.com.br\/?p=1824"},"modified":"2019-07-19T01:47:40","modified_gmt":"2019-07-19T04:47:40","slug":"reabilitacao-no-brasileiro-sub-20-e-atacante-convocado-para-a-selecao-de-base-a-semana-positiva-da-base-atleticana","status":"publish","type":"post","link":"https:\/\/espora13.com.br\/index.php\/2019\/07\/19\/reabilitacao-no-brasileiro-sub-20-e-atacante-convocado-para-a-selecao-de-base-a-semana-positiva-da-base-atleticana\/","title":{"rendered":"Reabilita\u00e7\u00e3o no Brasileiro Sub-20 e atacante convocado para a sele\u00e7\u00e3o de base: a semana positiva da base atleticana"},"content":{"rendered":"<p>A semana da base alvinegra n\u00e3o come\u00e7ou como todos n\u00f3s esper\u00e1vamos. No s\u00e1bado, pelo Campeonato Brasileiro Sub-20, o Galinho vencia o Athletico Paranaense por 1 a 0 at\u00e9 os 40 minutos do segundo tempo, com um gol do zagueiro Isaque, mas acabou sofrendo o empate e saiu da Arena da Baixada com apenas um ponto na bagagem. Foi um resultado ruim pro Galo, que vinha de uma \u00f3tima vit\u00f3ria diante do Palmeiras por 3 a 0, no Sesc Venda Nova, em Belo Horizonte, na semana passada.<\/p>\n<p>Ap\u00f3s o empate amargo com o rubro-negro paranaense, o Galo sub-20 visitou a Chapecoense, na Arena Cond\u00e1, em Santa Catarina e venceu por 3 a 2 o time alviverde. Os gols do Galinho foram marcados por Thales, Vitor Mendes e Isaque, que pelo segundo jogo seguido, balan\u00e7ou as redes advers\u00e1rias.<\/p>\n<p>Com a vit\u00f3ria, a equipe comandada pelo t\u00e9cnico Leandro Zago chegou a 7 pontos na competi\u00e7\u00e3o, somando duas vit\u00f3rias, um empate e duas derrotas na competi\u00e7\u00e3o, que \u00e9 disputada em turno \u00fanico, por pontos corridos. O pr\u00f3ximo jogo do Galinho na competi\u00e7\u00e3o ser\u00e1 no pr\u00f3ximo domingo (21\/07), \u00e0s 15h, contra o Gr\u00eamio, pela 6\u00aa rodada do torneio, no Sesc Venda Nova.<\/p>\n<p><strong><span style=\"text-decoration: underline;\"><span style=\"font-size: 12pt;\">Sub-17 enfrenta o Caraj\u00e1s-PA na Copa do Brasil da categoria<\/span><\/span><\/strong><\/p>\n<figure id=\"attachment_1826\" aria-describedby=\"caption-attachment-1826\" style=\"width: 524px\" class=\"wp-caption aligncenter\"><img loading=\"lazy\" class=\" wp-image-1826\" src=\"https:\/\/espora13.com.br\/wp-content\/uploads\/2019\/07\/087679b2-1a47-417d-b213-8254158bc3da-300x200.jpg\" alt=\"\" width=\"524\" height=\"349\" srcset=\"https:\/\/espora13.com.br\/wp-content\/uploads\/2019\/07\/087679b2-1a47-417d-b213-8254158bc3da-300x200.jpg 300w, https:\/\/espora13.com.br\/wp-content\/uploads\/2019\/07\/087679b2-1a47-417d-b213-8254158bc3da-768x511.jpg 768w, https:\/\/espora13.com.br\/wp-content\/uploads\/2019\/07\/087679b2-1a47-417d-b213-8254158bc3da-177x118.jpg 177w, https:\/\/espora13.com.br\/wp-content\/uploads\/2019\/07\/087679b2-1a47-417d-b213-8254158bc3da-272x182.jpg 272w, https:\/\/espora13.com.br\/wp-content\/uploads\/2019\/07\/087679b2-1a47-417d-b213-8254158bc3da.jpg 1000w\" sizes=\"(max-width: 524px) 100vw, 524px\" \/><figcaption id=\"caption-attachment-1826\" class=\"wp-caption-text\">Foto: Atl\u00e9tico<\/figcaption><\/figure>\n<div><\/div>\n<div>O time sub-17 do Atl\u00e9tico vai enfrentar o Caraj\u00e1s, do Par\u00e1, na primeira fase da Copa do Brasil da categoria. A partida \u00fanica acontecer\u00e1 no dia 3\/8, \u00e0s 15h, no Sesc Venda Nova, em Belo Horizonte. A equipe que avan\u00e7ar ir\u00e1 encarar, na segunda fase, o vencedor do confronto entre Tubar\u00e3o-SC e Piau\u00ed-PI, que se enfrentam em Tubar\u00e3o.<\/div>\n<div><\/div>\n<p><strong><span style=\"text-decoration: underline;\">Atacante \u00e9 convocado para a Sele\u00e7\u00e3o Brasileira Sub-18<\/span><\/strong><\/p>\n<figure id=\"attachment_1828\" aria-describedby=\"caption-attachment-1828\" style=\"width: 357px\" class=\"wp-caption aligncenter\"><img loading=\"lazy\" class=\" wp-image-1828\" src=\"https:\/\/espora13.com.br\/wp-content\/uploads\/2019\/07\/D_ysBhFXUAERchW-266x300.jpg\" alt=\"\" width=\"357\" height=\"403\" srcset=\"https:\/\/espora13.com.br\/wp-content\/uploads\/2019\/07\/D_ysBhFXUAERchW-266x300.jpg 266w, https:\/\/espora13.com.br\/wp-content\/uploads\/2019\/07\/D_ysBhFXUAERchW-768x865.jpg 768w, https:\/\/espora13.com.br\/wp-content\/uploads\/2019\/07\/D_ysBhFXUAERchW-910x1024.jpg 910w, https:\/\/espora13.com.br\/wp-content\/uploads\/2019\/07\/D_ysBhFXUAERchW.jpg 1137w\" sizes=\"(max-width: 357px) 100vw, 357px\" \/><figcaption id=\"caption-attachment-1828\" class=\"wp-caption-text\">Foto: Reprodu\u00e7\u00e3o\/Atl\u00e9tico<\/figcaption><\/figure>\n<p>O atacante Guilherme, do time sub-20 do Galo foi convocado nesta semana para servir a Sele\u00e7\u00e3o Brasileira Sub-18, que far\u00e1 um per\u00edodo de treinamentos na Granja Comary visando a disputa do Sul-Americano de 2021. Durante a semana de treinos, a Sele\u00e7\u00e3o Sub-18 disputar\u00e1 dois amistosos, contra duas equipes profissionais do futebol carioca: Boavista,\u00a0dia 3 de agosto, \u00e0s 17h, e Sampaio Corr\u00eaa, em 5 de agosto, \u00e0s 10h.<\/p>\n<p>Guilherme \u00e9 mais um jogador do Atl\u00e9tico que vem recebendo oportunidades na sele\u00e7\u00e3o de base, o que mostra que temos sim jogadores de qualidade atuando na nossa categoria de base, precisamos acreditar e principalmente ter paci\u00eancia com esses atletas, para que no futuro, eles possam render dentro de campo, dando muitas alegrias para a massa atleticana e tamb\u00e9m fora de campo, enchendo os cofres alvinegros.<\/p>\n<p>Um grande abra\u00e7o, massa atleticana! Nos encontraremos na pr\u00f3xima semana com uma boa vit\u00f3ria do Gal\u00e3o da Massa pra cima do tricolor ga\u00facho e com mais informa\u00e7\u00f5es sobre a base alvinegra!<\/p>\n<p>Esporada neles, Galo!<\/p>\n","protected":false},"excerpt":{"rendered":"<p>A semana da base alvinegra n\u00e3o come\u00e7ou como todos n\u00f3s esper\u00e1vamos. No s\u00e1bado, pelo Campeonato Brasileiro Sub-20, o Galinho vencia<\/p>\n","protected":false},"author":6,"featured_media":1825,"comment_status":"open","ping_status":"open","sticky":false,"template":"","format":"standard","meta":[],"categories":[97],"tags":[94],"_links":{"self":[{"href":"https:\/\/espora13.com.br\/index.php\/wp-json\/wp\/v2\/posts\/1824"}],"collection":[{"href":"https:\/\/espora13.com.br\/index.php\/wp-json\/wp\/v2\/posts"}],"about":[{"href":"https:\/\/espora13.com.br\/index.php\/wp-json\/wp\/v2\/types\/post"}],"author":[{"embeddable":true,"href":"https:\/\/espora13.com.br\/index.php\/wp-json\/wp\/v2\/users\/6"}],"replies":[{"embeddable":true,"href":"https:\/\/espora13.com.br\/index.php\/wp-json\/wp\/v2\/comments?post=1824"}],"version-history":[{"count":5,"href":"https:\/\/espora13.com.br\/index.php\/wp-json\/wp\/v2\/posts\/1824\/revisions"}],"predecessor-version":[{"id":1833,"href":"https:\/\/espora13.com.br\/index.php\/wp-json\/wp\/v2\/posts\/1824\/revisions\/1833"}],"wp:featuredmedia":[{"embeddable":true,"href":"https:\/\/espora13.com.br\/index.php\/wp-json\/wp\/v2\/media\/1825"}],"wp:attachment":[{"href":"https:\/\/espora13.com.br\/index.php\/wp-json\/wp\/v2\/media?parent=1824"}],"wp:term":[{"taxonomy":"category","embeddable":true,"href":"https:\/\/espora13.com.br\/index.php\/wp-json\/wp\/v2\/categories?post=1824"},{"taxonomy":"post_tag","embeddable":true,"href":"https:\/\/espora13.com.br\/index.php\/wp-json\/wp\/v2\/tags?post=1824"}],"curies":[{"name":"wp","href":"https:\/\/api.w.org\/{rel}","templated":true}]}}