{"id":1953,"date":"2019-07-31T14:42:05","date_gmt":"2019-07-31T17:42:05","guid":{"rendered":"http:\/\/espora13.com.br\/?p=1953"},"modified":"2019-07-31T14:42:44","modified_gmt":"2019-07-31T17:42:44","slug":"galo-pega-o-botafogo-com-casa-cheia-pela-copa-sul-americana","status":"publish","type":"post","link":"https:\/\/espora13.com.br\/index.php\/2019\/07\/31\/galo-pega-o-botafogo-com-casa-cheia-pela-copa-sul-americana\/","title":{"rendered":"Galo pega o Botafogo com casa cheia pela Copa Sul-Americana"},"content":{"rendered":"<figure id=\"attachment_1954\" aria-describedby=\"caption-attachment-1954\" style=\"width: 1000px\" class=\"wp-caption aligncenter\"><img loading=\"lazy\" class=\"size-full wp-image-1954\" src=\"https:\/\/espora13.com.br\/wp-content\/uploads\/2019\/07\/67636578_10157446995332552_7814741103000682496_o.jpg\" alt=\"\" width=\"1000\" height=\"665\" srcset=\"https:\/\/espora13.com.br\/wp-content\/uploads\/2019\/07\/67636578_10157446995332552_7814741103000682496_o.jpg 1000w, https:\/\/espora13.com.br\/wp-content\/uploads\/2019\/07\/67636578_10157446995332552_7814741103000682496_o-300x200.jpg 300w, https:\/\/espora13.com.br\/wp-content\/uploads\/2019\/07\/67636578_10157446995332552_7814741103000682496_o-768x511.jpg 768w, https:\/\/espora13.com.br\/wp-content\/uploads\/2019\/07\/67636578_10157446995332552_7814741103000682496_o-177x118.jpg 177w, https:\/\/espora13.com.br\/wp-content\/uploads\/2019\/07\/67636578_10157446995332552_7814741103000682496_o-272x182.jpg 272w\" sizes=\"(max-width: 1000px) 100vw, 1000px\" \/><figcaption id=\"caption-attachment-1954\" class=\"wp-caption-text\">Foto: Bruno Cantini \/ Atl\u00e9tico.<\/figcaption><\/figure>\n<p>&nbsp;<\/p>\n<p>Hoje \u00e9 dia de Galo!<\/p>\n<p>\u00c9 dia de decis\u00e3o no Horto! Galo entra em campo, nesta quarta-feira, dia 31 de julho de 2019, \u00e0s 21h30 (hor\u00e1rio de Bras\u00edlia), enfrentando a equipe do Botafogo, no jogo de volta pelas oitavas-de-finais da Copa Sul-Americana. Ap\u00f3s vit\u00f3ria importante conquistada no Rio, o Atl\u00e9tico vai \u00e0 campo, com casa cheia, para n\u00e3o deixar escapar a vantagem e para se classificar \u00e0 pr\u00f3xima fase da competi\u00e7\u00e3o internacional.<\/p>\n<p>Os cariocas, que n\u00e3o vencem h\u00e1 cinco jogos, precisam vencer o jogo por uma diferen\u00e7a de dois gols para levar a vaga. Ap\u00f3s perder o primeiro duelo por 1 x 0, os cariocas sabem que t\u00eam uma miss\u00e3o dif\u00edcil pela frente. E ap\u00f3s perder o cl\u00e1ssico para o arquirrival Flamengo, no final de semana, os comandados de Eduardo Barroca v\u00eam confiantes que podem superar as aus\u00eancias importantes, como da dupla de zaga titular Gabriel (contrato) e Carli (suspenso) e buscar uma melhor sorte na temporada com um bom resultado em plena Arena Independ\u00eancia.<\/p>\n<p>J\u00e1 o Galo vai a campo para vencer e confirmar a vaga. H\u00e1 um clima de press\u00e3o por parte da torcida, que anda chateada com as atua\u00e7\u00f5es do time nos momentos decisivos nesta temporada. Rodrigo Santana, que n\u00e3o poder\u00e1 contar com Cazares (conjuntivite) e Victor (lesionado), deve montar um time ofensivo para n\u00e3o \u201cdar chance ao azar\u201d no duelo de alvinegros no Horto. Com o habitual apoio da torcida e um \u00f3timo p\u00fablico na Arena, os jogadores esperam uma boa atua\u00e7\u00e3o diante da torcida em busca da classifica\u00e7\u00e3o \u00e0 pr\u00f3xima fase da competi\u00e7\u00e3o, a qual o clube enxerga com boas chances de conquista. Alerrandro e Ricardo Oliveira disputam posi\u00e7\u00e3o no ataque mais uma vez. O Pastor deve ganhar a vaga e ter\u00e1 a chance de espantar a fase ruim que tem vivido. E se tem uma hora boa para voltar a marcar seria neste momento decisivo, em que mais se espera brilhar a estrela dos grandes jogadores.<\/p>\n<p>\u00c9 preciso entender o que \u00e9 vestir essa camisa! A torcida ir\u00e1 comparecer em bom n\u00famero no duelo e espera um bom desempenho dos atletas em campo. Ap\u00f3s a vit\u00f3ria no confronto de ida, o Galo tem de ir a campo com vontade e determina\u00e7\u00e3o para confirmar a classifica\u00e7\u00e3o. H\u00e1 boas chances de conquista na competi\u00e7\u00e3o, e \u00e9 preciso honrar a camisa e mostrar o qu\u00e3o importante \u00e9 vesti-la. Os jogadores precisam se entender e se entregar ao m\u00e1ximo em campo, com ra\u00e7a, vontade e determina\u00e7\u00e3o, disputando cada bola e &#8220;suando sangue&#8221; entre as quatro linhas. A torcida \u201centrar\u00e1\u201d em campo e ser\u00e1 o combust\u00edvel extra que faz do Galo um time respeitado e vencedor.<\/p>\n<p>A hora \u00e9 agora!<\/p>\n<p>Joguem por n\u00f3s! Estaremos sempre com voc\u00eas!<\/p>\n<p>&nbsp;<\/p>\n<p>Aqui \u00e9 Galo, sempre!<\/p>\n<p>&nbsp;<\/p>\n<p><strong>FICHA T\u00c9CNICA DA PARTIDA<\/strong><\/p>\n<p><strong>\u00a0<\/strong><\/p>\n<p>ATL\u00c9TICO-MG x BOTAFOGO<\/p>\n<p>\u200bEst\u00e1dio: Arena Independ\u00eancia, Belo Horizonte (MG)<\/p>\n<p>Data e hora: 31 de julho de 2019, \u00e0s 21h30 (hor\u00e1rio de Bras\u00edlia).<\/p>\n<p>Motivo: Copa Sul-Americana, jogo de volta.<\/p>\n<p>&nbsp;<\/p>\n<p><strong><u>PROV\u00c1VEIS ESCALA\u00c7\u00d5ES: <\/u><\/strong><\/p>\n<p>&nbsp;<\/p>\n<p><strong><u>Atl\u00e9tico-MG:<\/u><\/strong><\/p>\n<p>Prov\u00e1vel time: Cleiton; Patric, Igor Rabello, R\u00e9ver e F\u00e1bio Santos; Jair, Elias, Otero, Vinicius, Char\u00e1 e Ricardo Oliveira. T\u00e9cnico: Rodrigo Santana.<\/p>\n<p><strong><u>Botafogo:<\/u><\/strong><\/p>\n<p>Prov\u00e1vel time: Gatito Fern\u00e1ndez; Marcinho, Jean (Fernando), Benevenuto e Gilson; Alex Santana, C\u00edcero, L\u00e9o Valencia, Jo\u00e3o Paulo, Luiz Fernando e Diego Souza. T\u00e9cnico: Eduardo Barroca.<\/p>\n","protected":false},"excerpt":{"rendered":"<p>&nbsp; Hoje \u00e9 dia de Galo! \u00c9 dia de decis\u00e3o no Horto! Galo entra em campo, nesta quarta-feira, dia 31<\/p>\n","protected":false},"author":25,"featured_media":1954,"comment_status":"open","ping_status":"open","sticky":false,"template":"","format":"standard","meta":[],"categories":[73],"tags":[84],"_links":{"self":[{"href":"https:\/\/espora13.com.br\/index.php\/wp-json\/wp\/v2\/posts\/1953"}],"collection":[{"href":"https:\/\/espora13.com.br\/index.php\/wp-json\/wp\/v2\/posts"}],"about":[{"href":"https:\/\/espora13.com.br\/index.php\/wp-json\/wp\/v2\/types\/post"}],"author":[{"embeddable":true,"href":"https:\/\/espora13.com.br\/index.php\/wp-json\/wp\/v2\/users\/25"}],"replies":[{"embeddable":true,"href":"https:\/\/espora13.com.br\/index.php\/wp-json\/wp\/v2\/comments?post=1953"}],"version-history":[{"count":3,"href":"https:\/\/espora13.com.br\/index.php\/wp-json\/wp\/v2\/posts\/1953\/revisions"}],"predecessor-version":[{"id":1957,"href":"https:\/\/espora13.com.br\/index.php\/wp-json\/wp\/v2\/posts\/1953\/revisions\/1957"}],"wp:featuredmedia":[{"embeddable":true,"href":"https:\/\/espora13.com.br\/index.php\/wp-json\/wp\/v2\/media\/1954"}],"wp:attachment":[{"href":"https:\/\/espora13.com.br\/index.php\/wp-json\/wp\/v2\/media?parent=1953"}],"wp:term":[{"taxonomy":"category","embeddable":true,"href":"https:\/\/espora13.com.br\/index.php\/wp-json\/wp\/v2\/categories?post=1953"},{"taxonomy":"post_tag","embeddable":true,"href":"https:\/\/espora13.com.br\/index.php\/wp-json\/wp\/v2\/tags?post=1953"}],"curies":[{"name":"wp","href":"https:\/\/api.w.org\/{rel}","templated":true}]}}