{"id":2035,"date":"2019-08-09T22:09:41","date_gmt":"2019-08-10T01:09:41","guid":{"rendered":"http:\/\/espora13.com.br\/?p=2035"},"modified":"2019-08-10T17:26:33","modified_gmt":"2019-08-10T20:26:33","slug":"em-boa-fase-galo-enfrenta-o-fluminense-no-horto","status":"publish","type":"post","link":"https:\/\/espora13.com.br\/index.php\/2019\/08\/09\/em-boa-fase-galo-enfrenta-o-fluminense-no-horto\/","title":{"rendered":"Em boa fase, Galo enfrenta o Fluminense no Horto"},"content":{"rendered":"<figure id=\"attachment_2036\" aria-describedby=\"caption-attachment-2036\" style=\"width: 1000px\" class=\"wp-caption aligncenter\"><img loading=\"lazy\" class=\"size-full wp-image-2036\" src=\"https:\/\/espora13.com.br\/wp-content\/uploads\/2019\/08\/67779840_10157473017032552_1041030219202297856_o.jpg\" alt=\"\" width=\"1000\" height=\"665\" srcset=\"https:\/\/espora13.com.br\/wp-content\/uploads\/2019\/08\/67779840_10157473017032552_1041030219202297856_o.jpg 1000w, https:\/\/espora13.com.br\/wp-content\/uploads\/2019\/08\/67779840_10157473017032552_1041030219202297856_o-300x200.jpg 300w, https:\/\/espora13.com.br\/wp-content\/uploads\/2019\/08\/67779840_10157473017032552_1041030219202297856_o-768x511.jpg 768w, https:\/\/espora13.com.br\/wp-content\/uploads\/2019\/08\/67779840_10157473017032552_1041030219202297856_o-177x118.jpg 177w, https:\/\/espora13.com.br\/wp-content\/uploads\/2019\/08\/67779840_10157473017032552_1041030219202297856_o-272x182.jpg 272w\" sizes=\"(max-width: 1000px) 100vw, 1000px\" \/><figcaption id=\"caption-attachment-2036\" class=\"wp-caption-text\">Foto: Bruno Cantini \/ Atl\u00e9tico.<\/figcaption><\/figure>\n<p>&nbsp;<\/p>\n<p>Hoje \u00e9 dia de Galo!<\/p>\n<p>&nbsp;<\/p>\n<p>Galo entra em campo neste s\u00e1bado, dia 10, \u00e0s 21h (hor\u00e1rio de Bras\u00edlia) em jogo v\u00e1lido pela 14\u00aa rodada do Brasileir\u00e3o. A equipe alvinegra enfrentar\u00e1 o Fluminense, com direito a um Horto lotado em busca de uma vit\u00f3ria para manter o alvinegro dentre as melhores equipes da competi\u00e7\u00e3o e se colocar de vez entre os candidatos ao t\u00edtulo nesta temporada.<\/p>\n<p>O Fluminense vive uma temporada de altos e baixos, equipe reconhecida pelo bom futebol ofensivo, que n\u00e3o tem vivido boa sequ\u00eancia no Brasileir\u00e3o. Alguns trope\u00e7os importantes deixaram o clube carioca na parte debaixo da tabela, e, almejando voos mais altos, o tricolor carioca vem a Belo Horizonte em busca de somar pontos em pleno Horto. O t\u00e9cnico Fernando Diniz se mostra confiante, ap\u00f3s a vit\u00f3ria sobre o Internacional pela \u00faltima rodada &#8211; vit\u00f3ria esta que fez a equipe deixar a zona de rebaixamento e melhorou o clima que estava tenso nas Laranjeiras. As esperan\u00e7as tricolores passam muito pelos p\u00e9s de Ganso, Y. Gonzalez e Pedro, jogadores de linha de frente do clube carioca, que deve manter a forma ofensiva no estilo de jogo, mesmo atuando em Belo Horizonte.<\/p>\n<p>Como o clima anda leve na Cidade do Galo, o clube vive uma fase boa na temporada. Com a classifica\u00e7\u00e3o na Sul-Americana e a vit\u00f3ria no cl\u00e1ssico regional na \u00faltima rodada, os jogadores vivem uma \u201clua de mel\u201d com a torcida. Rodrigo Santana n\u00e3o deve contar com o volante Jair, com desgaste muscular, mas dever\u00e1 manter a linha de frente com Cazares, Vinicius, Char\u00e1 e Ricardo Oliveira, os dois meias atuaram bem na \u00faltima rodada, sendo que Vina \u00e9 o grande destaque do clube p\u00f3s- Copa Am\u00e9rica. Ricardo Oliveira e Char\u00e1 precisam justificar mais a titularidade, Geuv\u00e2nio vem pedindo passagem e a chegada de Di Santo deixa claro que a camisa 9 do clube n\u00e3o tem dono; mas, se tem uma hora boa de voltar a jogar bem, \u00e9 num confronto contra um bom time, dentro de casa, e essa \u00e9 a chance para Ricardo Oliveira voltar a marcar, o Pastor tem recebido grande apoio da torcida nesta fase ruim, que vive grande jejum. Sabendo que centro avante vive de gols, o Pastor projeta marcar e voltar a ser um destaque ofensivo para o clube.<\/p>\n<p>O Horto estar\u00e1 lotado, jogo em um bom hor\u00e1rio e com a torcida de bem com o time, azar do advers\u00e1rio que sabe a for\u00e7a que o clube tem dentro de sua casa.<\/p>\n<p>&nbsp;<\/p>\n<p>Vamos, Galo! Vamos juntos!<\/p>\n<p>O nosso Galo \u00e9 forte!<\/p>\n<p>Aqui \u00e9 Galo, sempre!<\/p>\n<p>&nbsp;<\/p>\n<p><strong>FICHA T\u00c9CNICA DA PARTIDA<\/strong><\/p>\n<p>ATL\u00c9TICO x FLUMINENSE<br \/>\n\u200bEst\u00e1dio: Independ\u00eancia<\/p>\n<p>Data e hora: 10 de agosto de 2019, \u00e0s 21h (de Bras\u00edlia)<\/p>\n<p>Motivo: 14\u00aa rodada do Campeonato Brasileiro<\/p>\n<p>Arbitragem: Wilton Pereira Sampaio.<\/p>\n<p>&nbsp;<\/p>\n<p><strong><u>PROV\u00c1VEIS ESCALA\u00c7\u00d5ES: <\/u><\/strong><\/p>\n<p><strong><u>Atl\u00e9tico-MG:<\/u><\/strong><\/p>\n<p>O prov\u00e1vel time escalado:\u200b Cleiton; Patric Igor Rabello, R\u00e9ver e F\u00e1bio Santos; Ram\u00f3n Mart\u00ednez, Elias, Char\u00e1, Vin\u00edcius e Cazares; Ricardo Oliveira. T\u00e9cnico: Rodrigo Santana.<\/p>\n<p><strong><u>Fluminense:<\/u><\/strong><\/p>\n<p>O prov\u00e1vel time escalado: Muriel, Igor Juli\u00e3o, Nino, Dig\u00e3o e Caio Henrique; Allan, Daniel e Ganso; Marcos Paulo, Y.Gonz\u00e1lez e Pedro. T\u00e9cnico: Fernando Diniz.<\/p>\n","protected":false},"excerpt":{"rendered":"<p>&nbsp; Hoje \u00e9 dia de Galo! &nbsp; Galo entra em campo neste s\u00e1bado, dia 10, \u00e0s 21h (hor\u00e1rio de Bras\u00edlia)<\/p>\n","protected":false},"author":25,"featured_media":2036,"comment_status":"open","ping_status":"open","sticky":false,"template":"","format":"standard","meta":[],"categories":[73],"tags":[84],"_links":{"self":[{"href":"https:\/\/espora13.com.br\/index.php\/wp-json\/wp\/v2\/posts\/2035"}],"collection":[{"href":"https:\/\/espora13.com.br\/index.php\/wp-json\/wp\/v2\/posts"}],"about":[{"href":"https:\/\/espora13.com.br\/index.php\/wp-json\/wp\/v2\/types\/post"}],"author":[{"embeddable":true,"href":"https:\/\/espora13.com.br\/index.php\/wp-json\/wp\/v2\/users\/25"}],"replies":[{"embeddable":true,"href":"https:\/\/espora13.com.br\/index.php\/wp-json\/wp\/v2\/comments?post=2035"}],"version-history":[{"count":3,"href":"https:\/\/espora13.com.br\/index.php\/wp-json\/wp\/v2\/posts\/2035\/revisions"}],"predecessor-version":[{"id":2039,"href":"https:\/\/espora13.com.br\/index.php\/wp-json\/wp\/v2\/posts\/2035\/revisions\/2039"}],"wp:featuredmedia":[{"embeddable":true,"href":"https:\/\/espora13.com.br\/index.php\/wp-json\/wp\/v2\/media\/2036"}],"wp:attachment":[{"href":"https:\/\/espora13.com.br\/index.php\/wp-json\/wp\/v2\/media?parent=2035"}],"wp:term":[{"taxonomy":"category","embeddable":true,"href":"https:\/\/espora13.com.br\/index.php\/wp-json\/wp\/v2\/categories?post=2035"},{"taxonomy":"post_tag","embeddable":true,"href":"https:\/\/espora13.com.br\/index.php\/wp-json\/wp\/v2\/tags?post=2035"}],"curies":[{"name":"wp","href":"https:\/\/api.w.org\/{rel}","templated":true}]}}