{"id":2112,"date":"2019-08-19T20:57:51","date_gmt":"2019-08-19T23:57:51","guid":{"rendered":"http:\/\/espora13.com.br\/?p=2112"},"modified":"2019-08-20T12:29:58","modified_gmt":"2019-08-20T15:29:58","slug":"em-um-horto-lotado-galo-enfrenta-la-equidad-pela-copa-sul-americana","status":"publish","type":"post","link":"https:\/\/espora13.com.br\/index.php\/2019\/08\/19\/em-um-horto-lotado-galo-enfrenta-la-equidad-pela-copa-sul-americana\/","title":{"rendered":"Em um Horto lotado, Galo enfrenta La Equidad pela Copa Sul-americana"},"content":{"rendered":"<figure id=\"attachment_2113\" aria-describedby=\"caption-attachment-2113\" style=\"width: 1000px\" class=\"wp-caption aligncenter\"><img loading=\"lazy\" class=\"size-full wp-image-2113\" src=\"https:\/\/espora13.com.br\/wp-content\/uploads\/2019\/08\/68516075_10157498634502552_6454841357713276928_o.jpg\" alt=\"\" width=\"1000\" height=\"665\" srcset=\"https:\/\/espora13.com.br\/wp-content\/uploads\/2019\/08\/68516075_10157498634502552_6454841357713276928_o.jpg 1000w, https:\/\/espora13.com.br\/wp-content\/uploads\/2019\/08\/68516075_10157498634502552_6454841357713276928_o-300x200.jpg 300w, https:\/\/espora13.com.br\/wp-content\/uploads\/2019\/08\/68516075_10157498634502552_6454841357713276928_o-768x511.jpg 768w, https:\/\/espora13.com.br\/wp-content\/uploads\/2019\/08\/68516075_10157498634502552_6454841357713276928_o-177x118.jpg 177w, https:\/\/espora13.com.br\/wp-content\/uploads\/2019\/08\/68516075_10157498634502552_6454841357713276928_o-272x182.jpg 272w\" sizes=\"(max-width: 1000px) 100vw, 1000px\" \/><figcaption id=\"caption-attachment-2113\" class=\"wp-caption-text\">Foto: Bruno Cantini \/ Atl\u00e9tico<\/figcaption><\/figure>\n<p>Hoje \u00e9 dia de Galo!<\/p>\n<p>O dia \u00e9 de decis\u00e3o para o Clube Atl\u00e9tico Mineiro! Galo vai a campo, nesta ter\u00e7a feira, 20\/8, \u00e0s 21h30 (hor\u00e1rio de Bras\u00edlia) em um Independ\u00eancia lotado, com expectativa de recorde. O clube alvinegro busca abrir vantagem no confronto diante da equipe do La Equidad (COL), entendendo que uma vit\u00f3ria \u00e9 essencial para manter o sonho de t\u00edtulo vivo na Cidade do Galo.<\/p>\n<p>A delega\u00e7\u00e3o da equipe colombiana chegou a Belo Horizonte nesta noite. O time tem tido bons resultados na competi\u00e7\u00e3o, ainda est\u00e1 invicto e vem em busca de um bom resultado para levar a decis\u00e3o para seus dom\u00ednios. A equipe comandada por Humberto Sierra deve jogar mais fechada em busca de se manter vivo ap\u00f3s enfrentar um gigante brasileiro.<\/p>\n<p>Para o Galo, \u00e9 mostrar que est\u00e1 na competi\u00e7\u00e3o para vencer. O duelo \u00e9 visto como primordial para o clube, pois uma boa vit\u00f3ria em Casa deixar\u00e1 o alvinegro podendo propor um jogo mais tranquilo no duelo de volta, fora de casa. O Horto ser\u00e1 for\u00e7a importante para o time. A expectativa \u00e9 de casa cheia e poss\u00edvel recorde de p\u00fablico para o duelo internacional. Rodrigo Santana deve colocar em campo o que tem de melhor, ap\u00f3s derrota amarga no campeonato brasileiro. Os jogadores precisam dar essa resposta \u00e0 torcida, confirmar o favoritismo e vencer bem o duelo contra os colombianos.<\/p>\n<p>O Galo vai para mais uma decis\u00e3o, naquela que \u00e9 a competi\u00e7\u00e3o em que as chances de conquistas est\u00e3o mais pr\u00f3ximas para o clube. Vencer o duelo de ida \u00e9 fundamental! \u00c9 um grande risco deixar para se decidir a classifica\u00e7\u00e3o dentro da casa do advers\u00e1rio! O Galo \u00e9 forte, tem uma boa equipe e precisa confirmar que entrou para vencer a competi\u00e7\u00e3o. Ser\u00e1 um jogo interessante e com a torcida ao lado do time. Enfim, a vit\u00f3ria \u00e9 o \u00fanico resultado que interessa!<\/p>\n<p>&nbsp;<\/p>\n<p>Vamos Galo! Vamos juntos!<\/p>\n<p>O nosso Galo \u00e9 forte!<\/p>\n<p>Aqui \u00e9 Galo, sempre!<\/p>\n<p>&nbsp;<\/p>\n<p><strong>FICHA T\u00c9CNICA DA PARTIDA<\/strong><\/p>\n<p><strong>\u00a0<\/strong><\/p>\n<p>Atl\u00e9tico-MG (BRA) x La Equidad (COL)<br \/>\n\u200bEst\u00e1dio: Independ\u00eancia<\/p>\n<p>Data e hora: 20 de agosto de 2019, \u00e0s 19h (hor\u00e1rio de Bras\u00edlia)<\/p>\n<p>Motivo: Quartas de final Sul-Americana<\/p>\n<p><strong><u>PROV\u00c1VEIS ESCALA\u00c7\u00d5ES: <\/u><\/strong><\/p>\n<p><strong><u>Atl\u00e9tico-MG:<\/u><\/strong><\/p>\n<p>Prov\u00e1vel time escalado: Cleiton; Patric, Igor Rabello, R\u00e9ver, F\u00e1bio Santos; Jair e Elias; Char\u00e1, Vin\u00edcius e Cazares; Ricardo Oliveira. T\u00e9cnico: Rodrigo Santana.<\/p>\n<p><strong><u>La Equidad:<\/u><\/strong><\/p>\n<p>Prov\u00e1vel time escalado: Novoa; Walmer Pacheco, Arboleda, Riquett , Torralvo; Juan Mahecha, Stalin Motta, Armando Vargas, Mat\u00edas Mier; Ethan Gonz\u00e1lez (Pablo Lima) e Peralta. T\u00e9cnico: Humberto Sierra.<\/p>\n","protected":false},"excerpt":{"rendered":"<p>Hoje \u00e9 dia de Galo! O dia \u00e9 de decis\u00e3o para o Clube Atl\u00e9tico Mineiro! Galo vai a campo, nesta<\/p>\n","protected":false},"author":25,"featured_media":2113,"comment_status":"open","ping_status":"open","sticky":false,"template":"","format":"standard","meta":[],"categories":[73],"tags":[84],"_links":{"self":[{"href":"https:\/\/espora13.com.br\/index.php\/wp-json\/wp\/v2\/posts\/2112"}],"collection":[{"href":"https:\/\/espora13.com.br\/index.php\/wp-json\/wp\/v2\/posts"}],"about":[{"href":"https:\/\/espora13.com.br\/index.php\/wp-json\/wp\/v2\/types\/post"}],"author":[{"embeddable":true,"href":"https:\/\/espora13.com.br\/index.php\/wp-json\/wp\/v2\/users\/25"}],"replies":[{"embeddable":true,"href":"https:\/\/espora13.com.br\/index.php\/wp-json\/wp\/v2\/comments?post=2112"}],"version-history":[{"count":3,"href":"https:\/\/espora13.com.br\/index.php\/wp-json\/wp\/v2\/posts\/2112\/revisions"}],"predecessor-version":[{"id":2122,"href":"https:\/\/espora13.com.br\/index.php\/wp-json\/wp\/v2\/posts\/2112\/revisions\/2122"}],"wp:featuredmedia":[{"embeddable":true,"href":"https:\/\/espora13.com.br\/index.php\/wp-json\/wp\/v2\/media\/2113"}],"wp:attachment":[{"href":"https:\/\/espora13.com.br\/index.php\/wp-json\/wp\/v2\/media?parent=2112"}],"wp:term":[{"taxonomy":"category","embeddable":true,"href":"https:\/\/espora13.com.br\/index.php\/wp-json\/wp\/v2\/categories?post=2112"},{"taxonomy":"post_tag","embeddable":true,"href":"https:\/\/espora13.com.br\/index.php\/wp-json\/wp\/v2\/tags?post=2112"}],"curies":[{"name":"wp","href":"https:\/\/api.w.org\/{rel}","templated":true}]}}