{"id":2164,"date":"2019-08-24T16:39:11","date_gmt":"2019-08-24T19:39:11","guid":{"rendered":"http:\/\/espora13.com.br\/?p=2164"},"modified":"2019-08-24T16:39:11","modified_gmt":"2019-08-24T19:39:11","slug":"reservas-do-galo-perdem-para-o-bahia-no-horto","status":"publish","type":"post","link":"https:\/\/espora13.com.br\/index.php\/2019\/08\/24\/reservas-do-galo-perdem-para-o-bahia-no-horto\/","title":{"rendered":"Reservas do Galo perdem para o Bahia no Horto"},"content":{"rendered":"<p><span style=\"font-size: 14pt\"><strong>O Jogo<\/strong><\/span><\/p>\n<p>O Galo come\u00e7ou o jogo em cima, tentando marcar rapidamente o gol. O alvinegro alternava jogadas entre Luan e Geuv\u00e2nio, com os laterais Hern\u00e1ndez e Guga sempre dando op\u00e7\u00e3o pelos lados. J\u00e1 o Bahia buscava, dentro de suas limita\u00e7\u00f5es, surpreender. O tricolor baiano tentava chegar pelos lados, sempre com os perigosos Artur e Lucca. \u00c0 medida que o jogo foi passando, o Bahia foi gradativamente adotando a estrat\u00e9gia do contra-ataque, com o Galo ainda ofensivo. O gol saiu logo cedo, ap\u00f3s o Bahia armar contra-ataque e Gilberto aproveitar cruzamento e finalizar com categoria dentro da \u00e1rea. Agora atr\u00e1s no placar, o Galo manteve a press\u00e3o e se armou ainda mais agressivo. O Bahia, por sua vez, abdicou de vez de atacar e manteve as preten\u00e7\u00f5es defensivas. O Galo, apesar de reserva, conseguia boas tramas no ataque, mas finalizava mal ou tomava a decis\u00e3o errada (problema cr\u00f4nico do time de Rodrigo Santana). Luan deu bom chute para fora, enquanto Alerrandro n\u00e3o conseguiu mandar outras bolas para o gol e Geuv\u00e2nio n\u00e3o se mostrava um bom finalizador. O grande destaque negativo do jogo at\u00e9 ent\u00e3o era Otero, que n\u00e3o conseguia apoiar o ataque ou a defesa e parecia um pouco confuso. O Bahia segurou o resultado e o primeiro tempo terminou 0 a 0.<\/p>\n<figure id=\"attachment_2166\" aria-describedby=\"caption-attachment-2166\" style=\"width: 414px\" class=\"wp-caption alignnone\"><img loading=\"lazy\" class=\" wp-image-2166\" src=\"https:\/\/espora13.com.br\/wp-content\/uploads\/2019\/08\/48612249326_07a6fd876a_o-300x200.jpg\" alt=\"\" width=\"414\" height=\"276\" srcset=\"https:\/\/espora13.com.br\/wp-content\/uploads\/2019\/08\/48612249326_07a6fd876a_o-300x200.jpg 300w, https:\/\/espora13.com.br\/wp-content\/uploads\/2019\/08\/48612249326_07a6fd876a_o-768x512.jpg 768w, https:\/\/espora13.com.br\/wp-content\/uploads\/2019\/08\/48612249326_07a6fd876a_o-1024x683.jpg 1024w, https:\/\/espora13.com.br\/wp-content\/uploads\/2019\/08\/48612249326_07a6fd876a_o-177x118.jpg 177w, https:\/\/espora13.com.br\/wp-content\/uploads\/2019\/08\/48612249326_07a6fd876a_o-272x182.jpg 272w\" sizes=\"(max-width: 414px) 100vw, 414px\" \/><figcaption id=\"caption-attachment-2166\" class=\"wp-caption-text\">Foto: Bruno Cantini \/ Atletico<\/figcaption><\/figure>\n<p>Apesar do forte Sol matinal de Belo Horizonte, o Atl\u00e9tico voltou para os \u00faltimos 45 minutos ainda com postura ofensiva. Entretanto, a frustra\u00e7\u00e3o veio quando a equipe se mostrou mais cansada, com Luan errando lances, Nathan claramente se mostrando sem f\u00f4lego e Geuv\u00e2nio perdendo a intensidade. O Atl\u00e9tico passou a concentrar mais jogadas pela esquerda, com o atacante Maicon, que substituira o apagado Otero. Mais cansado e com ainda menos entrosamento, o alvinegro errava cada vez mais jogadas trabalhadas e apelava \u00e0s jogadas individuais dos atacantes e aos lan\u00e7amentos e cruzamentos dos laterais. J\u00e1 sem ser t\u00e3o perigoso no ataque, o time atleticano viu o argentino Franco Di Santo estrear com nossa camisa, substituindo Alerrandro. Terans ainda entrou na partida no lugar de Luan, que foi vaiado. Di Santo mostrou vontade e se movimentou bem, criando algumas jogadas que n\u00e3o foram concretizadas por seus companheiros, enquanto Terans conseguiu um bom passe no ataque que acabou bloqueado pela defesa visitante, e n\u00e3o construiu muito mais que isso. A partida se desenhou frustrante nos minutos finais, pois o Galo continuava sem conseguir quebrar as linhas defensivas baianas e o Bahia amarrava bem o jogo, for\u00e7ando faltas ou jogadas de bola parada, e segurando o jogo nas pontas, com o habilidoso Artur. A partida continuou neste ritmo at\u00e9 que o \u00e1rbitro Rodolpho Toski (FIFA-PR) apitou pela \u00faltima vez a partida que declamou o fim da invencibilidade atleticana no Est\u00e1dio Independ\u00eancia.<\/p>\n<p><span style=\"font-size: 14pt\"><strong>Opini\u00e3o Final<\/strong><\/span><\/p>\n<p>Rodrigo Santana sacrificou 3 pontos contra o Bahia para priorizar a Copa Sulamericana, nossa maior chance de t\u00edtulo na temporada. Embora tal atitude fa\u00e7a sentido, s\u00f3 mostrou que o elenco atleticano n\u00e3o \u00e9 t\u00e3o qualificado assim. Temos bons volantes na reserva (Ram\u00f3n Mart\u00ednez, Z\u00e9 Welison e Nathan), bons defensores, mas que precisam mostrar mais (Guga, Lucas Hern\u00e1ndez, Leonardo Silva e Maidana), mas temos, do meio pra frente, um n\u00famero de atletas que n\u00e3o conseguem passar confian\u00e7a (Terans, Maicon, Luan, Otero, Papagaio). A partida contra o Bahia s\u00f3 ajudou a mostrar que o Atl\u00e9tico n\u00e3o tem for\u00e7a para lutar por duas competi\u00e7\u00f5es, mas sim por uma, que claramente \u00e9 a Sulamericana. N\u00e3o podemos, por\u00e9m, nos esquecer do Campeonato Brasileiro. A Sulamericana \u00e9 um mata-mata e tudo pode acontecer. Em caso de elimina\u00e7\u00e3o, ter\u00edamos que buscar pontos preciosos perdidos no Campeonato Brasileiro, e com um adendo: Enquanto o Atl\u00e9tico perde pontos, seus rivais diretos come\u00e7am a crescer de produ\u00e7\u00e3o (S\u00e3o Paulo \u00e9 um exemplo claro). A partida contra o Bahia foi frustrante de v\u00e1rias maneiras poss\u00edveis, mas nos ajudou a mostrar que devemos ter p\u00e9s no ch\u00e3o com nossas expectativas acerca do time do Atl\u00e9tico.<\/p>\n<p><span style=\"font-size: 14pt\"><strong>Ficha T\u00e9cnica<\/strong><\/span><\/p>\n<p><strong>ATL\u00c9TICO<\/strong> 0 x 1 BAHIA<br \/>\n<strong>Data:<\/strong> 24\/08\/2019<br \/>\n<strong>Est\u00e1dio:<\/strong> Arena Independ\u00eancia (Belo Horizonte (MG)<\/p>\n<p><strong>\u00c1rbitro:<\/strong> Rodolpho Toski Marques (Fifa-PR)<br \/>\n<strong>\u00c1rbitro Assistente 1:<\/strong> Bruno Boschilia (Fifa-PR)<br \/>\n<strong>\u00c1rbitro Assistente 2:<\/strong> Victor Hugo Imazu dos Santos (AB-PR)<br \/>\n<strong>Quarto \u00c1rbitro:<\/strong> Murilo Francisco Misson Junior (CD-MG)<br \/>\n<strong>Analista de Campo:<\/strong> Sandoval Franco Ferreira (CBF-MG)<br \/>\n<strong>\u00c1rbitro de V\u00eddeo:<\/strong> Jos\u00e9 Cl\u00e1udio Rocha Filho (AB-SP)<\/p>\n<p><strong>Cart\u00f5es amarelos:<\/strong> Fl\u00e1vio, Artur (Bahia)<\/p>\n<p><strong>Gol:<\/strong> Gilberto (19&#8217;\/1\u00baT)<\/p>\n<p><strong>Atl\u00e9tico<\/strong><br \/>\nCleiton; Guga, Leonardo Silva, Igor Rabello, Lucas Hern\u00e1ndez, Z\u00e9 Welison, Nathan, Otero (Maicon), Luan (Terans), Geuv\u00e2nio e Alerrandro (Di Santo).<br \/>\nT\u00e9cnico: Rodrigo Santana.<\/p>\n<p><strong>Bahia<\/strong><br \/>\nDouglas; Nino Para\u00edba, Lucas Fonseca, Juninho, Giovanni, Gregore, Fl\u00e1vio, Ronaldo (Guerra), Artur, Gilberto (Fernand\u00e3o) e Lucca (Elber).<br \/>\nT\u00e9cnico: Roger Machado.<\/p>\n<p>&nbsp;<\/p>\n<p>&nbsp;<\/p>\n","protected":false},"excerpt":{"rendered":"<p>O Jogo O Galo come\u00e7ou o jogo em cima, tentando marcar rapidamente o gol. O alvinegro alternava jogadas entre Luan<\/p>\n","protected":false},"author":14,"featured_media":2166,"comment_status":"open","ping_status":"open","sticky":false,"template":"","format":"standard","meta":[],"categories":[75],"tags":[],"_links":{"self":[{"href":"https:\/\/espora13.com.br\/index.php\/wp-json\/wp\/v2\/posts\/2164"}],"collection":[{"href":"https:\/\/espora13.com.br\/index.php\/wp-json\/wp\/v2\/posts"}],"about":[{"href":"https:\/\/espora13.com.br\/index.php\/wp-json\/wp\/v2\/types\/post"}],"author":[{"embeddable":true,"href":"https:\/\/espora13.com.br\/index.php\/wp-json\/wp\/v2\/users\/14"}],"replies":[{"embeddable":true,"href":"https:\/\/espora13.com.br\/index.php\/wp-json\/wp\/v2\/comments?post=2164"}],"version-history":[{"count":2,"href":"https:\/\/espora13.com.br\/index.php\/wp-json\/wp\/v2\/posts\/2164\/revisions"}],"predecessor-version":[{"id":2167,"href":"https:\/\/espora13.com.br\/index.php\/wp-json\/wp\/v2\/posts\/2164\/revisions\/2167"}],"wp:featuredmedia":[{"embeddable":true,"href":"https:\/\/espora13.com.br\/index.php\/wp-json\/wp\/v2\/media\/2166"}],"wp:attachment":[{"href":"https:\/\/espora13.com.br\/index.php\/wp-json\/wp\/v2\/media?parent=2164"}],"wp:term":[{"taxonomy":"category","embeddable":true,"href":"https:\/\/espora13.com.br\/index.php\/wp-json\/wp\/v2\/categories?post=2164"},{"taxonomy":"post_tag","embeddable":true,"href":"https:\/\/espora13.com.br\/index.php\/wp-json\/wp\/v2\/tags?post=2164"}],"curies":[{"name":"wp","href":"https:\/\/api.w.org\/{rel}","templated":true}]}}