{"id":2202,"date":"2019-09-11T11:19:25","date_gmt":"2019-09-11T14:19:25","guid":{"rendered":"http:\/\/espora13.com.br\/?p=2202"},"modified":"2019-09-21T14:28:40","modified_gmt":"2019-09-21T17:28:40","slug":"galo-feminino-tem-como-preparador-fisico-alexsander-dickinson","status":"publish","type":"post","link":"https:\/\/espora13.com.br\/index.php\/2019\/09\/11\/galo-feminino-tem-como-preparador-fisico-alexsander-dickinson\/","title":{"rendered":"Galo Feminino tem como preparador f\u00edsico Alexsander Dickinson"},"content":{"rendered":"<p>Novidade na comiss\u00e3o t\u00e9cnica do Galo Feminino: o antigo preparador f\u00edsico da base da Sele\u00e7\u00e3o Brasileira, Alexsander Dickinson, \u00e9 o novo integrante da comiss\u00e3o t\u00e9cnica do Galo de Futebol Feminino. Dickinson est\u00e1 respons\u00e1vel pela prepara\u00e7\u00e3o f\u00edsica da equipe da base e profissional do Atl\u00e9tico-MG, atividade desenvolvida anteriormente pelo preparador Luciano Aben\u00e7oado, que, atualmente, est\u00e1 acompanhando as jogadoras da base na academia, no bairro Conc\u00f3rdia.<\/p>\n<p style=\"text-align: left;\">A comiss\u00e3o do Galo \u00e9 composta por:<\/p>\n<table style=\"border-collapse: collapse; width: 39.7165%; height: 192px;\">\n<tbody>\n<tr style=\"height: 24px;\">\n<td style=\"width: 53.9517%; height: 24px; text-align: center;\">Coordenadora<\/td>\n<td style=\"width: 62.1659%; height: 24px; text-align: center;\">\u00a0Nina Abreu<\/td>\n<\/tr>\n<tr style=\"height: 24px;\">\n<td style=\"width: 53.9517%; height: 24px; text-align: center;\">T\u00e9cnico<\/td>\n<td style=\"width: 62.1659%; height: 24px; text-align: center;\">\u00a0Sidney Lima<\/td>\n<\/tr>\n<tr style=\"height: 24px;\">\n<td style=\"width: 53.9517%; height: 24px; text-align: center;\">Auxiliar T\u00e9cnica<\/td>\n<td style=\"width: 62.1659%; height: 24px; text-align: center;\">\u00a0Thays Guimar\u00e3es<\/td>\n<\/tr>\n<tr style=\"height: 24px;\">\n<td style=\"width: 53.9517%; height: 24px; text-align: center;\"><em>Coach<\/em><\/td>\n<td style=\"width: 62.1659%; height: 24px; text-align: center;\">\u00a0Cassiano Hipolito<\/td>\n<\/tr>\n<tr style=\"height: 24px;\">\n<td style=\"width: 53.9517%; height: 24px; text-align: center;\">\u00a0Treinador de Goleiras<\/td>\n<td style=\"width: 62.1659%; height: 24px; text-align: center;\">Eli de Paula<\/td>\n<\/tr>\n<tr style=\"height: 24px;\">\n<td style=\"width: 53.9517%; height: 24px; text-align: center;\">Fisioterapeuta<\/td>\n<td style=\"width: 62.1659%; height: 24px; text-align: center;\">Gabriela Breder<\/td>\n<\/tr>\n<tr style=\"height: 24px;\">\n<td style=\"width: 53.9517%; height: 24px; text-align: center;\">Preparador F\u00edsico<\/td>\n<td style=\"width: 62.1659%; height: 24px; text-align: center;\">Alexsander Dickinson<\/td>\n<\/tr>\n<tr style=\"height: 24px;\">\n<td style=\"width: 53.9517%; height: 24px; text-align: center;\">M\u00e9dica<\/td>\n<td style=\"width: 62.1659%; height: 24px; text-align: center;\">\u00a0Marcella Rodrigues<\/td>\n<\/tr>\n<\/tbody>\n<\/table>\n<p><a href=\"https:\/\/www.youtube.com\/watch?v=UPY6YQSMsJk\">Confira nossa entrevista com o excelente profissional no canal TV Espora 13<\/a><\/p>\n<figure id=\"attachment_2288\" aria-describedby=\"caption-attachment-2288\" style=\"width: 874px\" class=\"wp-caption alignnone\"><img loading=\"lazy\" class=\"size-full wp-image-2288\" src=\"https:\/\/espora13.com.br\/wp-content\/uploads\/2019\/09\/32.jpg\" alt=\"\" width=\"874\" height=\"484\" srcset=\"https:\/\/espora13.com.br\/wp-content\/uploads\/2019\/09\/32.jpg 874w, https:\/\/espora13.com.br\/wp-content\/uploads\/2019\/09\/32-300x166.jpg 300w, https:\/\/espora13.com.br\/wp-content\/uploads\/2019\/09\/32-768x425.jpg 768w\" sizes=\"(max-width: 874px) 100vw, 874px\" \/><figcaption id=\"caption-attachment-2288\" class=\"wp-caption-text\">Imagem Reprodu\u00e7\u00e3o: TV Espora 13.<\/figcaption><\/figure>\n<p>Essa foi a primeira das cinco partes da s\u00e9rie de entrevistas do Prosa Alvinegra: novo quadro de entrevistas do canal TV Espora 13 no Youtube.<\/p>\n<p>Inscreva-se no canal! E fique ligado nas pr\u00f3ximas entrevistas!<\/p>\n<p>Meninas do Galo! Respeita as minas! Acredita nelas!<\/p>\n<p>Esporada neles, Galo!!!<\/p>\n","protected":false},"excerpt":{"rendered":"<p>Novidade na comiss\u00e3o t\u00e9cnica do Galo Feminino: o antigo preparador f\u00edsico da base da Sele\u00e7\u00e3o Brasileira, Alexsander Dickinson, \u00e9 o<\/p>\n","protected":false},"author":6,"featured_media":2290,"comment_status":"open","ping_status":"open","sticky":false,"template":"","format":"standard","meta":[],"categories":[96],"tags":[84],"_links":{"self":[{"href":"https:\/\/espora13.com.br\/index.php\/wp-json\/wp\/v2\/posts\/2202"}],"collection":[{"href":"https:\/\/espora13.com.br\/index.php\/wp-json\/wp\/v2\/posts"}],"about":[{"href":"https:\/\/espora13.com.br\/index.php\/wp-json\/wp\/v2\/types\/post"}],"author":[{"embeddable":true,"href":"https:\/\/espora13.com.br\/index.php\/wp-json\/wp\/v2\/users\/6"}],"replies":[{"embeddable":true,"href":"https:\/\/espora13.com.br\/index.php\/wp-json\/wp\/v2\/comments?post=2202"}],"version-history":[{"count":12,"href":"https:\/\/espora13.com.br\/index.php\/wp-json\/wp\/v2\/posts\/2202\/revisions"}],"predecessor-version":[{"id":2386,"href":"https:\/\/espora13.com.br\/index.php\/wp-json\/wp\/v2\/posts\/2202\/revisions\/2386"}],"wp:featuredmedia":[{"embeddable":true,"href":"https:\/\/espora13.com.br\/index.php\/wp-json\/wp\/v2\/media\/2290"}],"wp:attachment":[{"href":"https:\/\/espora13.com.br\/index.php\/wp-json\/wp\/v2\/media?parent=2202"}],"wp:term":[{"taxonomy":"category","embeddable":true,"href":"https:\/\/espora13.com.br\/index.php\/wp-json\/wp\/v2\/categories?post=2202"},{"taxonomy":"post_tag","embeddable":true,"href":"https:\/\/espora13.com.br\/index.php\/wp-json\/wp\/v2\/tags?post=2202"}],"curies":[{"name":"wp","href":"https:\/\/api.w.org\/{rel}","templated":true}]}}