{"id":2217,"date":"2019-09-01T00:07:55","date_gmt":"2019-09-01T03:07:55","guid":{"rendered":"http:\/\/espora13.com.br\/?p=2217"},"modified":"2019-09-14T20:45:39","modified_gmt":"2019-09-14T23:45:39","slug":"galo-tenta-estragar-a-festa-do-corinthians-na-arena","status":"publish","type":"post","link":"https:\/\/espora13.com.br\/index.php\/2019\/09\/01\/galo-tenta-estragar-a-festa-do-corinthians-na-arena\/","title":{"rendered":"Galo tenta estragar a festa do Corinthians na Arena"},"content":{"rendered":"<figure id=\"attachment_2218\" aria-describedby=\"caption-attachment-2218\" style=\"width: 1000px\" class=\"wp-caption aligncenter\"><img loading=\"lazy\" class=\"size-full wp-image-2218\" src=\"https:\/\/espora13.com.br\/wp-content\/uploads\/2019\/09\/69555496_10157528213147552_2133510336974684160_o.jpg\" alt=\"\" width=\"1000\" height=\"665\" srcset=\"https:\/\/espora13.com.br\/wp-content\/uploads\/2019\/09\/69555496_10157528213147552_2133510336974684160_o.jpg 1000w, https:\/\/espora13.com.br\/wp-content\/uploads\/2019\/09\/69555496_10157528213147552_2133510336974684160_o-300x200.jpg 300w, https:\/\/espora13.com.br\/wp-content\/uploads\/2019\/09\/69555496_10157528213147552_2133510336974684160_o-768x511.jpg 768w, https:\/\/espora13.com.br\/wp-content\/uploads\/2019\/09\/69555496_10157528213147552_2133510336974684160_o-177x118.jpg 177w, https:\/\/espora13.com.br\/wp-content\/uploads\/2019\/09\/69555496_10157528213147552_2133510336974684160_o-272x182.jpg 272w\" sizes=\"(max-width: 1000px) 100vw, 1000px\" \/><figcaption id=\"caption-attachment-2218\" class=\"wp-caption-text\">Foto: Atl\u00e9tico\/Bruno Cantini\/Pedro Souza.<\/figcaption><\/figure>\n<p>&nbsp;<\/p>\n<p>Galo enfrenta a equipe do Corinthians, neste domingo, <span class=\"st\">1\u00ba<\/span> de setembro, em S\u00e3o Paulo, \u00e0s 19h (hor\u00e1rio de Bras\u00edlia), em um duelo que vale pontos preciosos para as equipes, as quais jogam em busca de subir na tabela e encostar nos atuais l\u00edderes do campeonato.<\/p>\n<p>O Corinthians deve receber bom p\u00fablico em sua arena, j\u00e1 que o clube comemora 109 anos neste domingo e quer presentear sua torcida com um bom futebol e a vit\u00f3ria. O time comandado por F\u00e1bio Carile \u00e9 o atual 5\u00ba colocado do Brasileir\u00e3o; e, ap\u00f3s a classifica\u00e7\u00e3o na Copa Sul-Americana, o clube paulista espera um bom resultado para entrar de vez na briga por mais uma ta\u00e7a do campeonato nacional. Vagner Love \u00e9 a esperan\u00e7a de gols para o time, que deve entrar com for\u00e7a m\u00e1xima para buscar fazer a festa da torcida. Abusando dos contra-ataques e das bolas \u00e1reas, os paulistas sabem usar as armas que t\u00eam, diante de um advers\u00e1rio que briga direto pelo G4 do campeonato, indo buscar a vit\u00f3ria em casa e mostrar que tem grandes pretens\u00f5es para o Brasileir\u00e3o 2019.<\/p>\n<p>Fora de casa, o Galo tem duro duelo pela frente. Diante de um advers\u00e1rio forte e com casa cheia, o alvinegro vai a campo para \u201cestragar\u201d a festa corintiana e voltar para Belo Horizonte com os tr\u00eas pontos na bagagem. Tamb\u00e9m classificado na Copa Sul-Americana, o alvinegro vem de derrota em casa pela \u00faltima rodada do Brasileir\u00e3o e sabe que ter\u00e1 de correr atr\u00e1s dos pontos perdidos e se recuperar na tabela do campeonato. Rodrigo Santana deve colocar em campo o que tem de melhor, e conta com a boa-fase de sua dupla de volantes, Jair e Elias, para jogar com intelig\u00eancia e mostrar for\u00e7a fora de casa. A vit\u00f3ria pode significar aproximar-se dos l\u00edderes do campeonato. \u00c9 fundamental para que o alvinegro mantenha suas chances de t\u00edtulo. O sonho \u00e9 poss\u00edvel, e com um campeonato longo ter regularidade ser\u00e1 fundamental!<\/p>\n<p>Vamos pra cima deles, Galo!<\/p>\n<p>Aqui \u00e9 Galo, sempre!<\/p>\n<p>&nbsp;<\/p>\n<p><strong>FICHA T\u00c9CNICA DA PARTIDA<\/strong><\/p>\n<p><strong>\u00a0<\/strong><\/p>\n<p>Corinthians x Atl\u00e9tico-MG<br \/>\n\u200b<\/p>\n<p>Est\u00e1dio: Arena Itaquera (SP)<\/p>\n<p>Data e hora: <span class=\"st\">1\u00ba<\/span> de setembro de 2019, \u00e0s 19h (hor\u00e1rio de Bras\u00edlia)<\/p>\n<p>Motivo: 17\u00aa rodada Campeonato Brasileiro 2019<\/p>\n<p>\u00c1rbitro: Wilton Pereira Sampaio (GO)<\/p>\n<p>&nbsp;<\/p>\n<p><strong><u>PROV\u00c1VEIS ESCALA\u00c7\u00d5ES: <\/u><\/strong><\/p>\n<p><strong><u>Corinthians:<\/u><\/strong><\/p>\n<p>Prov\u00e1vel time escalado: C\u00e1ssio; Fagner, Manoel, Gil e Danilo Avelar, Ralf, Pedrinho, J\u00fanior Urso, Mateus Vital e Clayson, Vagner Love. T\u00e9cnico: F\u00e1bio Carille.<\/p>\n<p>&nbsp;<\/p>\n<p><strong><u>Atl\u00e9tico-MG:<\/u><\/strong><\/p>\n<p>Prov\u00e1vel time escalado: Cleiton; Patric, R\u00e9ver, Igor Rabello e F\u00e1bio Santos, Jair; Char\u00e1, Elias, Vin\u00edcius e Cazares, Ricardo Oliveira. T\u00e9cnico: Rodrigo Santana.<\/p>\n","protected":false},"excerpt":{"rendered":"<p>&nbsp; Galo enfrenta a equipe do Corinthians, neste domingo, 1\u00ba de setembro, em S\u00e3o Paulo, \u00e0s 19h (hor\u00e1rio de Bras\u00edlia),<\/p>\n","protected":false},"author":25,"featured_media":2218,"comment_status":"open","ping_status":"open","sticky":false,"template":"","format":"standard","meta":[],"categories":[73],"tags":[84],"_links":{"self":[{"href":"https:\/\/espora13.com.br\/index.php\/wp-json\/wp\/v2\/posts\/2217"}],"collection":[{"href":"https:\/\/espora13.com.br\/index.php\/wp-json\/wp\/v2\/posts"}],"about":[{"href":"https:\/\/espora13.com.br\/index.php\/wp-json\/wp\/v2\/types\/post"}],"author":[{"embeddable":true,"href":"https:\/\/espora13.com.br\/index.php\/wp-json\/wp\/v2\/users\/25"}],"replies":[{"embeddable":true,"href":"https:\/\/espora13.com.br\/index.php\/wp-json\/wp\/v2\/comments?post=2217"}],"version-history":[{"count":4,"href":"https:\/\/espora13.com.br\/index.php\/wp-json\/wp\/v2\/posts\/2217\/revisions"}],"predecessor-version":[{"id":2315,"href":"https:\/\/espora13.com.br\/index.php\/wp-json\/wp\/v2\/posts\/2217\/revisions\/2315"}],"wp:featuredmedia":[{"embeddable":true,"href":"https:\/\/espora13.com.br\/index.php\/wp-json\/wp\/v2\/media\/2218"}],"wp:attachment":[{"href":"https:\/\/espora13.com.br\/index.php\/wp-json\/wp\/v2\/media?parent=2217"}],"wp:term":[{"taxonomy":"category","embeddable":true,"href":"https:\/\/espora13.com.br\/index.php\/wp-json\/wp\/v2\/categories?post=2217"},{"taxonomy":"post_tag","embeddable":true,"href":"https:\/\/espora13.com.br\/index.php\/wp-json\/wp\/v2\/tags?post=2217"}],"curies":[{"name":"wp","href":"https:\/\/api.w.org\/{rel}","templated":true}]}}