{"id":2405,"date":"2019-09-25T19:44:53","date_gmt":"2019-09-25T22:44:53","guid":{"rendered":"http:\/\/espora13.com.br\/?p=2405"},"modified":"2019-09-26T15:54:32","modified_gmt":"2019-09-26T18:54:32","slug":"mirando-a-lideranca-isolada-galo-fa-recebe-a-portuguesa-buscando-manutencao-da-invencibilidade","status":"publish","type":"post","link":"https:\/\/espora13.com.br\/index.php\/2019\/09\/25\/mirando-a-lideranca-isolada-galo-fa-recebe-a-portuguesa-buscando-manutencao-da-invencibilidade\/","title":{"rendered":"Mirando a lideran\u00e7a isolada, Galo FA recebe a Portuguesa buscando manuten\u00e7\u00e3o da invencibilidade"},"content":{"rendered":"<p>Mais um final de semana de jogos se aproxima, e o time do Galo FA estar\u00e1 em campo. Nessa rodada o time mineiro recebe a Portuguesa FA, um dos grandes times do cen\u00e1rio nacional, buscando a manuten\u00e7\u00e3o da invencibilidade, o aumento do recorde e a lideran\u00e7a isolada do Grupo A da Confer\u00eancia Sudeste.<\/p>\n<figure id=\"attachment_2406\" aria-describedby=\"caption-attachment-2406\" style=\"width: 511px\" class=\"wp-caption aligncenter\"><img loading=\"lazy\" class=\"wp-image-2406 \" src=\"https:\/\/espora13.com.br\/wp-content\/uploads\/2019\/09\/67-300x188.jpg\" alt=\"Arte Edi\u00e7\u00e3o: AJ Designer \/ Espora 13 \/ Sarr\u00e3o Designer | Foto: Atl\u00e9tico \/ Galo FA \/ Portuguesa FA\" width=\"511\" height=\"320\" srcset=\"https:\/\/espora13.com.br\/wp-content\/uploads\/2019\/09\/67-300x188.jpg 300w, https:\/\/espora13.com.br\/wp-content\/uploads\/2019\/09\/67-768x481.jpg 768w, https:\/\/espora13.com.br\/wp-content\/uploads\/2019\/09\/67.jpg 914w\" sizes=\"(max-width: 511px) 100vw, 511px\" \/><figcaption id=\"caption-attachment-2406\" class=\"wp-caption-text\">Arte Edi\u00e7\u00e3o: AJ Designers \/ Espora 13 \/ Sarr\u00e3o Designer | Foto: Atl\u00e9tico \/ Galo FA \/ Portuguesa FA<\/figcaption><\/figure>\n<p>A base do time de Futebol Americano da Portuguesa formou-se em 2005 quando o nome era Rhynos na categoria Flag. A partir de 2011 o time virou fullpad, em 2014 se transformou em Lusa Lions e desde o ano passado \u00e9 chamada de Portuguesa FA. A campanha da equipe paulista na BFA 2019 est\u00e1 invicta: 4 vit\u00f3rias em 4 partidas disputadas.<\/p>\n<p>Na abertura da Liga o primeiro advers\u00e1rio foi o Flamengo Imperadores em casa, tendo o placar final de 31 x 13. O segundo jogo foi um cl\u00e1ssico paulista, novamente em seus dom\u00ednios, contra o Corinthians Steamrollers e finalizou com o placar de 38 x 20. Na rodada seguinte a Portuguesa enfrentou o S\u00e3o Paulo Storm vencendo por 42 x 00, e na \u00faltima partida disputada viajou at\u00e9 Ribeir\u00e3o Preto para vencer o Challengers por 42 x 12. Atualmente a equipe paulista possui o melhor ataque da Confer\u00eancia, tendo marcado 153 pontos.<\/p>\n<figure id=\"attachment_2407\" aria-describedby=\"caption-attachment-2407\" style=\"width: 697px\" class=\"wp-caption aligncenter\"><img loading=\"lazy\" class=\"wp-image-2407 \" src=\"https:\/\/espora13.com.br\/wp-content\/uploads\/2019\/09\/70-300x188.jpg\" alt=\"Arte Edi\u00e7\u00e3o: AJ Designer \/ Espora 13 \/ Sarr\u00e3o Designer | Foto: Atl\u00e9tico\" width=\"697\" height=\"437\" srcset=\"https:\/\/espora13.com.br\/wp-content\/uploads\/2019\/09\/70-300x188.jpg 300w, https:\/\/espora13.com.br\/wp-content\/uploads\/2019\/09\/70-768x480.jpg 768w, https:\/\/espora13.com.br\/wp-content\/uploads\/2019\/09\/70.jpg 915w\" sizes=\"(max-width: 697px) 100vw, 697px\" \/><figcaption id=\"caption-attachment-2407\" class=\"wp-caption-text\">Arte Edi\u00e7\u00e3o: AJ Designers \/ Espora 13 \/ Sarr\u00e3o Designer | Foto: Atl\u00e9tico<\/figcaption><\/figure>\n<p>Se o maior pontuador do Sudeste \u00e9 a equipe paulista, o time mineiro possui a melhor defesa da Confer\u00eancia, tendo cedido apenas 23 pontos nas 4 partidas disputadas. No primeiro jogo o Galo recebeu o Trit\u00f5es e venceu por 29 x 06 a equipe capixaba. A segunda partida foi realizada em Ribeir\u00e3o Preto contra o Challengers e teve vit\u00f3ria pelo placar de 38 x 07. Voltando para casa recebeu o Flamengo Imperadores e venceu por 25 x 03. E na \u00faltima partida viajou para Rio das Ostras e venceu o Maca\u00e9 Oilers pelo placar de 39 x 07.<\/p>\n<p>Sobre o \u00faltimo jogo, conversamos com o Head Coach Rodolfo Negro sobre as duas semanas de treino, al\u00e9m da evolu\u00e7\u00e3o do ataque alvinegro e os pontos desperdi\u00e7ados devido \u00e0s faltas da linha ofensiva. <strong><em>\u201cSim depois do jogo contra o Oilers nosso ataque come\u00e7ou a ter mais confian\u00e7a gra\u00e7as ao trabalho do Coach Marcus. E tenho certeza que este jogo dar\u00e3o uns 110% j\u00e1 que temos os melhores WR do pa\u00eds e uma linha comandada por Dhiego Gordo, que vai explodir neste jogo. Os erros por castigos que temos sofrido s\u00e3o por indisciplina. Temos que ser disciplinados desde o in\u00edcio para que no jogo tudo d\u00ea certo\u201d<\/em><\/strong>, disse o coach.<\/p>\n<figure id=\"attachment_2053\" aria-describedby=\"caption-attachment-2053\" style=\"width: 300px\" class=\"wp-caption aligncenter\"><img loading=\"lazy\" class=\"wp-image-2053 size-medium\" src=\"https:\/\/espora13.com.br\/wp-content\/uploads\/2019\/08\/IMG-20190811-WA0095-300x197.jpg\" alt=\"Foto: Davi Arduino\" width=\"300\" height=\"197\" srcset=\"https:\/\/espora13.com.br\/wp-content\/uploads\/2019\/08\/IMG-20190811-WA0095-300x197.jpg 300w, https:\/\/espora13.com.br\/wp-content\/uploads\/2019\/08\/IMG-20190811-WA0095-768x503.jpg 768w, https:\/\/espora13.com.br\/wp-content\/uploads\/2019\/08\/IMG-20190811-WA0095-1024x671.jpg 1024w, https:\/\/espora13.com.br\/wp-content\/uploads\/2019\/08\/IMG-20190811-WA0095.jpg 1280w\" sizes=\"(max-width: 300px) 100vw, 300px\" \/><figcaption id=\"caption-attachment-2053\" class=\"wp-caption-text\">Foto: Davi Arduino<\/figcaption><\/figure>\n<p>Tamb\u00e9m perguntamos sobre este grande desafio que ser\u00e1 a partida contra a Portuguesa, que ser\u00e1 o embate do melhor ataque contra a melhor defesa da Confer\u00eancia: <strong><em>\u201cSem d\u00favida alguma e sem dem\u00e9rito dos outros times. Portuguesa ser\u00e1 o rival mais importante que teremos nesta fase de grupo. Sem d\u00favida o ataque deles \u00e9 de respeito, mas nossa defesa \u00e9 a melhor do pa\u00eds homem por homem. E repito: nosso ataque est\u00e1 pronto para acordar e ganhar este jogo. Um ponto importante nele que teremos que trabalhar \u00e9 ele n\u00e3o cair em provoca\u00e7\u00f5es e manter a mente fria, j\u00e1 que a Portuguesa al\u00e9m de ter um bom jogo \u00e9 um time que gosta de incomodar a os jogadores rivais e assim que estamos prontos. A torcida tem que lotar o est\u00e1dio e torcer por seu time que sem d\u00favida alguma dar\u00e1 o melhor para entregar um grande espet\u00e1culo para eles\u201d<\/em><\/strong>.<\/p>\n<p>Tamb\u00e9m conversamos com o defensive end do Galo, o atleta Carlos Nascimento, que nos falou como foram estas duas semanas de trabalho e sobre o duelo ataque x defesa: <strong><em>\u201cDesde quando acabou o jogo contra o Maca\u00e9 estamos treinando para enfrentar o ataque da Portuguesa, com isso o trabalho est\u00e1 sendo especificamente com objetivo de parar o ataque deles e poder manter nosso trabalho defensivo, impedindo que eles possam pontuar e deixando nosso ataque na melhor posi\u00e7\u00e3o dentro de campo para que possam fazer o seu trabalho e para que possamos sair com a vit\u00f3ria\u201d<\/em><\/strong>, comentou.<\/p>\n<figure id=\"attachment_2408\" aria-describedby=\"caption-attachment-2408\" style=\"width: 254px\" class=\"wp-caption aligncenter\"><img loading=\"lazy\" class=\"wp-image-2408 size-medium\" src=\"https:\/\/espora13.com.br\/wp-content\/uploads\/2019\/09\/69404837_2996179207120249_6952641825469017685_n-254x300.jpg\" alt=\"Fonte: Instagram @galofamericano\" width=\"254\" height=\"300\" srcset=\"https:\/\/espora13.com.br\/wp-content\/uploads\/2019\/09\/69404837_2996179207120249_6952641825469017685_n-254x300.jpg 254w, https:\/\/espora13.com.br\/wp-content\/uploads\/2019\/09\/69404837_2996179207120249_6952641825469017685_n-768x908.jpg 768w, https:\/\/espora13.com.br\/wp-content\/uploads\/2019\/09\/69404837_2996179207120249_6952641825469017685_n-867x1024.jpg 867w, https:\/\/espora13.com.br\/wp-content\/uploads\/2019\/09\/69404837_2996179207120249_6952641825469017685_n.jpg 1024w\" sizes=\"(max-width: 254px) 100vw, 254px\" \/><figcaption id=\"caption-attachment-2408\" class=\"wp-caption-text\">Fonte: Instagram <a href=\"http:\/\/instagram.com\/galofamericano\" target=\"_blank\" rel=\"noopener noreferrer\">@galofamericano<\/a><\/figcaption><\/figure>\n<p>A partida ser\u00e1 realizada no SESC Venda Nova, localizado na Rua Jos\u00e9 F\u00e9lix Martins 1246, bairro Mantiqueira. \u00a0Os ingressos est\u00e3o sendo vendidos no site do <a href=\"https:\/\/www.sympla.com.br\/galo-futebol-americano-x-portuguesa__654925\" target=\"_blank\" rel=\"noopener noreferrer\">Sympla<\/a> (<a href=\"https:\/\/www.sympla.com.br\/galo-futebol-americano-x-portuguesa__654925\" target=\"_blank\" rel=\"noopener noreferrer\">clique aqui para adquirir seu ingresso<\/a>), Loja do Galo Lourdes e tamb\u00e9m ser\u00e1 vendido na portaria de entrada. Contamos com toda a massa alvinegra para lotar as arquibancadas e torcer por mais uma vit\u00f3ria da equipe mineira.<\/p>\n<p>PRA CIMA DELES GALO!!!<\/p>\n<p>&nbsp;<\/p>\n<p>FICHA T\u00c9CNICA DA PARTIDA<\/p>\n<p>GALO FA X PORTUGUESA FA<\/p>\n<p>Est\u00e1dio: SESC Venda Nova<\/p>\n<p>Data e hora: 28 de setembro de 2019, \u00e0s 17h (hor\u00e1rio de Bras\u00edlia)<\/p>\n<p>Motivo: Quinta rodada da Confer\u00eancia Sudeste da BFA Elite<\/p>\n<p>Ingressos: dispon\u00edveis no <a href=\"https:\/\/www.sympla.com.br\/galo-futebol-americano-x-portuguesa__654925\" target=\"_blank\" rel=\"noopener noreferrer\">Sympla<\/a> (<a href=\"https:\/\/www.sympla.com.br\/galo-futebol-americano-x-portuguesa__654925\" target=\"_blank\" rel=\"noopener noreferrer\">clique aqui para comprar seu ingresso<\/a>)<\/p>\n<p>&nbsp;<\/p>\n<p>Esporada neles, Galo!!!<\/p>\n<p>Espora 13, o portal de todas as modalidades do Galo!<\/p>\n","protected":false},"excerpt":{"rendered":"<p>Mais um final de semana de jogos se aproxima, e o time do Galo FA estar\u00e1 em campo. Nessa rodada<\/p>\n","protected":false},"author":1,"featured_media":2406,"comment_status":"open","ping_status":"open","sticky":false,"template":"","format":"standard","meta":[],"categories":[20],"tags":[98,105,45,38,114],"_links":{"self":[{"href":"https:\/\/espora13.com.br\/index.php\/wp-json\/wp\/v2\/posts\/2405"}],"collection":[{"href":"https:\/\/espora13.com.br\/index.php\/wp-json\/wp\/v2\/posts"}],"about":[{"href":"https:\/\/espora13.com.br\/index.php\/wp-json\/wp\/v2\/types\/post"}],"author":[{"embeddable":true,"href":"https:\/\/espora13.com.br\/index.php\/wp-json\/wp\/v2\/users\/1"}],"replies":[{"embeddable":true,"href":"https:\/\/espora13.com.br\/index.php\/wp-json\/wp\/v2\/comments?post=2405"}],"version-history":[{"count":3,"href":"https:\/\/espora13.com.br\/index.php\/wp-json\/wp\/v2\/posts\/2405\/revisions"}],"predecessor-version":[{"id":2425,"href":"https:\/\/espora13.com.br\/index.php\/wp-json\/wp\/v2\/posts\/2405\/revisions\/2425"}],"wp:featuredmedia":[{"embeddable":true,"href":"https:\/\/espora13.com.br\/index.php\/wp-json\/wp\/v2\/media\/2406"}],"wp:attachment":[{"href":"https:\/\/espora13.com.br\/index.php\/wp-json\/wp\/v2\/media?parent=2405"}],"wp:term":[{"taxonomy":"category","embeddable":true,"href":"https:\/\/espora13.com.br\/index.php\/wp-json\/wp\/v2\/categories?post=2405"},{"taxonomy":"post_tag","embeddable":true,"href":"https:\/\/espora13.com.br\/index.php\/wp-json\/wp\/v2\/tags?post=2405"}],"curies":[{"name":"wp","href":"https:\/\/api.w.org\/{rel}","templated":true}]}}