{"id":2412,"date":"2019-09-25T21:16:42","date_gmt":"2019-09-26T00:16:42","guid":{"rendered":"http:\/\/espora13.com.br\/?p=2412"},"modified":"2019-09-25T21:33:35","modified_gmt":"2019-09-26T00:33:35","slug":"agora-e-guerra-galo-enfrenta-o-colon-por-vaga-na-final-da-sul-americana","status":"publish","type":"post","link":"https:\/\/espora13.com.br\/index.php\/2019\/09\/25\/agora-e-guerra-galo-enfrenta-o-colon-por-vaga-na-final-da-sul-americana\/","title":{"rendered":"Agora \u00e9 Guerra! Galo enfrenta o Col\u00f3n por vaga na final da Sul-Americana"},"content":{"rendered":"<figure id=\"attachment_2413\" aria-describedby=\"caption-attachment-2413\" style=\"width: 1000px\" class=\"wp-caption aligncenter\"><img loading=\"lazy\" class=\"size-full wp-image-2413\" src=\"https:\/\/espora13.com.br\/wp-content\/uploads\/2019\/09\/71808322_10157590931727552_8255859352678694912_o.jpg\" alt=\"\" width=\"1000\" height=\"665\" srcset=\"https:\/\/espora13.com.br\/wp-content\/uploads\/2019\/09\/71808322_10157590931727552_8255859352678694912_o.jpg 1000w, https:\/\/espora13.com.br\/wp-content\/uploads\/2019\/09\/71808322_10157590931727552_8255859352678694912_o-300x200.jpg 300w, https:\/\/espora13.com.br\/wp-content\/uploads\/2019\/09\/71808322_10157590931727552_8255859352678694912_o-768x511.jpg 768w, https:\/\/espora13.com.br\/wp-content\/uploads\/2019\/09\/71808322_10157590931727552_8255859352678694912_o-177x118.jpg 177w, https:\/\/espora13.com.br\/wp-content\/uploads\/2019\/09\/71808322_10157590931727552_8255859352678694912_o-272x182.jpg 272w\" sizes=\"(max-width: 1000px) 100vw, 1000px\" \/><figcaption id=\"caption-attachment-2413\" class=\"wp-caption-text\">Foto: Atl\u00e9tico\/Bruno Cantini\/Pedro Souza<\/figcaption><\/figure>\n<p>&nbsp;<\/p>\n<p>\u00c9 hora de decis\u00e3o!<\/p>\n<p>N\u00e3o se pode vacilar!<\/p>\n<p>Hora de mostrar a for\u00e7a que tem nossa camisa!<\/p>\n<p>&nbsp;<\/p>\n<p>Em duelo que vale vaga na grande final da Copa Sul-Americana, o Galo enfrenta a equipe do Col\u00f3n da Argentina, no Mineir\u00e3o lotado no jogo de volta v\u00e1lido pela semifinal da competi\u00e7\u00e3o continental. A equipe alvinegra precisa vencer, ap\u00f3s o resultado adverso que trouxe da Argentina, o duelo \u00e9 mais um passo para salvar a temporada alvinegra e trazer de volta os bons ventos para a Cidade do Galo.<\/p>\n<p>A equipe argentina do Col\u00f3n vem vivendo uma boa temporada, com um time forte em casa, e inteligente fora, sabem das boas possibilidades de t\u00edtulos na competi\u00e7\u00e3o. O placar conquistado dentro de casa, 2&#215;1, deu uma motiva\u00e7\u00e3o extra aos comandados do t\u00e9cnico Pablo Lavall\u00e9n. Ap\u00f3s sa\u00edrem perdendo e conquistarem a grande virada, os jogadores passaram a acreditar ainda mais, num resultado positivo diante de um forte advers\u00e1rio brasileiro, que vive um momento de crise. O clima \u00e9 de muito otimismo nos \u00faltimos treinamentos da equipe, e mesmo diante de um Mineir\u00e3o lotado, o time argentino deve buscar os contra golpes para surpreender e chegar \u00e0 grande final da competi\u00e7\u00e3o.<\/p>\n<p>Para o Galo, o jogo \u00e9 de vida ou morte! O clima anda pesado nos lados do alvinegro, o clube vive jejum de vit\u00f3rias, e com atua\u00e7\u00f5es abaixo das cr\u00edticas. Atletas de renome n\u00e3o est\u00e3o resolvendo, e o t\u00e9cnico Rodrigo Santana vive um momento delicado no comando do time. Nada que destrua o clima de otimismo dos torcedores, que deve permanecer em peso e ser mais uma vez, um ponto forte de apoio ao time. O Galo vai a campo com o que tem de melhor, e o argentino Di Santo deve ser o grande respons\u00e1vel pelo comando do ataque alvinegro, os atletas que jogam na frente vivem p\u00e9ssima fase, e caber\u00e1 ao argentino provar que veio para o clube pra somar. O clube tem pecado e muito nos \u00faltimos jogos, principalmente no meio-campo ofensivo, Cazares e Vinicius ter\u00e3o mais uma chance de provar que podem fazer a diferen\u00e7a dentro de campo para o clube alvinegro.<\/p>\n<p>Decis\u00e3o \u00e9 Guerra! Jogadores que vestem essa camisa, n\u00e3o podem se darem por vencidos em campo, os \u00faltimos jogos provaram que alguns atletas n\u00e3o mostram ter sangue nos olhos para jogarem com a camisa alvinegra, e isso tem que mudar!<\/p>\n<p>O jogo vale a temporada, os atletas precisam entrar em campo com intelig\u00eancia e, principalmente com respeito a hist\u00f3ria e a camisa do Clube Atl\u00e9tico Mineiro!<\/p>\n<p>Ra\u00e7a, Ra\u00e7a, Ra\u00e7a e vamos Galo!!!<\/p>\n<p>A final \u00e9 logo ali!<\/p>\n<p>Vamos pra cima Galo!!<\/p>\n<p>Intelig\u00eancia e determina\u00e7\u00e3o!<\/p>\n<p>Aqui \u00e9 Galo, Sempre!<\/p>\n<p>&nbsp;<\/p>\n<p>&nbsp;<\/p>\n<p><strong>FICHA T\u00c9CNICA DA PARTIDA<\/strong><\/p>\n<p><strong>\u00a0<\/strong><\/p>\n<p>ATL\u00c9TICO X COL\u00d3N (ARG)<br \/>\n\u200bEst\u00e1dio: Mineir\u00e3o<\/p>\n<p>Data e hora: 26 de setembro de 2019, \u00e0s 21:30hs (de Bras\u00edlia)<\/p>\n<p>Motivo: Semifinal Copa Sul-Americana<\/p>\n<p>\u00c1rbitro: Andr\u00e9s Rojas (COL)<\/p>\n<p>&nbsp;<\/p>\n<p><strong><u>PROV\u00c1VEIS ESCALA\u00c7\u00d5ES: <\/u><\/strong><\/p>\n<p><strong><u>Atl\u00e9tico:<\/u><\/strong><\/p>\n<p>O prov\u00e1vel time escalado:<\/p>\n<p>Cleiton, Patric, Igor Rabello, R\u00e9ver e F\u00e1bio Santos, Jair, Elias; Vin\u00edcius e Cazares, Char\u00e1 e Di Santo.\u00a0T\u00c9C: Rodrigo Santana.<\/p>\n<p>&nbsp;<\/p>\n<p><strong><u>Col\u00f3n -ARG:<\/u><\/strong><\/p>\n<p>O prov\u00e1vel time escalado:<\/p>\n<p>Buri\u00e1n; Vigo, Ortiz, Emanuel Oliveira, Escobar, L\u00e9rtora, Aliendro, Fernando Zuqui, Estigarribia, Pulga Rodriguez, W. Morelo. T\u00c9C: Pablo Lavall\u00e9n<\/p>\n<p>&nbsp;<\/p>\n<p>&nbsp;<\/p>\n","protected":false},"excerpt":{"rendered":"<p>&nbsp; \u00c9 hora de decis\u00e3o! N\u00e3o se pode vacilar! Hora de mostrar a for\u00e7a que tem nossa camisa! &nbsp; Em<\/p>\n","protected":false},"author":25,"featured_media":2413,"comment_status":"open","ping_status":"open","sticky":false,"template":"","format":"standard","meta":[],"categories":[73],"tags":[71],"_links":{"self":[{"href":"https:\/\/espora13.com.br\/index.php\/wp-json\/wp\/v2\/posts\/2412"}],"collection":[{"href":"https:\/\/espora13.com.br\/index.php\/wp-json\/wp\/v2\/posts"}],"about":[{"href":"https:\/\/espora13.com.br\/index.php\/wp-json\/wp\/v2\/types\/post"}],"author":[{"embeddable":true,"href":"https:\/\/espora13.com.br\/index.php\/wp-json\/wp\/v2\/users\/25"}],"replies":[{"embeddable":true,"href":"https:\/\/espora13.com.br\/index.php\/wp-json\/wp\/v2\/comments?post=2412"}],"version-history":[{"count":4,"href":"https:\/\/espora13.com.br\/index.php\/wp-json\/wp\/v2\/posts\/2412\/revisions"}],"predecessor-version":[{"id":2417,"href":"https:\/\/espora13.com.br\/index.php\/wp-json\/wp\/v2\/posts\/2412\/revisions\/2417"}],"wp:featuredmedia":[{"embeddable":true,"href":"https:\/\/espora13.com.br\/index.php\/wp-json\/wp\/v2\/media\/2413"}],"wp:attachment":[{"href":"https:\/\/espora13.com.br\/index.php\/wp-json\/wp\/v2\/media?parent=2412"}],"wp:term":[{"taxonomy":"category","embeddable":true,"href":"https:\/\/espora13.com.br\/index.php\/wp-json\/wp\/v2\/categories?post=2412"},{"taxonomy":"post_tag","embeddable":true,"href":"https:\/\/espora13.com.br\/index.php\/wp-json\/wp\/v2\/tags?post=2412"}],"curies":[{"name":"wp","href":"https:\/\/api.w.org\/{rel}","templated":true}]}}