{"id":3108,"date":"2019-12-09T02:09:00","date_gmt":"2019-12-09T05:09:00","guid":{"rendered":"http:\/\/espora13.com.br\/?p=3108"},"modified":"2019-12-09T02:13:46","modified_gmt":"2019-12-09T05:13:46","slug":"em-jogo-aberto-atletico-vacila-no-fim-e-leva-virada-para-o-internacional","status":"publish","type":"post","link":"https:\/\/espora13.com.br\/index.php\/2019\/12\/09\/em-jogo-aberto-atletico-vacila-no-fim-e-leva-virada-para-o-internacional\/","title":{"rendered":"Em jogo aberto, Atl\u00e9tico vacila no fim e leva virada para o Internacional"},"content":{"rendered":"<p>Torcedor, voc\u00ea n\u00e3o viu o jogo do Galo e foi comemorar o rebaixamento do nosso rival? N\u00e3o tem problema! Acompanhe a nossa cr\u00f4nica contando o que de melhor (e pior) aconteceu no jogo entre Internacional e Atl\u00e9tico, no Est\u00e1dio Beira-Rio.<\/p>\n<p><strong>O Jogo<\/strong><\/p>\n<p>O Galo, j\u00e1 classificado \u00e0 Copa Sul-Americana e sem ambi\u00e7\u00f5es na \u00faltima rodada, deu chance para atletas que n\u00e3o vinham jogando com regularidade, casos de Lucas Hern\u00e1ndez, Maicon, Maidana e Terans, al\u00e9m de Victor, que estava fora dos titulares a algum tempo gra\u00e7as a uma tendinite e a ascens\u00e3o do goleiro Cleiton. O Alvinegro abriu o placar rapidamente, j\u00e1 aos 5 minutos de jogo. O Internacional errou uma sa\u00edda de jogo, Maicon recuperou e tocou para Di Santo, que serviu bem Otero dentro da \u00e1rea. O camisa 80 cortou a marca\u00e7\u00e3o e bateu bem, superando Marcelo Lomba. Assustado com o gol sofrido, o Inter n\u00e3o conseguiu se estabilizar e viu o Atl\u00e9tico ser mais perigoso. O time atleticano aproveitava espa\u00e7os deixados pelos ga\u00fachos e atacava com velocidade. Sem a bola, o Galo se recompunha bem e protegia a sua zaga, que era soberana contra os atacantes colorados, que n\u00e3o tinham um bom repert\u00f3rio de jogadas e apostavam muito em cruzamentos. O Inter s\u00f3 foi encontrar algum perigo j\u00e1 no fim do primeiro tempo, quando obrigou Victor a fazer boas interven\u00e7\u00f5es em cobran\u00e7as de escanteio, mas a defesa Atleticana prevaleceu e os primeiros 45 minutos terminaram com vit\u00f3ria Atleticana.<\/p>\n<p>O segundo tempo foi diferente do primeiro, gra\u00e7as ao Internacional. A equipe do Beira-Rio estava mais consciente na partida e tentava trabalhar mais as jogadas, em vez de s\u00f3 apostar em cruzamentos. Os donos da casa exploravam as pontas, com Ne\u00edlton e Natanael, e tentava organizar o meio com D&#8217;Alessandro e Sarrafiore. A mudan\u00e7a de atitude rendeu frutos ao Internacional, que come\u00e7ou a testar mais o goleiro Atleticano Victor, que emplacava grandes defesas e mostrava seguran\u00e7a e consist\u00eancia. O Galo, por sua vez, manteve a sua estrat\u00e9gia e at\u00e9 levava perigo em boa frequ\u00eancia, apostando em contragolpes de velocidade contra uma defesa exposta do Inter. Mas para o Galo, seu tend\u00e3o de aquiles foi justamente a velocidade nos contra-ataques, muito afetada com a pouca participa\u00e7\u00e3o de Maicon e as participa\u00e7\u00f5es inefetivas de Vin\u00edcius e Terans, que havia entrado no jogo no in\u00edcio do segundo tempo para substituir Otero, lesionado. E se os mineiros n\u00e3o aproveitaram as suas chances, os ga\u00fachos foram letais. Guerrero, aos 37 minutos, aproveitou erro t\u00e9cnico de Maidana ap\u00f3s bola enfiada na grande \u00e1rea e marcou o gol. O VAR analisou o lance mas validou de forma correta o gol colorado, uma vez que Guerrero tinha condi\u00e7\u00e3o legal e, por mais que estivesse impedido, o centro-avante teria seu gol validado gra\u00e7as ao erro t\u00e9cnico de Iago Maidana, que se esticou para tirar a bola mas acabou servindo o camisa 9. O panorama da partida mudou nos minutos finais e o Atl\u00e9tico n\u00e3o conseguiu mais levar nenhum perigo, e o Internacional, cheio de confian\u00e7a, foi atr\u00e1s da virada. Embora o placar j\u00e1 se encaminhasse para um empate, o Inter teve uma falta lateral no \u00faltimo lance da partida, j\u00e1 aos 52 minutos. D&#8217;Alessandro cobrou e encontrou Cuesta, livre, para virar a partida para o Inter. O colorado, embora amea\u00e7ado pelo Atl\u00e9tico em boa parte do jogo, aproveitou as chances que teve e deu n\u00fameros finais ao placar.<\/p>\n<figure id=\"attachment_3111\" aria-describedby=\"caption-attachment-3111\" style=\"width: 434px\" class=\"wp-caption alignnone\"><img loading=\"lazy\" class=\" wp-image-3111\" src=\"https:\/\/espora13.com.br\/wp-content\/uploads\/2019\/12\/49189606386_e0915b2594_o-300x200.jpg\" alt=\"\" width=\"434\" height=\"289\" srcset=\"https:\/\/espora13.com.br\/wp-content\/uploads\/2019\/12\/49189606386_e0915b2594_o-300x200.jpg 300w, https:\/\/espora13.com.br\/wp-content\/uploads\/2019\/12\/49189606386_e0915b2594_o-768x512.jpg 768w, https:\/\/espora13.com.br\/wp-content\/uploads\/2019\/12\/49189606386_e0915b2594_o-1024x683.jpg 1024w, https:\/\/espora13.com.br\/wp-content\/uploads\/2019\/12\/49189606386_e0915b2594_o-177x118.jpg 177w, https:\/\/espora13.com.br\/wp-content\/uploads\/2019\/12\/49189606386_e0915b2594_o-272x182.jpg 272w\" sizes=\"(max-width: 434px) 100vw, 434px\" \/><figcaption id=\"caption-attachment-3111\" class=\"wp-caption-text\">Foto: Bruno Cantini \/ Ag\u00eancia Galo \/ Atl\u00e9tico<\/figcaption><\/figure>\n<p><strong>Opini\u00e3o Final<\/strong><\/p>\n<p>De maneira inacredit\u00e1vel, por\u00e9m nada surpreendente, o Atl\u00e9tico levou uma &#8220;virada rel\u00e2mpago&#8221; no apagar das luzes no Est\u00e1dio Beira-Rio, \u00e0s margens do Rio Gua\u00edba. O time Atleticano, mesmo muito alterado e sem entrosamento, foi mais perigoso e teve &#8220;a faca e o queijo na m\u00e3o&#8221; para decidir o jogo, ainda mais porque tinha uma vantagem constru\u00edda logo cedo. Mas o Atl\u00e9tico, mais uma vez, n\u00e3o aproveitou suas chances e se desconcentrou, levando um gol, e n\u00e3o soube lidar com a press\u00e3o, levando outro. Ram\u00f3n Mart\u00ednez foi regular, assim como seu companheiro Z\u00e9 Welison, Hern\u00e1ndez tamb\u00e9m n\u00e3o comprometeu e Victor foi o melhor em campo, distribuindo boas defesas e se mostrando totalmente recuperado da tendinite. Mas pe\u00e7as como Maicon e Di Santo funcionaram apenas nos primeiros minutos do primeiro tempo, enquanto pe\u00e7as como Terans (improvisado na esquerda) e Vin\u00edcius tiveram atua\u00e7\u00f5es apagad\u00edssimas.\u00a0 O Atl\u00e9tico mostrou que seu problema de atitude n\u00e3o pertence a &#8220;jogador A&#8221; ou &#8220;jogador B&#8221;, mas sim a todo o elenco, que n\u00e3o tem atitude, concentra\u00e7\u00e3o e t\u00e9cnica para jogar ao n\u00edvel que o torcedor deseja. O Galo joga bem, mas se desconcentra e perde, ou joga mal e perde tamb\u00e9m. A irregularidade foi marca presente em um ano a se esquecer para o Alvinegro. A torcida clama por uma reformula\u00e7\u00e3o necess\u00e1ria no grupo de jogadores e na comiss\u00e3o t\u00e9cnica. Mas a mudan\u00e7a tamb\u00e9m deve ocorrer na atitude, na ambi\u00e7\u00e3o. A Massa Alvinegra n\u00e3o aceitar\u00e1 outro ano abaixo da cr\u00edtica.<\/p>\n<p><strong>Ficha T\u00e9cnica<\/strong><\/p>\n<p class=\"selectionShareable\">INTERNACIONAL 2X1<strong> ATL\u00c9TICO<\/strong><\/p>\n<p class=\"selectionShareable\"><strong>Local:\u00a0<\/strong>Beira-Rio, Porto Alegre, RS<\/p>\n<p class=\"selectionShareable\"><strong>Data:\u00a0<\/strong>8 de dezembro de 2019, \u00e0s 16h (de Bras\u00edlia)<\/p>\n<p class=\"selectionShareable\"><strong>Arbitragem: <\/strong>Savio Pereira Sampaio (DF)<\/p>\n<p class=\"selectionShareable\"><strong>Auxiliares:\u00a0<\/strong>Daniel Henrique da Silva Andrade (DF) e Jose Reinaldo Nascimento Junior (DF)<\/p>\n<p><strong>VAR:<\/strong> Rodrigo Nunes de S\u00e1 (RJ)<\/p>\n<p class=\"selectionShareable\"><strong>Cart\u00f5es Amarelos<\/strong>: Guerrero, Ne\u00edlton e D\u2019Alessandro (Internacional); Otero (Atl\u00e9tico)<\/p>\n<p><strong>Gols<\/strong>: Otero (5&#8242;,1\u00baT | 0x1 CAM); Guerrero (37&#8242;, 2\u00baT | 1&#215;1 INT), e Cuesta (52&#8242;, 2\u00baT | 2&#215;1 INT)<\/p>\n<div class=\"in_content_banner col-lg-12\">\n<div id=\"text-53\">\n<h4><\/h4>\n<p><strong>INTERNACIONAL: Marcelo Lomba; Heitor (Nonato), Bruno Fuchs, Victor Cuesta e Natanael; Rodrigo Lindoso, Edenilson e D\u2019Alessandro; Sarrafiore (Rafael Sobis), Guerrero e Ne\u00edlton (Wellington Silva). T\u00e9cnico: Z\u00e9 Ricardo<\/strong><\/p>\n<\/div>\n<\/div>\n<p class=\"selectionShareable\"><strong>ATL\u00c9TICO: Victor, Guga, L\u00e9o Silva, Maidana e Hern\u00e1ndez (Hulk); Z\u00e9 Welison, Otero (Terans) e Mart\u00ednez (Bruninho). Vinicius Goes, Maicon e Di Santo.T\u00e9cnico: Vagner Mancini<\/strong><\/p>\n<p>&nbsp;<\/p>\n<p>&nbsp;<\/p>\n","protected":false},"excerpt":{"rendered":"<p>Torcedor, voc\u00ea n\u00e3o viu o jogo do Galo e foi comemorar o rebaixamento do nosso rival? N\u00e3o tem problema! Acompanhe<\/p>\n","protected":false},"author":14,"featured_media":3111,"comment_status":"open","ping_status":"open","sticky":false,"template":"","format":"standard","meta":[],"categories":[75],"tags":[],"_links":{"self":[{"href":"https:\/\/espora13.com.br\/index.php\/wp-json\/wp\/v2\/posts\/3108"}],"collection":[{"href":"https:\/\/espora13.com.br\/index.php\/wp-json\/wp\/v2\/posts"}],"about":[{"href":"https:\/\/espora13.com.br\/index.php\/wp-json\/wp\/v2\/types\/post"}],"author":[{"embeddable":true,"href":"https:\/\/espora13.com.br\/index.php\/wp-json\/wp\/v2\/users\/14"}],"replies":[{"embeddable":true,"href":"https:\/\/espora13.com.br\/index.php\/wp-json\/wp\/v2\/comments?post=3108"}],"version-history":[{"count":5,"href":"https:\/\/espora13.com.br\/index.php\/wp-json\/wp\/v2\/posts\/3108\/revisions"}],"predecessor-version":[{"id":3114,"href":"https:\/\/espora13.com.br\/index.php\/wp-json\/wp\/v2\/posts\/3108\/revisions\/3114"}],"wp:featuredmedia":[{"embeddable":true,"href":"https:\/\/espora13.com.br\/index.php\/wp-json\/wp\/v2\/media\/3111"}],"wp:attachment":[{"href":"https:\/\/espora13.com.br\/index.php\/wp-json\/wp\/v2\/media?parent=3108"}],"wp:term":[{"taxonomy":"category","embeddable":true,"href":"https:\/\/espora13.com.br\/index.php\/wp-json\/wp\/v2\/categories?post=3108"},{"taxonomy":"post_tag","embeddable":true,"href":"https:\/\/espora13.com.br\/index.php\/wp-json\/wp\/v2\/tags?post=3108"}],"curies":[{"name":"wp","href":"https:\/\/api.w.org\/{rel}","templated":true}]}}