{"id":3278,"date":"2020-01-25T18:23:30","date_gmt":"2020-01-25T21:23:30","guid":{"rendered":"http:\/\/espora13.com.br\/?p=3278"},"modified":"2020-01-25T18:42:55","modified_gmt":"2020-01-25T21:42:55","slug":"de-volta-ao-horto-galo-pega-o-tupynambas-pelo-campeonato-mineiro","status":"publish","type":"post","link":"https:\/\/espora13.com.br\/index.php\/2020\/01\/25\/de-volta-ao-horto-galo-pega-o-tupynambas-pelo-campeonato-mineiro\/","title":{"rendered":"De volta ao Horto: Galo pega o Tupynamb\u00e1s pelo Campeonato Mineiro"},"content":{"rendered":"<p>&nbsp;<\/p>\n<figure id=\"attachment_3279\" aria-describedby=\"caption-attachment-3279\" style=\"width: 1000px\" class=\"wp-caption aligncenter\"><img loading=\"lazy\" class=\"size-full wp-image-3279\" src=\"https:\/\/espora13.com.br\/wp-content\/uploads\/2020\/01\/82801087_10157966816512552_2118046530563735552_o.jpg\" alt=\"\" width=\"1000\" height=\"665\" srcset=\"https:\/\/espora13.com.br\/wp-content\/uploads\/2020\/01\/82801087_10157966816512552_2118046530563735552_o.jpg 1000w, https:\/\/espora13.com.br\/wp-content\/uploads\/2020\/01\/82801087_10157966816512552_2118046530563735552_o-300x200.jpg 300w, https:\/\/espora13.com.br\/wp-content\/uploads\/2020\/01\/82801087_10157966816512552_2118046530563735552_o-768x511.jpg 768w, https:\/\/espora13.com.br\/wp-content\/uploads\/2020\/01\/82801087_10157966816512552_2118046530563735552_o-177x118.jpg 177w, https:\/\/espora13.com.br\/wp-content\/uploads\/2020\/01\/82801087_10157966816512552_2118046530563735552_o-272x182.jpg 272w\" sizes=\"(max-width: 1000px) 100vw, 1000px\" \/><figcaption id=\"caption-attachment-3279\" class=\"wp-caption-text\">Foto: Bruno Cantini\/Atl\u00e9tico<\/figcaption><\/figure>\n<p>&nbsp;<\/p>\n<p>Ap\u00f3s iniciar a temporada com vit\u00f3ria fora de casa, o alvinegro tem sua estreia dentro de casa, confirmada para amanh\u00e3, domingo, 26, \u00e0s 16:00, no Independ\u00eancia. Partida essa que marcar\u00e1 o encontro do novo t\u00e9cnico Rafael Dudamel com a torcida, dentro de casa, e para n\u00e3o decepcionar o treinador promete um time forte para o duelo, entendendo a import\u00e2ncia de vencer os primeiros jogos do Campeonato, rodar e conhecer o elenco, al\u00e9m de aprimorar a parte f\u00edsica dos atletas.<\/p>\n<p>Ainda sem Cazares, que pode ser negociado, o time deve ir \u00e0 campo com a mesma base dos titulares que enfrentaram o Uberl\u00e2ndia, na primeira rodada, nomes como Ramon Martinez, Bruno Silva e Mailton, podem surgir como novidades, al\u00e9m de Igor Rabello que pode retornar a zaga titular. O t\u00e9cnico Dudamel se mostrou animado e ansioso com a estreia diante da torcida, e pela vibra\u00e7\u00e3o e todo trabalho que tem mostrado no dia a dia, o time deve evoluir a cada partida e mostrar cada vez mais \u201ca cara\u201d do venezuelano. O time tende a jogar mais leve e solto, do que no primeiro duelo, os pontos seguiram marcando press\u00e3o e o meio campo forte deve ser mais uma vez a marca do time no duelo, o clube vem ganhando corpo, ganhando forma, acho que colheremos bons frutos deste trabalho. O advers\u00e1rio, que surpreendeu e perdeu o treinador Paulo Campos, ap\u00f3s a primeira rodada, por problemas pessoais, e vem com o t\u00e9cnico interino Jos\u00e9 Lu\u00eds Peixoto, com a promessa de dar trabalho ao alvinegro, mesmo diante de um dos favoritos ao campeonato.<\/p>\n<p>O Galo ent\u00e3o, precisa ir para cima e vencer, mostrar vibra\u00e7\u00e3o e mostrar para a torcida que o clube tem tudo para uma temporada bem melhor que as \u00faltimas t\u00eam sido, \u00e9 hora de foco do clube num todo para de trazer conquistas para a torcida, e honrar essa camisa novamente.<\/p>\n<p>Ainda faltam algumas pe\u00e7as para o time ficar forte nesta temporada, confirmando o lateral Guilherme Arana, faltaria dois atacantes r\u00e1pidos e um centro avante, ao meu ver, isso \u00e9 se n\u00e3o perdermos Juan Cazares, porque caso aconte\u00e7a precisaremos de intelig\u00eancia no meio-campo ofensivo, \u00e9 hora de colocar na balan\u00e7a e entender a import\u00e2ncia do atleta para a temporada, e caso venha uma proposta, que seja boa e capaz de deixar o clube com dinheiro para substituir a altura a qualidade do jogador. Que a diretoria prossiga trabalhando com qualidade.<\/p>\n<p>Que a volta ao Horto seja boa para o alvinegro!<\/p>\n<p>Pra cima deles meu Gal\u00e3o!!<\/p>\n<p>Vamos pra cima Galo!!<\/p>\n<p>Aqui \u00e9 Galo, Sempre!<\/p>\n<p>&nbsp;<\/p>\n<p>&nbsp;<\/p>\n<p><strong>FICHA T\u00c9CNICA DA PARTIDA<\/strong><\/p>\n<p><strong>\u00a0<\/strong><\/p>\n<p>ATL\u00c9TICO\u00a0X TUPYNAMB\u00c1S<\/p>\n<p>\u200bEst\u00e1dio: Independ\u00eancia<\/p>\n<p>Data e hora: 26 de Janeiro de 2020, \u00e0s 16:00 (de Bras\u00edlia)<\/p>\n<p>Motivo: 2\u00aa rodada Campeonato Mineiro<\/p>\n<p>&nbsp;<\/p>\n<p><strong><u>PROV\u00c1VEIS ESCALA\u00c7\u00d5ES: <\/u><\/strong><\/p>\n<p><strong><u>Atl\u00e9tico:<\/u><\/strong><\/p>\n<p>O prov\u00e1vel time escalado:<\/p>\n<p>Michael, Patric (Mailton), R\u00e9ver, Gabriel (Igor Rabello) e F\u00e1bio Santos, Jair, Allan, Z\u00e9 Wellison, Hyoran, Marquinhos e Di Santo (Bruno Silva). T\u00e9cnico: Rafael Dudamel.<\/p>\n<p>&nbsp;<\/p>\n<p><strong><u>Tupynamb\u00e1s:<\/u><\/strong><\/p>\n<p>O prov\u00e1vel time escalado:<\/p>\n<p>\u200bRenan Rinaldi, Henrique, Adriano, Diego Augusto e L\u00e9o Salino, Graffite, Vanger, Allan, L\u00facio, Y. Caju e Adem\u00edlson. T\u00e9cnico: Jos\u00e9 Lu\u00eds Peixoto.<\/p>\n","protected":false},"excerpt":{"rendered":"<p>&nbsp; &nbsp; Ap\u00f3s iniciar a temporada com vit\u00f3ria fora de casa, o alvinegro tem sua estreia dentro de casa, confirmada<\/p>\n","protected":false},"author":25,"featured_media":3279,"comment_status":"open","ping_status":"open","sticky":false,"template":"","format":"standard","meta":[],"categories":[73],"tags":[],"_links":{"self":[{"href":"https:\/\/espora13.com.br\/index.php\/wp-json\/wp\/v2\/posts\/3278"}],"collection":[{"href":"https:\/\/espora13.com.br\/index.php\/wp-json\/wp\/v2\/posts"}],"about":[{"href":"https:\/\/espora13.com.br\/index.php\/wp-json\/wp\/v2\/types\/post"}],"author":[{"embeddable":true,"href":"https:\/\/espora13.com.br\/index.php\/wp-json\/wp\/v2\/users\/25"}],"replies":[{"embeddable":true,"href":"https:\/\/espora13.com.br\/index.php\/wp-json\/wp\/v2\/comments?post=3278"}],"version-history":[{"count":2,"href":"https:\/\/espora13.com.br\/index.php\/wp-json\/wp\/v2\/posts\/3278\/revisions"}],"predecessor-version":[{"id":3282,"href":"https:\/\/espora13.com.br\/index.php\/wp-json\/wp\/v2\/posts\/3278\/revisions\/3282"}],"wp:featuredmedia":[{"embeddable":true,"href":"https:\/\/espora13.com.br\/index.php\/wp-json\/wp\/v2\/media\/3279"}],"wp:attachment":[{"href":"https:\/\/espora13.com.br\/index.php\/wp-json\/wp\/v2\/media?parent=3278"}],"wp:term":[{"taxonomy":"category","embeddable":true,"href":"https:\/\/espora13.com.br\/index.php\/wp-json\/wp\/v2\/categories?post=3278"},{"taxonomy":"post_tag","embeddable":true,"href":"https:\/\/espora13.com.br\/index.php\/wp-json\/wp\/v2\/tags?post=3278"}],"curies":[{"name":"wp","href":"https:\/\/api.w.org\/{rel}","templated":true}]}}