{"id":3453,"date":"2020-02-18T09:11:16","date_gmt":"2020-02-18T12:11:16","guid":{"rendered":"http:\/\/espora13.com.br\/?p=3453"},"modified":"2020-02-18T09:11:16","modified_gmt":"2020-02-18T12:11:16","slug":"apos-um-ano-improdutivo-do-atacante-atletico-rescinde-com-maicon-bolt","status":"publish","type":"post","link":"https:\/\/espora13.com.br\/index.php\/2020\/02\/18\/apos-um-ano-improdutivo-do-atacante-atletico-rescinde-com-maicon-bolt\/","title":{"rendered":"Ap\u00f3s um ano improdutivo do atacante, Atl\u00e9tico rescinde com Maicon Bolt"},"content":{"rendered":"<p>O Atl\u00e9tico confirmou nessa segunda feira (17\/02), uma not\u00edcia aguardada com ansiedade por muitos torcedores, a rescis\u00e3o contratual com o atacante Maicon Bolt, que tinha contrato assinado por tr\u00eas anos, iniciado em 2019 e com previs\u00e3o de t\u00e9rmino para 2021.<\/p>\n<p>Maicon chegou ao Atl\u00e9tico em 2019, vindo do Antalyaspor da Turquia como um jogador com experi\u00eancia internacional e com alta expectativa para ser uma refer\u00eancia no ataque, dando velocidade ao time pelas pontas. O nome alusivo ao corredor Usain Bolt, logo deu ao torcedor uma ideia do futebol do jogador que era pouco conhecido por aqui. Seu hist\u00f3rico no Brasil eram relatos de uma campanha de recupera\u00e7\u00e3o do Fluminense em 2009, onde Maicon foi decisivo para o time carioca fugir do rebaixamento.<\/p>\n<p>Por\u00e9m, no Galo\u00a0 Maicon Bolt n\u00e3o engrenou. Foram 28 jogos na passagem de pouco mais de um ano pelo clube e marcou apenas 2 gols, longe da expectativa criada na contrata\u00e7\u00e3o. Al\u00e9m disso, a \u201cvelocidade de corredor ol\u00edmpico\u201d, passou longe de ser uma caracter\u00edstica do jogador. Com esse futebol abaixo da m\u00e9dia a torcida logo desaprovou o desempenho de Maicon Bolt que passou figurar cada vez menos no time. Sua \u00faltima apresenta\u00e7\u00e3o foi no primeiro jogo da temporada do Atl\u00e9tico, entrando na etapa final do triunfo sobre o Uberl\u00e2ndia por 1&#215;0.<\/p>\n<figure id=\"attachment_3462\" aria-describedby=\"caption-attachment-3462\" style=\"width: 300px\" class=\"wp-caption aligncenter\"><img loading=\"lazy\" class=\"size-medium wp-image-3462\" src=\"https:\/\/espora13.com.br\/wp-content\/uploads\/2020\/02\/maicon-300x200.jpg\" alt=\"Treino Maicon Bolt\" width=\"300\" height=\"200\" srcset=\"https:\/\/espora13.com.br\/wp-content\/uploads\/2020\/02\/maicon-300x200.jpg 300w, https:\/\/espora13.com.br\/wp-content\/uploads\/2020\/02\/maicon-768x512.jpg 768w, https:\/\/espora13.com.br\/wp-content\/uploads\/2020\/02\/maicon-1024x683.jpg 1024w, https:\/\/espora13.com.br\/wp-content\/uploads\/2020\/02\/maicon-177x118.jpg 177w, https:\/\/espora13.com.br\/wp-content\/uploads\/2020\/02\/maicon-272x182.jpg 272w\" sizes=\"(max-width: 300px) 100vw, 300px\" \/><figcaption id=\"caption-attachment-3462\" class=\"wp-caption-text\">Foto: Bruno Cantini\/ Ag\u00eancia Galo \/ Atl\u00e9tico<\/figcaption><\/figure>\n<p>Outro fator importante que com certeza pesou muito para o t\u00e9rmino do contrato foi o alto sal\u00e1rio do jogador, que gira em torno de 100 mil euros, totalizando aproximadamente 450 mil reais. \u00c9 um dos maiores sal\u00e1rios dentro do elenco e se considerado seu rendimento dentro de campo, representa um baix\u00edssimo custo\/benef\u00edcio para o clube.<\/p>\n<p>Certeza \u00e9 que tudo isso s\u00e3o raz\u00f5es suficientes para Maicon n\u00e3o deixar saudades ao torcedor atleticano. O atacante sai ap\u00f3s uma passagem decepcionante, com pouqu\u00edssimos gols e um futebol muito abaixo do necess\u00e1rio para o clube, que devido \u00e0 quebra do contrato poder\u00e1 ser chamado \u00e0 justi\u00e7a pelo jogador e seus representantes.<\/p>\n<p>Espora 13 \u00e9 o portal de todas modalidades do Galo e fazemos isso para voc\u00ea torcedor atleticano.<br \/>\nSiga o\u00a0Espora 13\u00a0nas redes sociais.<br \/>\nInscreva-se no nosso canal do youtube, TV Espora 13.<br \/>\nMuito obrigado! Tamo junto sempre!<\/p>\n<p>Esporada neles Galo!<\/p>\n","protected":false},"excerpt":{"rendered":"<p>O Atl\u00e9tico confirmou nessa segunda feira (17\/02), uma not\u00edcia aguardada com ansiedade por muitos torcedores, a rescis\u00e3o contratual com o<\/p>\n","protected":false},"author":6,"featured_media":3465,"comment_status":"open","ping_status":"open","sticky":false,"template":"","format":"standard","meta":[],"categories":[83],"tags":[123],"_links":{"self":[{"href":"https:\/\/espora13.com.br\/index.php\/wp-json\/wp\/v2\/posts\/3453"}],"collection":[{"href":"https:\/\/espora13.com.br\/index.php\/wp-json\/wp\/v2\/posts"}],"about":[{"href":"https:\/\/espora13.com.br\/index.php\/wp-json\/wp\/v2\/types\/post"}],"author":[{"embeddable":true,"href":"https:\/\/espora13.com.br\/index.php\/wp-json\/wp\/v2\/users\/6"}],"replies":[{"embeddable":true,"href":"https:\/\/espora13.com.br\/index.php\/wp-json\/wp\/v2\/comments?post=3453"}],"version-history":[{"count":5,"href":"https:\/\/espora13.com.br\/index.php\/wp-json\/wp\/v2\/posts\/3453\/revisions"}],"predecessor-version":[{"id":3471,"href":"https:\/\/espora13.com.br\/index.php\/wp-json\/wp\/v2\/posts\/3453\/revisions\/3471"}],"wp:featuredmedia":[{"embeddable":true,"href":"https:\/\/espora13.com.br\/index.php\/wp-json\/wp\/v2\/media\/3465"}],"wp:attachment":[{"href":"https:\/\/espora13.com.br\/index.php\/wp-json\/wp\/v2\/media?parent=3453"}],"wp:term":[{"taxonomy":"category","embeddable":true,"href":"https:\/\/espora13.com.br\/index.php\/wp-json\/wp\/v2\/categories?post=3453"},{"taxonomy":"post_tag","embeddable":true,"href":"https:\/\/espora13.com.br\/index.php\/wp-json\/wp\/v2\/tags?post=3453"}],"curies":[{"name":"wp","href":"https:\/\/api.w.org\/{rel}","templated":true}]}}