{"id":3486,"date":"2020-02-25T23:50:34","date_gmt":"2020-02-26T02:50:34","guid":{"rendered":"http:\/\/espora13.com.br\/?p=3486"},"modified":"2020-02-25T23:50:34","modified_gmt":"2020-02-26T02:50:34","slug":"pela-copa-do-brasil-galo-encara-o-afogados-em-pernambuco","status":"publish","type":"post","link":"https:\/\/espora13.com.br\/index.php\/2020\/02\/25\/pela-copa-do-brasil-galo-encara-o-afogados-em-pernambuco\/","title":{"rendered":"Pela Copa do Brasil, Galo encara o Afogados em Pernambuco"},"content":{"rendered":"<figure id=\"attachment_3487\" aria-describedby=\"caption-attachment-3487\" style=\"width: 1000px\" class=\"wp-caption aligncenter\"><img loading=\"lazy\" class=\"size-full wp-image-3487\" src=\"https:\/\/espora13.com.br\/wp-content\/uploads\/2020\/02\/87366670_10158069460667552_7195710254061977600_o.jpg\" alt=\"\" width=\"1000\" height=\"665\" srcset=\"https:\/\/espora13.com.br\/wp-content\/uploads\/2020\/02\/87366670_10158069460667552_7195710254061977600_o.jpg 1000w, https:\/\/espora13.com.br\/wp-content\/uploads\/2020\/02\/87366670_10158069460667552_7195710254061977600_o-300x200.jpg 300w, https:\/\/espora13.com.br\/wp-content\/uploads\/2020\/02\/87366670_10158069460667552_7195710254061977600_o-768x511.jpg 768w, https:\/\/espora13.com.br\/wp-content\/uploads\/2020\/02\/87366670_10158069460667552_7195710254061977600_o-177x118.jpg 177w, https:\/\/espora13.com.br\/wp-content\/uploads\/2020\/02\/87366670_10158069460667552_7195710254061977600_o-272x182.jpg 272w\" sizes=\"(max-width: 1000px) 100vw, 1000px\" \/><figcaption id=\"caption-attachment-3487\" class=\"wp-caption-text\">Foto: Bruno Cantini\/Atl\u00e9tico.<\/figcaption><\/figure>\n<p>&nbsp;<\/p>\n<p>Galo vai a campo nesta quarta-feira, 26, \u00e0s 21:30, no Est\u00e1dio do Vian\u00e3o, em partida v\u00e1lida pela segunda fase da Copa do Brasil, diante da equipe do interior pernambucano, o Afogados. O alvinegro precisa ir bem no duelo e buscar a vit\u00f3ria, o duelo desta noite \u00e9 eliminat\u00f3rio, ou seja, quem perder est\u00e1 fora, e em caso de empate durante os 90 minutos de jogo, a classifica\u00e7\u00e3o ser\u00e1 decidida nos p\u00eanaltis<\/p>\n<p>O advers\u00e1rio do alvinegro, \u00e9 uma das atuais surpresas do Campeonato Pernambucano, atualmente, ocupa a terceira coloca\u00e7\u00e3o do campeonato, em briga direta pela conquista do estadual, ent\u00e3o \u00e9 bom o Galo entrar \u201cligado\u201d no jogo, o time do Afogados n\u00e3o \u00e9 \u201cbobo\u201d e sabe jogar, diante de seu torcedor sabe que tem chances de vencer, ent\u00e3o, \u00e9 para o Galo \u00e9 se impor e saber concluir em gols as chances que surgirem. Dudamel deve voltar a escalar a equipe com 02 zagueiros e 02 volantes, Allan deve voltar ao time que tamb\u00e9m deve manter a trinca de meio ofensivo com Hyoran, Nathan e Otero, que foram bem na \u00faltima partida do time. Hora de manter a evolu\u00e7\u00e3o que vimos no \u00faltimo duelo.<\/p>\n<p>A classifica\u00e7\u00e3o \u00e9 necess\u00e1ria e importante para toda temporada alvinegra, o clube vai a campo pressionado por um bom resultado e precisa jogar bem. A Copa do Brasil, \u00e9 um dos torneios mais atrativos do Brasil e o elenco, que vem ganhando refor\u00e7os e \u201ccorpo\u201d, precisa ir se classificando e avan\u00e7ando a todo custo na competi\u00e7\u00e3o.<\/p>\n<p>S\u00f3 a vit\u00f3ria interessa!<\/p>\n<p>Vamos pra cima Galo!!<\/p>\n<p>Aqui \u00e9 Galo, Sempre!<\/p>\n<p>&nbsp;<\/p>\n<p>&nbsp;<\/p>\n<p><strong>\u00a0<\/strong><\/p>\n<p><strong>FICHA T\u00c9CNICA DA PARTIDA<\/strong><\/p>\n<p><strong>\u00a0<\/strong><\/p>\n<p>ATL\u00c9TICO\u00a0X AFOGADOS<br \/>\n\u200bEst\u00e1dio: Vian\u00e3o<\/p>\n<p>Data e hora: 26 de fevereiro de 2020, \u00e0s 21:30 (de Bras\u00edlia)<\/p>\n<p>Motivo: 2\u00aa fase na Copa do Brasil<\/p>\n<p>&nbsp;<\/p>\n<p><strong><u>PROV\u00c1VEIS ESCALA\u00c7\u00d5ES: <\/u><\/strong><\/p>\n<p><strong><u>Atl\u00e9tico:<\/u><\/strong><\/p>\n<p>O prov\u00e1vel time escalado:<\/p>\n<p>\u200bMichael, Guga, Igor Rabello, Gabriel, Guilherme Arana, Jair, Allan, Otero, Nathan, Hyoran, Ricardo Oliveira (Di Santo). T\u00e9cnico: Rafael Dudamel.<\/p>\n<p>&nbsp;<\/p>\n<p><strong><u>Afogados-PE:<\/u><\/strong><\/p>\n<p>O prov\u00e1vel time escalado:<\/p>\n<p>Wallef, Jader, Heverton, M\u00e1rcio, Thalison, Douglas Bomba, Diego Teles, Candinho, Philip, Erivelton, Diego Cear\u00e1. T\u00e9cnico: Pedro Manta<\/p>\n","protected":false},"excerpt":{"rendered":"<p>&nbsp; Galo vai a campo nesta quarta-feira, 26, \u00e0s 21:30, no Est\u00e1dio do Vian\u00e3o, em partida v\u00e1lida pela segunda fase<\/p>\n","protected":false},"author":25,"featured_media":3487,"comment_status":"open","ping_status":"open","sticky":false,"template":"","format":"standard","meta":[],"categories":[73],"tags":[],"_links":{"self":[{"href":"https:\/\/espora13.com.br\/index.php\/wp-json\/wp\/v2\/posts\/3486"}],"collection":[{"href":"https:\/\/espora13.com.br\/index.php\/wp-json\/wp\/v2\/posts"}],"about":[{"href":"https:\/\/espora13.com.br\/index.php\/wp-json\/wp\/v2\/types\/post"}],"author":[{"embeddable":true,"href":"https:\/\/espora13.com.br\/index.php\/wp-json\/wp\/v2\/users\/25"}],"replies":[{"embeddable":true,"href":"https:\/\/espora13.com.br\/index.php\/wp-json\/wp\/v2\/comments?post=3486"}],"version-history":[{"count":1,"href":"https:\/\/espora13.com.br\/index.php\/wp-json\/wp\/v2\/posts\/3486\/revisions"}],"predecessor-version":[{"id":3488,"href":"https:\/\/espora13.com.br\/index.php\/wp-json\/wp\/v2\/posts\/3486\/revisions\/3488"}],"wp:featuredmedia":[{"embeddable":true,"href":"https:\/\/espora13.com.br\/index.php\/wp-json\/wp\/v2\/media\/3487"}],"wp:attachment":[{"href":"https:\/\/espora13.com.br\/index.php\/wp-json\/wp\/v2\/media?parent=3486"}],"wp:term":[{"taxonomy":"category","embeddable":true,"href":"https:\/\/espora13.com.br\/index.php\/wp-json\/wp\/v2\/categories?post=3486"},{"taxonomy":"post_tag","embeddable":true,"href":"https:\/\/espora13.com.br\/index.php\/wp-json\/wp\/v2\/tags?post=3486"}],"curies":[{"name":"wp","href":"https:\/\/api.w.org\/{rel}","templated":true}]}}