{"id":3677,"date":"2020-05-26T11:25:32","date_gmt":"2020-05-26T14:25:32","guid":{"rendered":"http:\/\/espora13.com.br\/?p=3677"},"modified":"2020-06-17T10:11:06","modified_gmt":"2020-06-17T13:11:06","slug":"idolo-da-massa-o-bomba-da-vila-olimpica-completa-63-anos","status":"publish","type":"post","link":"https:\/\/espora13.com.br\/index.php\/2020\/05\/26\/idolo-da-massa-o-bomba-da-vila-olimpica-completa-63-anos\/","title":{"rendered":"\u00cddolo da massa, O &#8220;Bomba da Vila Ol\u00edmpica&#8221; completa 63 anos"},"content":{"rendered":"<p>Assim como eu os atleticanos mais jovens n\u00e3o tiveram a oportunidade de ver muitos dos grandes nomes atuarem pelo nosso time. Mas pela beleza das hist\u00f3rias que nos contam, logo abra\u00e7amos todos como \u00eddolos, assim como tratamos os atuais, cuja hist\u00f3ria n\u00f3s mesmo podemos ver. Ent\u00e3o, no mesmo patamar de Ronaldinho Ga\u00facho, Diego Tardelli e Victor, tamb\u00e9m temos Reinaldo, Dad\u00e1 e o aniversariante \u00c9der Aleixo!<\/p>\n<p>Nascido em Vespasiano, no dia 25 de maio de 1957, \u00c9der deu seus primeiros passos como jogador no Am\u00e9rica em 1973 e em sequ\u00eancia no Gr\u00eamio. No time sulista ele conquistou dois estaduais nos anos 1977 e 1979, em uma \u00e9poca que o rival Internacional vivia um grande momento. A partir da\u00ed houve sua transfer\u00eancia para o Galo, onde definitivamente sua carreira iria deslanchar.<\/p>\n<p>A volta para Minas Gerais rendeu ao &#8220;Bomba&#8221; uma galeria de trof\u00e9us na Cidade do Galo. De cara j\u00e1 podemos encadear a famosa sequ\u00eancia de campanhas no estadual com 5 conquistas no Campeonato Mineiro\u00a0 (1980 a 1985). Em 82 campe\u00e3o do Torneio de Paris e 83 Bola de Prata do Brasileir\u00e3o. Nesse meio tempo, com tanto destaque foi inevit\u00e1vel sua presen\u00e7a na Sele\u00e7\u00e3o Brasileira. L\u00e1 ele conseguiu atua\u00e7\u00f5es que chamaram a aten\u00e7\u00e3o de todo o mundo, por diferentes motivos. Primeiro impressionou com os chutes potentes, que pareciam literalmente bombas, e com incr\u00edveis gols ol\u00edmpicos na Copa de 82. Seguido de uma briga dentro de campo em 86 que o tirou da Sele\u00e7\u00e3o.<\/p>\n<figure id=\"attachment_3679\" aria-describedby=\"caption-attachment-3679\" style=\"width: 300px\" class=\"wp-caption aligncenter\"><img loading=\"lazy\" class=\"size-medium wp-image-3679\" src=\"https:\/\/espora13.com.br\/wp-content\/uploads\/2020\/05\/imgS620I11865T20191112174245-300x200.jpg\" alt=\"\" width=\"300\" height=\"200\" srcset=\"https:\/\/espora13.com.br\/wp-content\/uploads\/2020\/05\/imgS620I11865T20191112174245-300x200.jpg 300w, https:\/\/espora13.com.br\/wp-content\/uploads\/2020\/05\/imgS620I11865T20191112174245-177x118.jpg 177w, https:\/\/espora13.com.br\/wp-content\/uploads\/2020\/05\/imgS620I11865T20191112174245-272x182.jpg 272w, https:\/\/espora13.com.br\/wp-content\/uploads\/2020\/05\/imgS620I11865T20191112174245.jpg 620w\" sizes=\"(max-width: 300px) 100vw, 300px\" \/><figcaption id=\"caption-attachment-3679\" class=\"wp-caption-text\">\u00c9der Aleixo pela Sele\u00e7\u00e3o Brasileira<br \/>Foto: O gol<\/figcaption><\/figure>\n<p>Depois dessa brilhante passagem o ponta se aventurou em outros clubes brasileiros: Inter de Limeira, Palmeiras, Santos, Sport, Botafogo e Atl\u00e9tico Paranaense. Teve um breve retorno ao Galo, onde levou mais um trof\u00e9u de Campe\u00e3o Mineiro, mas logo voltou a mudar de time, chegando at\u00e9 mesmo ao rival Cruzeiro onde conquistou uma Copa do Brasil em 93. Da\u00ed para a frente, fez sua \u00faltima passagem pelo Atl\u00e9tico, conquistou seu \u00faltimo T\u00edtulo como jogador do clube e saiu para poucos anos depois encerrar sua carreira.<\/p>\n<p>Essa jornada de vit\u00f3rias dispensa coment\u00e1rios quando se pergunta a import\u00e2ncia de \u00c9der Aleixo para o Atl\u00e9tico. Anos depois, ap\u00f3s se afastar do futebol, pelo menos de dentro de campo, hoje \u00e9 poss\u00edvel encontra-lo na folha de funcion\u00e1rios da Cidade do Galo, onde faz parte da comiss\u00e3o t\u00e9cnica desde 2018, quando iniciou um projeto que buscava novos talentos na base. Por\u00e9m, devido as restri\u00e7\u00f5es impostas durante a pandemia, por estar no grupo de risco ele est\u00e1 afastado temporariamente do trabalho, mas em breve estar\u00e1 de volta, para quem sabe, compartilhar o segredo do chute do &#8220;Bomba da Vila Ol\u00edmpica&#8221;.<\/p>\n<p>Espora 13 \u00e9 o portal de todas modalidades do Galo e fazemos isso para voc\u00ea torcedor atleticano.<\/p>\n<p>Siga o Espora 13 nas redes sociais.<\/p>\n<p>Inscreva-se no nosso canal do youtube, TV Espora 13.<\/p>\n<p>Muito obrigado! Tamo junto sempre!<\/p>\n<p>&nbsp;<\/p>\n<p>&nbsp;<\/p>\n<p>Espora neles Galo!<\/p>\n","protected":false},"excerpt":{"rendered":"<p>Assim como eu os atleticanos mais jovens n\u00e3o tiveram a oportunidade de ver muitos dos grandes nomes atuarem pelo nosso<\/p>\n","protected":false},"author":6,"featured_media":3678,"comment_status":"open","ping_status":"open","sticky":false,"template":"","format":"standard","meta":[],"categories":[83],"tags":[71],"_links":{"self":[{"href":"https:\/\/espora13.com.br\/index.php\/wp-json\/wp\/v2\/posts\/3677"}],"collection":[{"href":"https:\/\/espora13.com.br\/index.php\/wp-json\/wp\/v2\/posts"}],"about":[{"href":"https:\/\/espora13.com.br\/index.php\/wp-json\/wp\/v2\/types\/post"}],"author":[{"embeddable":true,"href":"https:\/\/espora13.com.br\/index.php\/wp-json\/wp\/v2\/users\/6"}],"replies":[{"embeddable":true,"href":"https:\/\/espora13.com.br\/index.php\/wp-json\/wp\/v2\/comments?post=3677"}],"version-history":[{"count":3,"href":"https:\/\/espora13.com.br\/index.php\/wp-json\/wp\/v2\/posts\/3677\/revisions"}],"predecessor-version":[{"id":3739,"href":"https:\/\/espora13.com.br\/index.php\/wp-json\/wp\/v2\/posts\/3677\/revisions\/3739"}],"wp:featuredmedia":[{"embeddable":true,"href":"https:\/\/espora13.com.br\/index.php\/wp-json\/wp\/v2\/media\/3678"}],"wp:attachment":[{"href":"https:\/\/espora13.com.br\/index.php\/wp-json\/wp\/v2\/media?parent=3677"}],"wp:term":[{"taxonomy":"category","embeddable":true,"href":"https:\/\/espora13.com.br\/index.php\/wp-json\/wp\/v2\/categories?post=3677"},{"taxonomy":"post_tag","embeddable":true,"href":"https:\/\/espora13.com.br\/index.php\/wp-json\/wp\/v2\/tags?post=3677"}],"curies":[{"name":"wp","href":"https:\/\/api.w.org\/{rel}","templated":true}]}}