{"id":3724,"date":"2020-06-16T11:15:35","date_gmt":"2020-06-16T14:15:35","guid":{"rendered":"http:\/\/espora13.com.br\/?p=3724"},"modified":"2020-06-17T09:42:16","modified_gmt":"2020-06-17T12:42:16","slug":"marrony-chega-em-bh-e-o-novo-reforco-para-o-ataque-do-galo","status":"publish","type":"post","link":"https:\/\/espora13.com.br\/index.php\/2020\/06\/16\/marrony-chega-em-bh-e-o-novo-reforco-para-o-ataque-do-galo\/","title":{"rendered":"Marrony chega em BH para refor\u00e7ar o ataque do Galo"},"content":{"rendered":"<p>Ap\u00f3s semanas de tentativas de negocia\u00e7\u00e3o entre Atl\u00e9tico, Vasco e o jogador finalmente est\u00e1 tudo resolvido e o atacante Marrony de 21 anos \u00e9 o novo refor\u00e7o atleticano, que j\u00e1 desembarcou em Belo Horizonte para realizar os exames m\u00e9dicos e vestir a camisa alvinegra. Agora j\u00e1 s\u00e3o 3 os refor\u00e7os que chegaram ao Galo desde que Jorge Sampaoli \u00e9 o comandante da equipe, junto do novo diretor de futebol Alexandre Mattos (os volantes L\u00e9o Sena e Alan Franco j\u00e1 est\u00e3o acertados, mas n\u00e3o chegaram devido ao impedimento causado pelo Covid 19).<\/p>\n<p>O presidente do Atl\u00e9tico Sergio Sette C\u00e2mara e a diretoria do Vasco confirmaram a not\u00edcia e garantiram que o jogador j\u00e1 tem contrato com o clube mineiro. O Galo agora \u00e9 detentor de 56% dos direitos econ\u00f4micos do jogador, sendo que \u00e9 obrigat\u00f3ria a aquisi\u00e7\u00e3o de mais 14% at\u00e9 2023. Especula-se que o valor seja de R$20 milh\u00f5es pelos direitos econ\u00f4micos mais um b\u00f4nus de R$1 milh\u00e3o quando completar a marca de 30 jogos.<\/p>\n<p>Marrony \u00e9 atacante acostumado a jogar pelas pontas, principalmente pela esquerda, mas que tamb\u00e9m faz a fun\u00e7\u00e3o de ponta central. No Vasco ele realizou 84 jogos e marcou 11 gols. Seu desempenho foi bom quando atuou pela esquerda ou como centroavante, mas uma improvisa\u00e7\u00e3o pela direita causou uma queda na qualidade das suas atua\u00e7\u00f5es. Ainda assim, mesmo sendo jovem, o atleta conseguiu ser um dos destaques da equipe cruzmaltina.<\/p>\n<figure id=\"attachment_3726\" aria-describedby=\"caption-attachment-3726\" style=\"width: 300px\" class=\"wp-caption aligncenter\"><img loading=\"lazy\" class=\"wp-image-3726 size-medium\" src=\"https:\/\/espora13.com.br\/wp-content\/uploads\/2020\/06\/marrony1-300x201.jpg\" alt=\"\" width=\"300\" height=\"201\" srcset=\"https:\/\/espora13.com.br\/wp-content\/uploads\/2020\/06\/marrony1-300x201.jpg 300w, https:\/\/espora13.com.br\/wp-content\/uploads\/2020\/06\/marrony1-177x118.jpg 177w, https:\/\/espora13.com.br\/wp-content\/uploads\/2020\/06\/marrony1-272x182.jpg 272w, https:\/\/espora13.com.br\/wp-content\/uploads\/2020\/06\/marrony1.jpg 700w\" sizes=\"(max-width: 300px) 100vw, 300px\" \/><figcaption id=\"caption-attachment-3726\" class=\"wp-caption-text\">Marrony foi destaque do Vasco na temporada Foto: Luciano Belford\/Ag\u00eancia O Dia<\/figcaption><\/figure>\n<p>Ao que tudo indica a chegada de Marrony \u00e9 mais uma contrata\u00e7\u00e3o no padr\u00e3o de investimento do Atl\u00e9tico. Atrav\u00e9s de seus parceiros e investidores, o clube busca talentos jovens que al\u00e9m de contribuir com o time ir\u00e3o ser valorizados e futuramente negociados, rendendo boas cifras que ir\u00e3o compensar o gasto inicial. Dessa forma, o elenco vai ficando cada vez mais jovem, o que pode ser bom ou ruim: por um lado a juventude traz mais for\u00e7a, mais g\u00e1s e gana de vencer, por outro a inexperi\u00eancia ou imaturidade. Mas isso se compensa pela presen\u00e7a de grandes jogadores no elenco, com um bom treinador e com melhores condi\u00e7\u00f5es de trabalho, condi\u00e7\u00f5es essas que com certeza encheram o olho do jogador.<\/p>\n<p>Fato \u00e9 que foi uma boa contrata\u00e7\u00e3o, mas que ainda tem que mostrar em campo a que veio. Mesmo com a pandemia e o mercado frio, o Galo est\u00e1 se movimentando e refor\u00e7ando seu elenco. A diretoria est\u00e1 fazendo um bom trabalho e buscando as pe\u00e7as que faltam para completar o time. E n\u00e3o para por a\u00ed, pois existem sondagens importantes que logo ser\u00e3o definidas, como \u00e9 o caso do tamb\u00e9m atacante Keno (pertence ao Pyramids do Egito) e do zagueiro Bueno (jogador do Kashima Antlers do Jap\u00e3o).<\/p>\n<p>Espora 13 \u00e9 o portal de todas modalidades do Galo e fazemos isso para voc\u00ea torcedor atleticano.<\/p>\n<p>Siga o Espora 13 nas redes sociais.<\/p>\n<p>Inscreva-se no nosso canal do youtube, TV Espora 13.<\/p>\n<p>Muito obrigado! Tamo junto sempre!<\/p>\n<p>&nbsp;<\/p>\n<p>Espora neles Galo!<\/p>\n","protected":false},"excerpt":{"rendered":"<p>Ap\u00f3s semanas de tentativas de negocia\u00e7\u00e3o entre Atl\u00e9tico, Vasco e o jogador finalmente est\u00e1 tudo resolvido e o atacante Marrony<\/p>\n","protected":false},"author":6,"featured_media":3725,"comment_status":"open","ping_status":"open","sticky":false,"template":"","format":"standard","meta":[],"categories":[83],"tags":[71],"_links":{"self":[{"href":"https:\/\/espora13.com.br\/index.php\/wp-json\/wp\/v2\/posts\/3724"}],"collection":[{"href":"https:\/\/espora13.com.br\/index.php\/wp-json\/wp\/v2\/posts"}],"about":[{"href":"https:\/\/espora13.com.br\/index.php\/wp-json\/wp\/v2\/types\/post"}],"author":[{"embeddable":true,"href":"https:\/\/espora13.com.br\/index.php\/wp-json\/wp\/v2\/users\/6"}],"replies":[{"embeddable":true,"href":"https:\/\/espora13.com.br\/index.php\/wp-json\/wp\/v2\/comments?post=3724"}],"version-history":[{"count":4,"href":"https:\/\/espora13.com.br\/index.php\/wp-json\/wp\/v2\/posts\/3724\/revisions"}],"predecessor-version":[{"id":3731,"href":"https:\/\/espora13.com.br\/index.php\/wp-json\/wp\/v2\/posts\/3724\/revisions\/3731"}],"wp:featuredmedia":[{"embeddable":true,"href":"https:\/\/espora13.com.br\/index.php\/wp-json\/wp\/v2\/media\/3725"}],"wp:attachment":[{"href":"https:\/\/espora13.com.br\/index.php\/wp-json\/wp\/v2\/media?parent=3724"}],"wp:term":[{"taxonomy":"category","embeddable":true,"href":"https:\/\/espora13.com.br\/index.php\/wp-json\/wp\/v2\/categories?post=3724"},{"taxonomy":"post_tag","embeddable":true,"href":"https:\/\/espora13.com.br\/index.php\/wp-json\/wp\/v2\/tags?post=3724"}],"curies":[{"name":"wp","href":"https:\/\/api.w.org\/{rel}","templated":true}]}}