{"id":3764,"date":"2020-06-30T17:23:50","date_gmt":"2020-06-30T20:23:50","guid":{"rendered":"http:\/\/espora13.com.br\/?p=3764"},"modified":"2020-06-30T17:23:50","modified_gmt":"2020-06-30T20:23:50","slug":"fora-dos-planos-para-a-temporada-di-santo-rescinde-com-o-galo","status":"publish","type":"post","link":"https:\/\/espora13.com.br\/index.php\/2020\/06\/30\/fora-dos-planos-para-a-temporada-di-santo-rescinde-com-o-galo\/","title":{"rendered":"Fora dos planos para a temporada, Di Santo rescinde com o Galo"},"content":{"rendered":"<p>Depois de uma passagem r\u00e1pida pelo Atl\u00e9tico o atacante Franco Di Santo finalmente teve a rescis\u00e3o de contrato publicada. Contestado desde sua chegada, a sa\u00edda do jogador representa economia para o caixa e abre espa\u00e7o para a chegada de um jogador que assuma o papel de goleador no ataque do Galo.<\/p>\n<p>Aos 31 anos, Di Santo apresentou no Atl\u00e9tico um futebol muito abaixo do esperado. Quando chegou ao elenco, ainda em 2019, muitos torcedores questionaram sua contrata\u00e7\u00e3o, pois, em toda sua carreira, at\u00e9 a chegada em Minas Gerais, o jogador disputou 350 partidas e marcou somente 60 gols, uma m\u00e9dia baix\u00edssima para um atacante em qualquer liga de futebol. E n\u00e3o foi diferente por aqui. Em 33 jogos com a camisa do Galo fora apenas 7 gols, n\u00fameros que irritaram e muito os torcedores que em 2019 viram um time com enormes dificuldades para marcar.<\/p>\n<p>Junto dele outro jogador que n\u00e3o deve mais jogar pelo Atl\u00e9tico \u00e9 o tamb\u00e9m atacante Ricardo Oliveira, que viveu nos \u00faltimos tempos uma fase t\u00e3o ruim quanto a do companheiro. No brasileir\u00e3o 2019 ele atingiu apenas 2 gols, muito abaixo do que mostrou em 2018 onde foi vice artilheiro do campeonato com 13 gols. Sua rescis\u00e3o agora depende apenas de um acordo com o clube em rela\u00e7\u00e3o aos sal\u00e1rios atrasados.<\/p>\n<p>Com a sa\u00edda dos dois ficou aberta uma vaga no ataque atleticano. A diretoria, em conjunto com o t\u00e9cnico Jorge Sampaoli j\u00e1 tem planos para a substitui\u00e7\u00e3o. Existem rumores de negocia\u00e7\u00f5es com Nahuel Bustos, atacante argentino de 21 anos, pertencente ao Talleres. Al\u00e9m dele, Lucas Pratto tamb\u00e9m pintou como op\u00e7\u00e3o. Todos esses boatos deixam o torcedor animado, pois o Galo parece estar jogando s\u00e9rio no mercado, buscando jogadores para ser vencedor. A volta do futebol promete!<\/p>\n<p>Espora 13 \u00e9 o portal de todas modalidades do Galo e fazemos isso para voc\u00ea torcedor atleticano.<\/p>\n<p>Siga o Espora 13 nas redes sociais.<\/p>\n<p>Inscreva-se no nosso canal do youtube, TV Espora 13.<\/p>\n<p>Muito obrigado! Tamo junto sempre!<\/p>\n<p>&nbsp;<\/p>\n","protected":false},"excerpt":{"rendered":"<p>Depois de uma passagem r\u00e1pida pelo Atl\u00e9tico o atacante Franco Di Santo finalmente teve a rescis\u00e3o de contrato publicada. Contestado<\/p>\n","protected":false},"author":6,"featured_media":3766,"comment_status":"open","ping_status":"open","sticky":false,"template":"","format":"standard","meta":[],"categories":[1],"tags":[],"_links":{"self":[{"href":"https:\/\/espora13.com.br\/index.php\/wp-json\/wp\/v2\/posts\/3764"}],"collection":[{"href":"https:\/\/espora13.com.br\/index.php\/wp-json\/wp\/v2\/posts"}],"about":[{"href":"https:\/\/espora13.com.br\/index.php\/wp-json\/wp\/v2\/types\/post"}],"author":[{"embeddable":true,"href":"https:\/\/espora13.com.br\/index.php\/wp-json\/wp\/v2\/users\/6"}],"replies":[{"embeddable":true,"href":"https:\/\/espora13.com.br\/index.php\/wp-json\/wp\/v2\/comments?post=3764"}],"version-history":[{"count":1,"href":"https:\/\/espora13.com.br\/index.php\/wp-json\/wp\/v2\/posts\/3764\/revisions"}],"predecessor-version":[{"id":3767,"href":"https:\/\/espora13.com.br\/index.php\/wp-json\/wp\/v2\/posts\/3764\/revisions\/3767"}],"wp:featuredmedia":[{"embeddable":true,"href":"https:\/\/espora13.com.br\/index.php\/wp-json\/wp\/v2\/media\/3766"}],"wp:attachment":[{"href":"https:\/\/espora13.com.br\/index.php\/wp-json\/wp\/v2\/media?parent=3764"}],"wp:term":[{"taxonomy":"category","embeddable":true,"href":"https:\/\/espora13.com.br\/index.php\/wp-json\/wp\/v2\/categories?post=3764"},{"taxonomy":"post_tag","embeddable":true,"href":"https:\/\/espora13.com.br\/index.php\/wp-json\/wp\/v2\/tags?post=3764"}],"curies":[{"name":"wp","href":"https:\/\/api.w.org\/{rel}","templated":true}]}}