{"id":3779,"date":"2020-07-07T15:28:11","date_gmt":"2020-07-07T18:28:11","guid":{"rendered":"http:\/\/espora13.com.br\/?p=3779"},"modified":"2020-07-07T15:28:11","modified_gmt":"2020-07-07T18:28:11","slug":"contratacoes-o-galo-reforca-ainda-mais-seu-elenco","status":"publish","type":"post","link":"https:\/\/espora13.com.br\/index.php\/2020\/07\/07\/contratacoes-o-galo-reforca-ainda-mais-seu-elenco\/","title":{"rendered":"Contrata\u00e7\u00f5es: o Galo refor\u00e7a ainda mais seu elenco"},"content":{"rendered":"<p>Durante os \u00faltimos meses, mesmo com o pico da pandemia no Brasil, o Galo fez v\u00e1rias negocia\u00e7\u00f5es e conseguiu fechar uma s\u00e9rie de contrata\u00e7\u00f5es para refor\u00e7ar o elenco. O t\u00e9cnico Sampaoli tem indicado nomes e cabe \u00e0 diretoria viabilizar a vinda, seja com recursos pr\u00f3prios ou seja com o aux\u00edlio de investidores, como \u00e9 o caso de Rubens Menin, que vem sendo nosso maior investidor e que tem projetado cen\u00e1rios de conquistas para o Atl\u00e9tico nos pr\u00f3ximos anos. Mas, quais ser\u00e3o os pr\u00f3ximos alvos do Galo?<\/p>\n<p>Primeiramente vale relembrar quem j\u00e1 chegou: Keno e Marrony refor\u00e7am o ataque, L\u00e9o Sena e Alan Franco s\u00e3o refor\u00e7os para o meio campo e para a zaga Bueno e Junior Alonso. Os 6 jogadores vieram para o Atl\u00e9tico durante a pandemia do covid-19, mesmo com o mercado pouco movimentado e com os times com a corda no pesco\u00e7o. O atleticano precisa agradecer e muito nosso parceiro e fiador, al\u00e9m \u00e9 claro da diretoria, que parece estar acertando finalmente nas investidas.<\/p>\n<figure id=\"attachment_3781\" aria-describedby=\"caption-attachment-3781\" style=\"width: 300px\" class=\"wp-caption aligncenter\"><img loading=\"lazy\" class=\"size-medium wp-image-3781\" src=\"https:\/\/espora13.com.br\/wp-content\/uploads\/2020\/07\/Marrony-2-300x200.jpg\" alt=\"\" width=\"300\" height=\"200\" srcset=\"https:\/\/espora13.com.br\/wp-content\/uploads\/2020\/07\/Marrony-2-300x200.jpg 300w, https:\/\/espora13.com.br\/wp-content\/uploads\/2020\/07\/Marrony-2-768x512.jpg 768w, https:\/\/espora13.com.br\/wp-content\/uploads\/2020\/07\/Marrony-2-1024x683.jpg 1024w, https:\/\/espora13.com.br\/wp-content\/uploads\/2020\/07\/Marrony-2-177x118.jpg 177w, https:\/\/espora13.com.br\/wp-content\/uploads\/2020\/07\/Marrony-2-272x182.jpg 272w\" sizes=\"(max-width: 300px) 100vw, 300px\" \/><figcaption id=\"caption-attachment-3781\" class=\"wp-caption-text\">Um refor\u00e7os da temporada, Marrony j\u00e1 treina com os novos companheiros.<br \/>Foto: Pedro Souza \/ Atl\u00e9tico<\/figcaption><\/figure>\n<p>Tantos refor\u00e7os podem levar a se pensar que o time est\u00e1 fechado, mas se engana quem pensa assim. A ideia do t\u00e9cnico Sampaoli \u00e9 trazer mais dois refor\u00e7os: um goleiro, que tenha a sa\u00edda da bola com os p\u00e9s como principal caracter\u00edstica e um centroavante para brigar pela titularidade. S\u00e3o desejos ambiciosos do treinador, que devem ser atendidos em breve, pois as negocia\u00e7\u00f5es est\u00e3o acontecendo.<\/p>\n<p>Sobre essas pe\u00e7as que faltam, o Galo pode estar perto do goleiro Campan\u00e3 do Independiente da Argentina, jogador de 31 anos que j\u00e1 foi desejo de Jorge Sampaoli ainda nos tempos de Santos. Tamb\u00e9m est\u00e1 na pauta o ainda o t\u00e3o esperado camisa 9, que tem 3 nomes como favoritos: Lucas Pratto, Nahuel Bustos e Vargas. Existem negocia\u00e7\u00f5es, mas todas s\u00e3o muito dif\u00edceis.<\/p>\n<p>Agora s\u00f3 resta esperar o desfecho dessas investidas do Galo, que com o aporte do seu investidor Menin e com a influ\u00eancia do diretor de futebol Alexandre Mattos e do treinador Jorge Sampaoli, parece estar muito perto de fechar o elenco para a temporada. O torcedor nesse momento aguarda como nunca a volta do futebol, ou melhor, a volta do Atl\u00e9tico!<\/p>\n<p>Espora 13 \u00e9 o portal de todas modalidades do Galo e fazemos isso para voc\u00ea torcedor atleticano.<\/p>\n<p>Siga o Espora 13 nas redes sociais.<\/p>\n<p>Inscreva-se no nosso canal do youtube, TV Espora 13.<\/p>\n<p>Muito obrigado! Tamo junto sempre!<\/p>\n","protected":false},"excerpt":{"rendered":"<p>Durante os \u00faltimos meses, mesmo com o pico da pandemia no Brasil, o Galo fez v\u00e1rias negocia\u00e7\u00f5es e conseguiu fechar<\/p>\n","protected":false},"author":6,"featured_media":3780,"comment_status":"open","ping_status":"open","sticky":false,"template":"","format":"standard","meta":[],"categories":[83],"tags":[],"_links":{"self":[{"href":"https:\/\/espora13.com.br\/index.php\/wp-json\/wp\/v2\/posts\/3779"}],"collection":[{"href":"https:\/\/espora13.com.br\/index.php\/wp-json\/wp\/v2\/posts"}],"about":[{"href":"https:\/\/espora13.com.br\/index.php\/wp-json\/wp\/v2\/types\/post"}],"author":[{"embeddable":true,"href":"https:\/\/espora13.com.br\/index.php\/wp-json\/wp\/v2\/users\/6"}],"replies":[{"embeddable":true,"href":"https:\/\/espora13.com.br\/index.php\/wp-json\/wp\/v2\/comments?post=3779"}],"version-history":[{"count":1,"href":"https:\/\/espora13.com.br\/index.php\/wp-json\/wp\/v2\/posts\/3779\/revisions"}],"predecessor-version":[{"id":3782,"href":"https:\/\/espora13.com.br\/index.php\/wp-json\/wp\/v2\/posts\/3779\/revisions\/3782"}],"wp:featuredmedia":[{"embeddable":true,"href":"https:\/\/espora13.com.br\/index.php\/wp-json\/wp\/v2\/media\/3780"}],"wp:attachment":[{"href":"https:\/\/espora13.com.br\/index.php\/wp-json\/wp\/v2\/media?parent=3779"}],"wp:term":[{"taxonomy":"category","embeddable":true,"href":"https:\/\/espora13.com.br\/index.php\/wp-json\/wp\/v2\/categories?post=3779"},{"taxonomy":"post_tag","embeddable":true,"href":"https:\/\/espora13.com.br\/index.php\/wp-json\/wp\/v2\/tags?post=3779"}],"curies":[{"name":"wp","href":"https:\/\/api.w.org\/{rel}","templated":true}]}}