{"id":3988,"date":"2020-08-24T16:53:48","date_gmt":"2020-08-24T19:53:48","guid":{"rendered":"http:\/\/espora13.com.br\/?p=3988"},"modified":"2020-08-24T16:53:48","modified_gmt":"2020-08-24T19:53:48","slug":"atletico-sofre-gol-no-inicio-e-perde-para-o-internacional","status":"publish","type":"post","link":"https:\/\/espora13.com.br\/index.php\/2020\/08\/24\/atletico-sofre-gol-no-inicio-e-perde-para-o-internacional\/","title":{"rendered":"Atl\u00e9tico sofre gol no inicio e perde para o Internacional"},"content":{"rendered":"<p><strong>O Jogo<\/strong><\/p>\n<p>O Atl\u00e9tico, escalado com tr\u00eas zagueiros, tinha a ideia de se defender melhor e ter mais consist\u00eancia nesse setor. Mas toda a estrat\u00e9gia veio a baixo logo aos 7 minutos, quando o Inter achou muitos espa\u00e7os entre a defesa Alvinegra, Patrick serviu Galhardo, e o meia abriu o placar para os ga\u00fachos. Da\u00ed em diante, o Atl\u00e9tico tentou manter mais a posse de bola e atacar, mas era incapaz de criar chances perigosas, e o Inter sempre parecia mais estruturado e perigoso em contra-ataques. Keno n\u00e3o estava bem, Hyoran errava demais e o ataque, como um todo, era inefetivo. A maior posse n\u00e3o se traduzia em chances, e a primeira etapa terminou com justa vit\u00f3ria do Internacional.<\/p>\n<p>O Atl\u00e9tico voltou para o segundo tempo com a entrada de Marquinhos e a estreia de Eduardo Sasha, nos lugares de Marrony e Jair, respectivamente. As altera\u00e7\u00f5es melhoraram um pouco a mobilidade do time, mas n\u00e3o corrigiram o problema da efetividade. O Galo continuava tendo a maior posse de bola, mas tamb\u00e9m continuava sem criar grandes chances. O Internacional continuava com controle do jogo, e esse cen\u00e1rio se arrastou at\u00e9 os minutos finais. Sampaoli at\u00e9 abriu m\u00e3o dos tr\u00eas zagueiros, sacando Igor Rabello para a entrada de Allan Franco, t\u00e3o como a entrada de Savarino no lugar do apagado Keno, mas nenhuma dessas altera\u00e7\u00f5es foram capazes de mudar o jogo. O Galo at\u00e9 ensaiou press\u00e3o nos minutos finais, mas a partida terminaria com vit\u00f3ria magra para o Internacional, que roubou a lideran\u00e7a Atleticana.<\/p>\n<figure id=\"attachment_3992\" aria-describedby=\"caption-attachment-3992\" style=\"width: 434px\" class=\"wp-caption alignnone\"><img loading=\"lazy\" class=\" wp-image-3992\" src=\"https:\/\/espora13.com.br\/wp-content\/uploads\/2020\/08\/50259986672_d41abde658_k-300x200.jpg\" alt=\"\" width=\"434\" height=\"289\" srcset=\"https:\/\/espora13.com.br\/wp-content\/uploads\/2020\/08\/50259986672_d41abde658_k-300x200.jpg 300w, https:\/\/espora13.com.br\/wp-content\/uploads\/2020\/08\/50259986672_d41abde658_k-1024x683.jpg 1024w, https:\/\/espora13.com.br\/wp-content\/uploads\/2020\/08\/50259986672_d41abde658_k-768x512.jpg 768w, https:\/\/espora13.com.br\/wp-content\/uploads\/2020\/08\/50259986672_d41abde658_k-1536x1024.jpg 1536w, https:\/\/espora13.com.br\/wp-content\/uploads\/2020\/08\/50259986672_d41abde658_k-177x118.jpg 177w, https:\/\/espora13.com.br\/wp-content\/uploads\/2020\/08\/50259986672_d41abde658_k-272x182.jpg 272w, https:\/\/espora13.com.br\/wp-content\/uploads\/2020\/08\/50259986672_d41abde658_k.jpg 2047w\" sizes=\"(max-width: 434px) 100vw, 434px\" \/><figcaption id=\"caption-attachment-3992\" class=\"wp-caption-text\">Fotos: Pedro Souza \/ Ag\u00eancia Galo \/ Atl\u00e9tico<\/figcaption><\/figure>\n<p><strong>Opini\u00e3o Final<\/strong><\/p>\n<p>Diferente da partida contra o Botafogo, o Atl\u00e9tico n\u00e3o finalizou 31 vezes a gol. Na verdade, finalizou muito menos, e praticamente nenhum chute foi ao alvo. Quando nosso treinador exigiu seis contrata\u00e7\u00f5es logo ap\u00f3s uma vit\u00f3ria diante do Flamengo, todos achamos tal exig\u00eancia estranha. Mas o fato \u00e9 que, cada vez mais, sentimos car\u00eancias que s\u00f3 parecem ter solu\u00e7\u00e3o com novos jogadores. Sasha chegou e j\u00e1 mostrou ter qualidade para ser centro-avante, mas ainda faltam op\u00e7\u00f5es confi\u00e1veis nas pontas, e o Atl\u00e9tico sentiu muito a falta de Nathan. N\u00e3o h\u00e1 hoje, no elenco Atleticano, atleta com as caracter\u00edsticas do lesionado camisa 23, e o setor criativo do ataque sentiu muito essa falta. \u00c9 importante frisar, por\u00e9m, que o treinador argentino n\u00e3o est\u00e1 isento de cr\u00edticas. Sabemos que alterar o esquema t\u00e1tico e os jogadores \u00e9 uma caracter\u00edstica de Sampaoli, mas o bom treinador estrangeiro n\u00e3o pode se perder em suas convic\u00e7\u00f5es. \u00c9 compreens\u00edvel que o time apresente problemas por falta de op\u00e7\u00f5es de qualidade, mas Sampaoli, que d\u00e1 bom padr\u00e3o de jogo ao Galo, n\u00e3o pode insistir em erros, tais como Keno, que ainda n\u00e3o fez grande exibi\u00e7\u00e3o desde que chegou, e poderia facilmente perder sua titularidade para Marquinhos.<\/p>\n<p><strong>Ficha T\u00e9cnica<\/strong><\/p>\n<p>INTERNACIONAL <strong>1 x 0 ATL\u00c9TICO<\/strong><\/p>\n<p><strong>Data-Hor\u00e1rio:<\/strong> 22 de agosto, \u00e0s 19h<br \/>\n<strong>Est\u00e1dio:<\/strong> Beira Rio, Porto Alegre(RS)<br \/>\n<strong>\u00c1rbitro:<\/strong> Luiz Flavio de Oliveira (SP)<br \/>\n<strong>Assistentes:<\/strong> Daniel Luis Marques e Evandro de Melo Lima (ambos de SP)<br \/>\n<strong>Cart\u00f5es amarelos:<\/strong> Jair, Junior Alonso(CAM), Marcos Guilherme(INT)<\/p>\n<p><strong>Gol:<\/strong> Thiago Galhardo, aos 7\u2019-\u00baT(1-0)<\/p>\n<p><strong>Internacional:<\/strong> Marcelo Lomba; Saravia, Z\u00e9 Gabriel, V\u00edctor Cuesta e Mois\u00e9s; Rodrigo Lindoso, Edenilson, Boschilia(D\u00b4Alessandro, aos 32\u2019-2\u00baT) e Patrick(Rodrigo Moledo, aos 40\u2019-2\u00baT); Thiago Galhardo(Peglow, aos 41\u2019-2\u00baT) e Marcos Guilherme(Musto, aos 14\u2019-2\u00baT). T\u00e9cnico: Eduardo Coudet<\/p>\n<p><strong>Atl\u00e9tico:<\/strong> Rafael; Igor Rabello(Alan Franco, aos 24\u2019-2\u00baT), R\u00e9ver, J\u00fanior Alonso, Mariano, Jair(Marquinhos-intervalo), Allan, Hyoran(Bruno Silva, aos 34\u2019-2\u00baT); Guilherme Arana, Keno(Savarino, aos 15\u2019-2\u00baT) e Marrony(Eduardo Sasha-intervalo). T\u00e9cnico: Jorge Sampaoli<\/p>\n","protected":false},"excerpt":{"rendered":"<p>O Jogo O Atl\u00e9tico, escalado com tr\u00eas zagueiros, tinha a ideia de se defender melhor e ter mais consist\u00eancia nesse<\/p>\n","protected":false},"author":14,"featured_media":3992,"comment_status":"open","ping_status":"open","sticky":false,"template":"","format":"standard","meta":[],"categories":[75],"tags":[],"_links":{"self":[{"href":"https:\/\/espora13.com.br\/index.php\/wp-json\/wp\/v2\/posts\/3988"}],"collection":[{"href":"https:\/\/espora13.com.br\/index.php\/wp-json\/wp\/v2\/posts"}],"about":[{"href":"https:\/\/espora13.com.br\/index.php\/wp-json\/wp\/v2\/types\/post"}],"author":[{"embeddable":true,"href":"https:\/\/espora13.com.br\/index.php\/wp-json\/wp\/v2\/users\/14"}],"replies":[{"embeddable":true,"href":"https:\/\/espora13.com.br\/index.php\/wp-json\/wp\/v2\/comments?post=3988"}],"version-history":[{"count":3,"href":"https:\/\/espora13.com.br\/index.php\/wp-json\/wp\/v2\/posts\/3988\/revisions"}],"predecessor-version":[{"id":3993,"href":"https:\/\/espora13.com.br\/index.php\/wp-json\/wp\/v2\/posts\/3988\/revisions\/3993"}],"wp:featuredmedia":[{"embeddable":true,"href":"https:\/\/espora13.com.br\/index.php\/wp-json\/wp\/v2\/media\/3992"}],"wp:attachment":[{"href":"https:\/\/espora13.com.br\/index.php\/wp-json\/wp\/v2\/media?parent=3988"}],"wp:term":[{"taxonomy":"category","embeddable":true,"href":"https:\/\/espora13.com.br\/index.php\/wp-json\/wp\/v2\/categories?post=3988"},{"taxonomy":"post_tag","embeddable":true,"href":"https:\/\/espora13.com.br\/index.php\/wp-json\/wp\/v2\/tags?post=3988"}],"curies":[{"name":"wp","href":"https:\/\/api.w.org\/{rel}","templated":true}]}}