{"id":4217,"date":"2020-10-31T22:02:53","date_gmt":"2020-11-01T01:02:53","guid":{"rendered":"http:\/\/espora13.com.br\/?p=4217"},"modified":"2020-11-01T14:41:09","modified_gmt":"2020-11-01T17:41:09","slug":"galo-enfrenta-o-palmeiras-para-reencontrar-as-vitorias-pelo-brasileirao","status":"publish","type":"post","link":"https:\/\/espora13.com.br\/index.php\/2020\/10\/31\/galo-enfrenta-o-palmeiras-para-reencontrar-as-vitorias-pelo-brasileirao\/","title":{"rendered":"Galo enfrenta o Palmeiras para reencontrar as vit\u00f3rias pelo Brasileir\u00e3o"},"content":{"rendered":"<figure id=\"attachment_4218\" aria-describedby=\"caption-attachment-4218\" style=\"width: 2047px\" class=\"wp-caption aligncenter\"><img loading=\"lazy\" class=\"size-full wp-image-4218\" src=\"https:\/\/espora13.com.br\/wp-content\/uploads\/2020\/10\/50551990662_f73df86f31_k.jpg\" alt=\"\" width=\"2047\" height=\"1365\" srcset=\"https:\/\/espora13.com.br\/wp-content\/uploads\/2020\/10\/50551990662_f73df86f31_k.jpg 2047w, https:\/\/espora13.com.br\/wp-content\/uploads\/2020\/10\/50551990662_f73df86f31_k-300x200.jpg 300w, https:\/\/espora13.com.br\/wp-content\/uploads\/2020\/10\/50551990662_f73df86f31_k-1024x683.jpg 1024w, https:\/\/espora13.com.br\/wp-content\/uploads\/2020\/10\/50551990662_f73df86f31_k-768x512.jpg 768w, https:\/\/espora13.com.br\/wp-content\/uploads\/2020\/10\/50551990662_f73df86f31_k-1536x1024.jpg 1536w, https:\/\/espora13.com.br\/wp-content\/uploads\/2020\/10\/50551990662_f73df86f31_k-177x118.jpg 177w, https:\/\/espora13.com.br\/wp-content\/uploads\/2020\/10\/50551990662_f73df86f31_k-272x182.jpg 272w\" sizes=\"(max-width: 2047px) 100vw, 2047px\" \/><figcaption id=\"caption-attachment-4218\" class=\"wp-caption-text\">Fotos: Pedro Souza \/ Atl\u00e9tico<\/figcaption><\/figure>\n<p>&nbsp;<\/p>\n<p>Segunda tamb\u00e9m \u00e9 dia de Galo!<\/p>\n<p>Jogo importante!<\/p>\n<p>Jogo essencial!<\/p>\n<p>Mais uma batalha em busca de um sonho!!<\/p>\n<p>Ap\u00f3s mais um p\u00e9ssimo resultado na \u00faltima rodada, Galo volta \u00e0 campo nesta segunda-feira(02), \u00e0s 17:00hrs (Bras\u00edlia), direto do Allianz Parque, contra a forte equipe do Palmeiras. Sendo o alvinegro necessitando voltar a vencer, e deixar para tr\u00e1s esse per\u00edodo de oscila\u00e7\u00e3o na competi\u00e7\u00e3o.<\/p>\n<p>O Palmeiras vinha mal na competi\u00e7\u00e3o, com muitos empates e um futebol abaixo da expectativa para o elenco e o investimento do clube paulista, sob o comando do \u201cp\u00f4fexo\u201d Luxemburgo o clube vinha mal, fato que culminou com a queda do experiente treinador. Ap\u00f3s sua sa\u00edda, o time teve uma boa mudan\u00e7a de postura em campo e isto culminou nos bons resultados apresentados nos \u00faltimos jogos. Luiz Adriano, Veiga e Felipe Melo voltaram a ganhar espa\u00e7o e seguem importantes na arma\u00e7\u00e3o do time. Forte no meio campo e eficiente no jogo a\u00e9reo, o Palmeiras vai com tudo para buscar a vit\u00f3ria no duelo.<\/p>\n<p>O Galo viveu um p\u00e9ssimo m\u00eas de Outubro no campeonato, o alvinegro foi um time que oscilou muito, pecou muito em finaliza\u00e7\u00f5es e teve partidas abaixo do esperado nas \u00faltimas rodadas, com isso o clube que chegou a ter uma vantagem na ponta da tabela, hoje est\u00e1 a tr\u00eas pontos dos l\u00edderes do campeonato (com 1 jogo a menos), e Jorge Sampaoli espera mais de seu elenco, e segue cobrando efetividade. Savarino e Sasha seguem errando muito na hora de finalizar as jogadas, pecando muito em momentos cruciais, e precisam evoluir neste aspecto, Nathan e Alan Franco e talvez, Mat\u00edas Zaracho, ter\u00e3o a miss\u00e3o de ganhar o meio campo, grande arma do advers\u00e1rio, e precisam ser efetivos, a zaga com Rever e Alonso tende a ser mais firme dando menos espa\u00e7o ao advers\u00e1rio, o que \u00e9 um alento aos atleticanos. Finaliza\u00e7\u00f5es foram as maiores cobran\u00e7as na semana, e com tempo e qualidade dos treinos do argentino, se espera mais efici\u00eancia em frente ao gol, e que as boas jogadas criadas gerem bola nas redes para a apaixonada torcida alvinegra. Atento na defesa, ousado pelas pontas e eficiente em finaliza\u00e7\u00f5es, esses s\u00e3o os ingredientes para o clube somar pontos no duro duelo desta segunda.<\/p>\n<figure id=\"attachment_4202\" aria-describedby=\"caption-attachment-4202\" style=\"width: 640px\" class=\"wp-caption aligncenter\"><img loading=\"lazy\" class=\"size-large wp-image-4202\" src=\"https:\/\/espora13.com.br\/wp-content\/uploads\/2020\/10\/50514033722_b7d4eb2b1d_k-1024x683.jpg\" alt=\"\" width=\"640\" height=\"427\" srcset=\"https:\/\/espora13.com.br\/wp-content\/uploads\/2020\/10\/50514033722_b7d4eb2b1d_k-1024x683.jpg 1024w, https:\/\/espora13.com.br\/wp-content\/uploads\/2020\/10\/50514033722_b7d4eb2b1d_k-300x200.jpg 300w, https:\/\/espora13.com.br\/wp-content\/uploads\/2020\/10\/50514033722_b7d4eb2b1d_k-768x512.jpg 768w, https:\/\/espora13.com.br\/wp-content\/uploads\/2020\/10\/50514033722_b7d4eb2b1d_k-1536x1024.jpg 1536w, https:\/\/espora13.com.br\/wp-content\/uploads\/2020\/10\/50514033722_b7d4eb2b1d_k-177x118.jpg 177w, https:\/\/espora13.com.br\/wp-content\/uploads\/2020\/10\/50514033722_b7d4eb2b1d_k-272x182.jpg 272w, https:\/\/espora13.com.br\/wp-content\/uploads\/2020\/10\/50514033722_b7d4eb2b1d_k.jpg 2048w\" sizes=\"(max-width: 640px) 100vw, 640px\" \/><figcaption id=\"caption-attachment-4202\" class=\"wp-caption-text\">Zaracho deve ter a oportunidade de iniciar o jogo.Fotos: Bruno Cantini \/ Ag\u00eancia Galo \/ Atl\u00e9tico<\/figcaption><\/figure>\n<p>&nbsp;<\/p>\n<p>Mais uma rodada, e mais uma decis\u00e3o. Fato \u00e9 que o clube iria oscilar uma hora ou outra no campeonato, e esse momento veio, com pouca efici\u00eancia o alvinegro deixou de somar pontos importantes nas \u00faltimas rodadas, mas o que passou, passou; agora \u00e9 bola para frente, hora de se reerguer, buscar a vit\u00f3ria e \u201cfechar\u201d o turno com vit\u00f3ria. Jogo \u201cpesado\u201d, importante e que envolve uma briga de times grandes. N\u00e3o pode permanecer nesta oscila\u00e7\u00e3o dos \u00faltimos jogos, se o Galo quer ser o campe\u00e3o precisa urgentemente voltar a vencer e \u201crecuperar\u201d os pontos perdidos. EFICI\u00caNCIA MEUS ATACANTES!!<\/p>\n<p>&nbsp;<\/p>\n<p>Vamos Galo!<\/p>\n<p>Vamos pra cima!<\/p>\n<p>Aqui \u00e9 Galo, Sempre!<\/p>\n<p>Esporada Neles Galo!!<\/p>\n<p>&nbsp;<\/p>\n<p><strong>FICHA T\u00c9CNICA DA PARTIDA<\/strong><\/p>\n<p>ATLETICO X PALMEIRAS<br \/>\n\u200bEst\u00e1dio: Allianz Parque<\/p>\n<p>Data e hora: 02 de novembro de 2020, \u00e0s 17:00hs (de Bras\u00edlia)<\/p>\n<p>Motivo: 19\u00aa rodada Brasileir\u00e3o<\/p>\n<p>&nbsp;<\/p>\n<p><strong><u>PROV\u00c1VEIS ESCALA\u00c7\u00d5ES: <\/u><\/strong><\/p>\n<p><strong><u>Atl\u00e9tico:<\/u><\/strong><\/p>\n<p>O prov\u00e1vel time escalado:<\/p>\n<p>Everson, Guga, Rever, Junior Alonso, Guilherme Arana, Jair, Alan Franco (Zaracho), Nathan, Savarino, Keno e Eduardo Sasha. T\u00e9cnico: Jorge Sampaoli.<\/p>\n<p>&nbsp;<\/p>\n<p><strong><u>Palmeiras:<\/u><\/strong><\/p>\n<p>O prov\u00e1vel time escalado:<\/p>\n<p>Weverton, Gabriel Menino, Luan, Felipe Melo e Mat\u00edas Vi\u00f1a; Patrick de Paula, Z\u00e9 Rafael e Raphael Veiga; Rony, Wesley e Luiz Adriano. T\u00e9cnico: Andrey Lopes.<\/p>\n<p>&nbsp;<\/p>\n<p>Ap\u00f3s o jog\u00e3o fique ligado no Canal do Youtube\u00a0<a href=\"https:\/\/www.youtube.com\/tvespora13\">TV Espora 13<\/a>, com o P\u00f3s-jogo AO VIVO com\u00a0<a href=\"https:\/\/www.instagram.com\/leoaj13\/\">L\u00e9o AJ<\/a> \u00e0s 19h30min.<\/p>\n<p>Inscreva-se no canal!<\/p>\n","protected":false},"excerpt":{"rendered":"<p>&nbsp; Segunda tamb\u00e9m \u00e9 dia de Galo! Jogo importante! Jogo essencial! Mais uma batalha em busca de um sonho!! Ap\u00f3s<\/p>\n","protected":false},"author":25,"featured_media":4218,"comment_status":"open","ping_status":"open","sticky":false,"template":"","format":"standard","meta":[],"categories":[73],"tags":[71],"_links":{"self":[{"href":"https:\/\/espora13.com.br\/index.php\/wp-json\/wp\/v2\/posts\/4217"}],"collection":[{"href":"https:\/\/espora13.com.br\/index.php\/wp-json\/wp\/v2\/posts"}],"about":[{"href":"https:\/\/espora13.com.br\/index.php\/wp-json\/wp\/v2\/types\/post"}],"author":[{"embeddable":true,"href":"https:\/\/espora13.com.br\/index.php\/wp-json\/wp\/v2\/users\/25"}],"replies":[{"embeddable":true,"href":"https:\/\/espora13.com.br\/index.php\/wp-json\/wp\/v2\/comments?post=4217"}],"version-history":[{"count":3,"href":"https:\/\/espora13.com.br\/index.php\/wp-json\/wp\/v2\/posts\/4217\/revisions"}],"predecessor-version":[{"id":4222,"href":"https:\/\/espora13.com.br\/index.php\/wp-json\/wp\/v2\/posts\/4217\/revisions\/4222"}],"wp:featuredmedia":[{"embeddable":true,"href":"https:\/\/espora13.com.br\/index.php\/wp-json\/wp\/v2\/media\/4218"}],"wp:attachment":[{"href":"https:\/\/espora13.com.br\/index.php\/wp-json\/wp\/v2\/media?parent=4217"}],"wp:term":[{"taxonomy":"category","embeddable":true,"href":"https:\/\/espora13.com.br\/index.php\/wp-json\/wp\/v2\/categories?post=4217"},{"taxonomy":"post_tag","embeddable":true,"href":"https:\/\/espora13.com.br\/index.php\/wp-json\/wp\/v2\/tags?post=4217"}],"curies":[{"name":"wp","href":"https:\/\/api.w.org\/{rel}","templated":true}]}}