{"id":4308,"date":"2020-12-05T23:33:09","date_gmt":"2020-12-06T02:33:09","guid":{"rendered":"http:\/\/espora13.com.br\/?p=4308"},"modified":"2020-12-06T11:18:48","modified_gmt":"2020-12-06T14:18:48","slug":"pra-cima-do-saci-atletico-enfrenta-o-internacional-com-volta-de-varios-jogadores","status":"publish","type":"post","link":"https:\/\/espora13.com.br\/index.php\/2020\/12\/05\/pra-cima-do-saci-atletico-enfrenta-o-internacional-com-volta-de-varios-jogadores\/","title":{"rendered":"Pra cima do Saci! Atl\u00e9tico enfrenta o Internacional com volta de v\u00e1rios jogadores"},"content":{"rendered":"<figure id=\"attachment_4310\" aria-describedby=\"caption-attachment-4310\" style=\"width: 2048px\" class=\"wp-caption aligncenter\"><img loading=\"lazy\" class=\"wp-image-4310 size-full\" src=\"https:\/\/espora13.com.br\/wp-content\/uploads\/2020\/12\/50682421983_1eb551bbc6_k.jpg\" alt=\"\" width=\"2048\" height=\"1365\" srcset=\"https:\/\/espora13.com.br\/wp-content\/uploads\/2020\/12\/50682421983_1eb551bbc6_k.jpg 2048w, https:\/\/espora13.com.br\/wp-content\/uploads\/2020\/12\/50682421983_1eb551bbc6_k-300x200.jpg 300w, https:\/\/espora13.com.br\/wp-content\/uploads\/2020\/12\/50682421983_1eb551bbc6_k-1024x683.jpg 1024w, https:\/\/espora13.com.br\/wp-content\/uploads\/2020\/12\/50682421983_1eb551bbc6_k-768x512.jpg 768w, https:\/\/espora13.com.br\/wp-content\/uploads\/2020\/12\/50682421983_1eb551bbc6_k-1536x1024.jpg 1536w, https:\/\/espora13.com.br\/wp-content\/uploads\/2020\/12\/50682421983_1eb551bbc6_k-177x118.jpg 177w, https:\/\/espora13.com.br\/wp-content\/uploads\/2020\/12\/50682421983_1eb551bbc6_k-272x182.jpg 272w\" sizes=\"(max-width: 2048px) 100vw, 2048px\" \/><figcaption id=\"caption-attachment-4310\" class=\"wp-caption-text\">Fotos: Bruno Cantini \/ Ag\u00eancia Galo \/ Atl\u00e9tico<\/figcaption><\/figure>\n<p>&nbsp;<\/p>\n<p>Domingo \u00e9 dia de Galo!!<\/p>\n<p>\u00c9 Contra tudo e todos!<\/p>\n<p>Mais uma batalha em busca de um sonho!!<\/p>\n<p>Ap\u00f3s perder a ponta da tabela para o S\u00e3o Paulo, o Galo volta \u00e0 campo para buscar mais uma vit\u00f3ria importante no Brasileir\u00e3o, neste domingo,06, \u00e0s 18:15 hrs (Bras\u00edlia), diante da desfalcada equipe Internacional que vem em queda livre no campeonato.<\/p>\n<p>O Internacional vinha disputando a lideran\u00e7a da tabela desde o in\u00edcio do campeonato brasileiro, por\u00e9m a equipe do Sul segue perdendo f\u00f4lego nas \u00faltimas rodadas, principalmente ap\u00f3s a sa\u00edda do t\u00e9cnico Coudet, os ga\u00fachos sentiram bastante a sa\u00edda do treinador, e perderam muito rendimento nas \u00faltimas rodadas, o que os deixou hoje, buscando pontos para n\u00e3o deixar o G4 do brasileir\u00e3o. O atual t\u00e9cnico Abel Braga, deve ser desfalque devido recente teste positivo para Covid 19. O time tamb\u00e9m vive uma fase decisiva na Copa Libertadores (enfrenta o Boca na pr\u00f3xima quarta-feira), e deve poupar alguns atletas tamb\u00e9m no duelo deste domingo, como Thiago Galhardo, D\u2019Alessandro e Rodrigo Dourado, que devem ficar de fora do importante duelo desta rodada do Brasileir\u00e3o.<\/p>\n<p>O Galo viveu um per\u00edodo conturbado nas \u00faltimas semanas, clube sofreu com a perca de diversos atletas nos \u00faltimos jogos devido um surto de Covid na Cidade do Galo; e com um time muito desfalcado, o alvinegro deixou escapar pontos importantes que acabaram ficando pelo caminho na competi\u00e7\u00e3o. Para o duelo deste domingo, o Galo finalmente voltar\u00e1 a contar com atletas que j\u00e1 se recuperaram do surto, al\u00e9m de toda comiss\u00e3o t\u00e9cnica que tamb\u00e9m esteve fora nos \u00faltimos duelos, e diante disso, o alvinegro ter\u00e1 quase for\u00e7a m\u00e1xima para buscar retomar a ponta do campeonato nesta reta final. Para n\u00e3o dar chance para o azar, Sampaoli foca em ganho t\u00e9cnico com Keno, Vargas e Alan Franco, atletas importantes que precisam movimentar a parte do meio campo ofensivo dentro do confronto, Igor Rabello e Rever devem formar a dupla de zaga titular, dupla esta que precisar\u00e1 estar atenta todo o jogo, para assim, evitar os perigosos e r\u00e1pidos contra ataques do advers\u00e1rio do Sul, os laterais Guilherme Arana e Guga tamb\u00e9m estar\u00e3o de volta e ser\u00e3o for\u00e7as importantes pelas pontas, Sampaoli treinou bastante finaliza\u00e7\u00f5es e espera um ataque que aproveite as oportunidades no duelo. O Goleiro Everson volta a meta alvinegra como titular, e tem uma chance importante de reconquistar seu espa\u00e7o na equipe. Ponto negativo fica pelos desfalques de Savarino e Junior Alonso, importantes pe\u00e7as do elenco, mas que devido terceiro amarelo est\u00e3o suspensos para importante duelo.<\/p>\n<figure id=\"attachment_4309\" aria-describedby=\"caption-attachment-4309\" style=\"width: 246px\" class=\"wp-caption aligncenter\"><img loading=\"lazy\" class=\" wp-image-4309\" src=\"https:\/\/espora13.com.br\/wp-content\/uploads\/2020\/12\/50682420068_d7033acfea_k-200x300.jpg\" alt=\"\" width=\"246\" height=\"369\" srcset=\"https:\/\/espora13.com.br\/wp-content\/uploads\/2020\/12\/50682420068_d7033acfea_k-200x300.jpg 200w, https:\/\/espora13.com.br\/wp-content\/uploads\/2020\/12\/50682420068_d7033acfea_k-683x1024.jpg 683w, https:\/\/espora13.com.br\/wp-content\/uploads\/2020\/12\/50682420068_d7033acfea_k-768x1152.jpg 768w, https:\/\/espora13.com.br\/wp-content\/uploads\/2020\/12\/50682420068_d7033acfea_k-1024x1536.jpg 1024w, https:\/\/espora13.com.br\/wp-content\/uploads\/2020\/12\/50682420068_d7033acfea_k.jpg 1365w\" sizes=\"(max-width: 246px) 100vw, 246px\" \/><figcaption id=\"caption-attachment-4309\" class=\"wp-caption-text\">Goleiro Everson, volta ao time. Fotos: Bruno Cantini \/ Ag\u00eancia Galo \/ Atl\u00e9tico<\/figcaption><\/figure>\n<p>Toda rodada \u00e9 decisiva em um campeonato de pontos corridos, contra tudo e contra todos, o Galo precisa aproveitar todas oportunidades que surgirem, ser agudo e o mais importante de tudo \u00e9 vencer. O Inter vem em queda livre mas ainda \u00e9 um time perigoso, esperamos que os ga\u00fachos n\u00e3o consigam iniciar um recupera\u00e7\u00e3o logo neste confronto, por isso, o Galo n\u00e3o pode vacilar, preciso dos tr\u00eas pontos para n\u00e3o deixar o S\u00e3o Paulo escapar na ponta, os paulistas ainda devem trope\u00e7ar no campeonato, tem duelos diretos e cl\u00e1ssicos pela frente, ent\u00e3o cabe ao Galo fazer a sua parte, para assim, retomar o mais breve poss\u00edvel seu objetivo e o seu lugar de direito no Brasileir\u00e3o: A ponta da tabela.<\/p>\n<p>Vamos pra cima deles Galo!!<\/p>\n<p>Contra o vento novamente!<\/p>\n<p>Vamos Galo!<\/p>\n<p>Aqui \u00e9 Galo, Sempre!<\/p>\n<p>Esporada Neles Galo!!<\/p>\n<p>&nbsp;<\/p>\n<p><strong>FICHA T\u00c9CNICA DA PARTIDA<\/strong><\/p>\n<p>ATLETICO X INTERNACIONAL<br \/>\n\u200bEst\u00e1dio: MINEIR\u00c3O<\/p>\n<p>Data e hora: 06 de dezembro de 2020, \u00e0s 18:15 (de Bras\u00edlia)<\/p>\n<p>Motivo: 24\u00aa rodada Brasileir\u00e3o<\/p>\n<p>&nbsp;<\/p>\n<p><strong><u>PROV\u00c1VEIS ESCALA\u00c7\u00d5ES: <\/u><\/strong><\/p>\n<p><strong><u>Atl\u00e9tico:<\/u><\/strong><\/p>\n<p>O prov\u00e1vel time escalado:<\/p>\n<p>Everson, Guga, R\u00e9ver, Igor Rabello, Guilherme Arana, Jair (Allan), Alan Franco, Mat\u00edas Zaracho, Eduardo Vargas, Keno e Eduardo Sasha (Marrony). T\u00e9cnico: Jorge Sampaoli<\/p>\n<p>&nbsp;<\/p>\n<p><strong><u>Internacional:<\/u><\/strong><\/p>\n<p>O prov\u00e1vel time escalado:<\/p>\n<p>Marcelo Lomba, Rodinei, Z\u00e9 Gabriel, V\u00edctor Cuesta, Uendel, Rodrigo Lindoso, Mauricio,\u00a0Nonato, Patrick, Marcos Guilherme e Yuri Alberto. Auxiliar: Leomir de Souza.<\/p>\n<p>&nbsp;<\/p>\n<p>Ap\u00f3s o jog\u00e3o fique ligado no Canal do Youtube\u00a0<a href=\"https:\/\/www.youtube.com\/tvespora13\">TV Espora 13<\/a>, com o P\u00f3s-jogo AO VIVO com\u00a0<a href=\"https:\/\/www.instagram.com\/leoaj13\/\">L\u00e9o AJ<\/a>\u00a0\u00e0s 21h00<\/p>\n<p>Inscreva-se no canal!<\/p>\n","protected":false},"excerpt":{"rendered":"<p>&nbsp; Domingo \u00e9 dia de Galo!! \u00c9 Contra tudo e todos! Mais uma batalha em busca de um sonho!! Ap\u00f3s<\/p>\n","protected":false},"author":25,"featured_media":4310,"comment_status":"open","ping_status":"open","sticky":false,"template":"","format":"standard","meta":[],"categories":[73],"tags":[],"_links":{"self":[{"href":"https:\/\/espora13.com.br\/index.php\/wp-json\/wp\/v2\/posts\/4308"}],"collection":[{"href":"https:\/\/espora13.com.br\/index.php\/wp-json\/wp\/v2\/posts"}],"about":[{"href":"https:\/\/espora13.com.br\/index.php\/wp-json\/wp\/v2\/types\/post"}],"author":[{"embeddable":true,"href":"https:\/\/espora13.com.br\/index.php\/wp-json\/wp\/v2\/users\/25"}],"replies":[{"embeddable":true,"href":"https:\/\/espora13.com.br\/index.php\/wp-json\/wp\/v2\/comments?post=4308"}],"version-history":[{"count":3,"href":"https:\/\/espora13.com.br\/index.php\/wp-json\/wp\/v2\/posts\/4308\/revisions"}],"predecessor-version":[{"id":4314,"href":"https:\/\/espora13.com.br\/index.php\/wp-json\/wp\/v2\/posts\/4308\/revisions\/4314"}],"wp:featuredmedia":[{"embeddable":true,"href":"https:\/\/espora13.com.br\/index.php\/wp-json\/wp\/v2\/media\/4310"}],"wp:attachment":[{"href":"https:\/\/espora13.com.br\/index.php\/wp-json\/wp\/v2\/media?parent=4308"}],"wp:term":[{"taxonomy":"category","embeddable":true,"href":"https:\/\/espora13.com.br\/index.php\/wp-json\/wp\/v2\/categories?post=4308"},{"taxonomy":"post_tag","embeddable":true,"href":"https:\/\/espora13.com.br\/index.php\/wp-json\/wp\/v2\/tags?post=4308"}],"curies":[{"name":"wp","href":"https:\/\/api.w.org\/{rel}","templated":true}]}}