{"id":4326,"date":"2020-12-17T18:52:33","date_gmt":"2020-12-17T21:52:33","guid":{"rendered":"http:\/\/espora13.com.br\/?p=4326"},"modified":"2020-12-17T18:52:33","modified_gmt":"2020-12-17T21:52:33","slug":"galo-da-vexame-e-e-goleado-pelo-sao-paulo-no-morumbi","status":"publish","type":"post","link":"https:\/\/espora13.com.br\/index.php\/2020\/12\/17\/galo-da-vexame-e-e-goleado-pelo-sao-paulo-no-morumbi\/","title":{"rendered":"Galo d\u00e1 vexame e \u00e9 goleado pelo S\u00e3o Paulo no Morumbi"},"content":{"rendered":"<p>O Atl\u00e9tico buscou inovar ao entrar em campo num esquema de 3 zagueiros, com Igor Rabello, Gabriel e Alonso, e o meio de campo articulado com Allan e o jovem Calebe. A mudan\u00e7a, no entanto, n\u00e3o surtiu efeito e o que se viu em campo foi um Atl\u00e9tico facilmente dominado. O ataque n\u00e3o criava, a defesa n\u00e3o justificava os 3 zagueiros e tinha dificuldade para marcar, e Everson teve que fazer m\u00faltiplas interven\u00e7\u00f5es, at\u00e9 que Igor Gomes, j\u00e1 na parte final do primeiro tempo, abriu o placar, em gola\u00e7o de fora da \u00e1rea. O detalhe \u00e9 que o meio de campo, \u00e1rea mais afetada pela mudan\u00e7a t\u00e1tica, foi incapaz de fechar os espa\u00e7os contra o meia tricolor.<\/p>\n<figure id=\"attachment_4328\" aria-describedby=\"caption-attachment-4328\" style=\"width: 486px\" class=\"wp-caption alignnone\"><img loading=\"lazy\" class=\" wp-image-4328\" src=\"https:\/\/espora13.com.br\/wp-content\/uploads\/2020\/12\/50728023938_78b7b52c38_o-300x200.jpg\" alt=\"\" width=\"486\" height=\"324\" srcset=\"https:\/\/espora13.com.br\/wp-content\/uploads\/2020\/12\/50728023938_78b7b52c38_o-300x200.jpg 300w, https:\/\/espora13.com.br\/wp-content\/uploads\/2020\/12\/50728023938_78b7b52c38_o-1024x683.jpg 1024w, https:\/\/espora13.com.br\/wp-content\/uploads\/2020\/12\/50728023938_78b7b52c38_o-768x512.jpg 768w, https:\/\/espora13.com.br\/wp-content\/uploads\/2020\/12\/50728023938_78b7b52c38_o-1536x1024.jpg 1536w, https:\/\/espora13.com.br\/wp-content\/uploads\/2020\/12\/50728023938_78b7b52c38_o-2048x1365.jpg 2048w, https:\/\/espora13.com.br\/wp-content\/uploads\/2020\/12\/50728023938_78b7b52c38_o-177x118.jpg 177w, https:\/\/espora13.com.br\/wp-content\/uploads\/2020\/12\/50728023938_78b7b52c38_o-272x182.jpg 272w\" sizes=\"(max-width: 486px) 100vw, 486px\" \/><figcaption id=\"caption-attachment-4328\" class=\"wp-caption-text\">Fotos: Pedro Souza \/ Atl\u00e9tico<\/figcaption><\/figure>\n<p>Jorge Sampaoli percebeu o fracasso de seu esquema e sacou um zagueiro (Igor Rabello) para colocar um meia (Franco). A &#8220;regress\u00e3o&#8221; ao esquema utilizado diante do Athletico-PR deu resultado na produtividade e coes\u00e3o do Atl\u00e9tico, que passou a levar mais perigo, mas sem aproveitar as chances. Para pulverizar de vez a esperan\u00e7a da Massa Atleticana, Allan foi expulso ap\u00f3s falta dura em Daniel Alves. O camisa 29 levou o segundo amarelo e foi para o chuveiro mais cedo. O detalhe curioso \u00e9 que Allan havia recebido o primeiro amarelo minutos antes ap\u00f3s discutir com Tch\u00ea Tch\u00ea. O S\u00e3o Paulo, mais acomodado, teve a chance de ampliar, e n\u00e3o desperdi\u00e7ou. Gabriel Sara marcou de cabe\u00e7a ap\u00f3s cruzamento preciso de VItor Bueno. J\u00e1 com a derrota encaminhada fora de casa, o Galo ainda sofreria o terceiro gol j\u00e1 nos acr\u00e9scimos, gol esse marcado por Jonas Tor\u00f3.<\/p>\n<p>Com a derrota, o Galo estaciona nos 46 pontos, com 2 jogos a mais que Flamengo e Palmeiras, que podem ultrapass\u00e1-lo, deixando o Alvinegro em 4\u00ba lugar. A distancia para o l\u00edder S\u00e3o Paulo \u00e9, agora, de 7 pontos. Mas acima da derrota, foi enorme a decep\u00e7\u00e3o. A partida do ano do Atl\u00e9tico foi tratada muito mal por atletas e comiss\u00e3o t\u00e9cnica. Um erro crasso de escala\u00e7\u00e3o por parte do treinador, alinhado com a falta de vontade e experi\u00eancia dos jogadores culminou num verdadeiro vexame. Resta agora levantar a cabe\u00e7a e tentar voltar ao bom momento. O aproveitamento do Atl\u00e9tico no segundo turno \u00e9 muito positivo (a derrota para o S\u00e3o Paulo foi a primeira no turno), ent\u00e3o n\u00e3o est\u00e1 tudo perdido.<\/p>\n","protected":false},"excerpt":{"rendered":"<p>O Atl\u00e9tico buscou inovar ao entrar em campo num esquema de 3 zagueiros, com Igor Rabello, Gabriel e Alonso, e<\/p>\n","protected":false},"author":14,"featured_media":4328,"comment_status":"open","ping_status":"open","sticky":false,"template":"","format":"standard","meta":[],"categories":[75],"tags":[],"_links":{"self":[{"href":"https:\/\/espora13.com.br\/index.php\/wp-json\/wp\/v2\/posts\/4326"}],"collection":[{"href":"https:\/\/espora13.com.br\/index.php\/wp-json\/wp\/v2\/posts"}],"about":[{"href":"https:\/\/espora13.com.br\/index.php\/wp-json\/wp\/v2\/types\/post"}],"author":[{"embeddable":true,"href":"https:\/\/espora13.com.br\/index.php\/wp-json\/wp\/v2\/users\/14"}],"replies":[{"embeddable":true,"href":"https:\/\/espora13.com.br\/index.php\/wp-json\/wp\/v2\/comments?post=4326"}],"version-history":[{"count":2,"href":"https:\/\/espora13.com.br\/index.php\/wp-json\/wp\/v2\/posts\/4326\/revisions"}],"predecessor-version":[{"id":4329,"href":"https:\/\/espora13.com.br\/index.php\/wp-json\/wp\/v2\/posts\/4326\/revisions\/4329"}],"wp:featuredmedia":[{"embeddable":true,"href":"https:\/\/espora13.com.br\/index.php\/wp-json\/wp\/v2\/media\/4328"}],"wp:attachment":[{"href":"https:\/\/espora13.com.br\/index.php\/wp-json\/wp\/v2\/media?parent=4326"}],"wp:term":[{"taxonomy":"category","embeddable":true,"href":"https:\/\/espora13.com.br\/index.php\/wp-json\/wp\/v2\/categories?post=4326"},{"taxonomy":"post_tag","embeddable":true,"href":"https:\/\/espora13.com.br\/index.php\/wp-json\/wp\/v2\/tags?post=4326"}],"curies":[{"name":"wp","href":"https:\/\/api.w.org\/{rel}","templated":true}]}}