{"id":4471,"date":"2021-01-21T16:54:39","date_gmt":"2021-01-21T19:54:39","guid":{"rendered":"http:\/\/espora13.com.br\/?p=4471"},"modified":"2021-01-21T16:54:39","modified_gmt":"2021-01-21T19:54:39","slug":"diego-tardelli-ja-tem-condicoes-fisicas-para-voltar-a-jogar-mas-por-opcao-de-sampaoli-o-atacante-nao-vem-sendo-relacionado","status":"publish","type":"post","link":"https:\/\/espora13.com.br\/index.php\/2021\/01\/21\/diego-tardelli-ja-tem-condicoes-fisicas-para-voltar-a-jogar-mas-por-opcao-de-sampaoli-o-atacante-nao-vem-sendo-relacionado\/","title":{"rendered":"Diego Tardelli j\u00e1 tem condi\u00e7\u00f5es f\u00edsicas para voltar a jogar. Mas por op\u00e7\u00e3o de Sampaoli o atacante n\u00e3o vem sendo relacionado"},"content":{"rendered":"<p>Liberado pelo Departamento M\u00e9dico do Atl\u00e9tico desde o dia 15 de Dezembro. O atacante Diego Tardelli vem fazendo treinamentos intensos no Atl\u00e9tico para pegar condi\u00e7\u00f5es f\u00edsicas e poder ajudar o time do t\u00e9cnico Jorge Sampaoli.<\/p>\n<p>Passados mais de um m\u00eas desde a volta do \u00eddolo atleticano aos gramados, boa parte da torcida do Atl\u00e9tico vem fazendo grande press\u00e3o no t\u00e9cnico Jorge Sampaoli que n\u00e3o relacionou o atacante nos jogos do Atl\u00e9tico. Diante do Gr\u00eamio no \u00faltimo jogo, Sampaoli chegou a colocar o jovem colombiano Dylan Borrero que estava h\u00e1 dois meses sem atuar com a camisa do Atl\u00e9tico. Totalmente sem ritmo de jogo, Dylan acabou atuando mal na Arena Gr\u00eamio e fez crescer ainda mais as cobran\u00e7as da torcida pedindo a volta do Tardelli nos jogos do Atl\u00e9tico.<\/p>\n<figure id=\"attachment_4473\" aria-describedby=\"caption-attachment-4473\" style=\"width: 236px\" class=\"wp-caption aligncenter\"><img loading=\"lazy\" class=\" wp-image-4473\" src=\"https:\/\/espora13.com.br\/wp-content\/uploads\/2021\/01\/Espora-13-Atl\u00e9tico-Galo-Atl\u00e9tico-MG-Jorge-Sampaoli-Diego-Tardelli-j\u00e1-tem-condi\u00e7\u00f5es-f\u00edsicas-para-voltar-a-jogar.-Mas-por-op\u00e7\u00e3o-de-Sampaoli-o-atacante-n\u00e3o-vem-sendo-relacionado-3.jpg\" alt=\"Espora 13 - Atl\u00e9tico - Galo - Atl\u00e9tico-MG - Jorge Sampaoli - Diego Tardelli j\u00e1 tem condi\u00e7\u00f5es f\u00edsicas para voltar a jogar. Mas por op\u00e7\u00e3o de Sampaoli o atacante n\u00e3o vem sendo relacionado \" width=\"236\" height=\"356\" srcset=\"https:\/\/espora13.com.br\/wp-content\/uploads\/2021\/01\/Espora-13-Atl\u00e9tico-Galo-Atl\u00e9tico-MG-Jorge-Sampaoli-Diego-Tardelli-j\u00e1-tem-condi\u00e7\u00f5es-f\u00edsicas-para-voltar-a-jogar.-Mas-por-op\u00e7\u00e3o-de-Sampaoli-o-atacante-n\u00e3o-vem-sendo-relacionado-3.jpg 894w, https:\/\/espora13.com.br\/wp-content\/uploads\/2021\/01\/Espora-13-Atl\u00e9tico-Galo-Atl\u00e9tico-MG-Jorge-Sampaoli-Diego-Tardelli-j\u00e1-tem-condi\u00e7\u00f5es-f\u00edsicas-para-voltar-a-jogar.-Mas-por-op\u00e7\u00e3o-de-Sampaoli-o-atacante-n\u00e3o-vem-sendo-relacionado-3-199x300.jpg 199w, https:\/\/espora13.com.br\/wp-content\/uploads\/2021\/01\/Espora-13-Atl\u00e9tico-Galo-Atl\u00e9tico-MG-Jorge-Sampaoli-Diego-Tardelli-j\u00e1-tem-condi\u00e7\u00f5es-f\u00edsicas-para-voltar-a-jogar.-Mas-por-op\u00e7\u00e3o-de-Sampaoli-o-atacante-n\u00e3o-vem-sendo-relacionado-3-678x1024.jpg 678w, https:\/\/espora13.com.br\/wp-content\/uploads\/2021\/01\/Espora-13-Atl\u00e9tico-Galo-Atl\u00e9tico-MG-Jorge-Sampaoli-Diego-Tardelli-j\u00e1-tem-condi\u00e7\u00f5es-f\u00edsicas-para-voltar-a-jogar.-Mas-por-op\u00e7\u00e3o-de-Sampaoli-o-atacante-n\u00e3o-vem-sendo-relacionado-3-768x1160.jpg 768w\" sizes=\"(max-width: 236px) 100vw, 236px\" \/><figcaption id=\"caption-attachment-4473\" class=\"wp-caption-text\">Foto: Divulga\u00e7\u00e3o\/Atl\u00e9tico<\/figcaption><\/figure>\n<p>A verdade \u00e9 que a n\u00e3o rela\u00e7\u00e3o do Diego Tardelli \u00e9 apenas por op\u00e7\u00e3o do t\u00e9cnico Jorge Sampaoli. Segundo fontes, Tardelli j\u00e1 tem condi\u00e7\u00f5es f\u00edsicas e vem atuando muito bem nos treinamentos do Atl\u00e9tico, sendo at\u00e9 destaque nos treinos. Mas Jorge Sampaoli continua insistindo em n\u00e3o dar oportunidade para o atacante de 35 anos. O Galo sofre com a car\u00eancia de ter um homem refer\u00eancia no ataque. Marrony, Sasha, Vargas, nenhum deles conseguiram se firmar no ataque atleticano fazendo poucos gols e perdendo muitas oportunidades que poderiam fazer toda diferen\u00e7a na disputa pela lideran\u00e7a do Brasileiro.<\/p>\n<figure id=\"attachment_4475\" aria-describedby=\"caption-attachment-4475\" style=\"width: 464px\" class=\"wp-caption aligncenter\"><img loading=\"lazy\" class=\" wp-image-4475\" src=\"https:\/\/espora13.com.br\/wp-content\/uploads\/2021\/01\/Espora-13-Atl\u00e9tico-Galo-Atl\u00e9tico-MG-Jorge-Sampaoli-Diego-Tardelli-j\u00e1-tem-condi\u00e7\u00f5es-f\u00edsicas-para-voltar-a-jogar.-Mas-por-op\u00e7\u00e3o-de-Sampaoli-o-atacante-n\u00e3o-vem-sendo-relacionado-2.jpg\" alt=\"Espora 13 - Atl\u00e9tico - Galo - Atl\u00e9tico-MG - Jorge Sampaoli - Diego Tardelli j\u00e1 tem condi\u00e7\u00f5es f\u00edsicas para voltar a jogar. Mas por op\u00e7\u00e3o de Sampaoli o atacante n\u00e3o vem sendo relacionado\" width=\"464\" height=\"322\" srcset=\"https:\/\/espora13.com.br\/wp-content\/uploads\/2021\/01\/Espora-13-Atl\u00e9tico-Galo-Atl\u00e9tico-MG-Jorge-Sampaoli-Diego-Tardelli-j\u00e1-tem-condi\u00e7\u00f5es-f\u00edsicas-para-voltar-a-jogar.-Mas-por-op\u00e7\u00e3o-de-Sampaoli-o-atacante-n\u00e3o-vem-sendo-relacionado-2.jpg 961w, https:\/\/espora13.com.br\/wp-content\/uploads\/2021\/01\/Espora-13-Atl\u00e9tico-Galo-Atl\u00e9tico-MG-Jorge-Sampaoli-Diego-Tardelli-j\u00e1-tem-condi\u00e7\u00f5es-f\u00edsicas-para-voltar-a-jogar.-Mas-por-op\u00e7\u00e3o-de-Sampaoli-o-atacante-n\u00e3o-vem-sendo-relacionado-2-300x208.jpg 300w, https:\/\/espora13.com.br\/wp-content\/uploads\/2021\/01\/Espora-13-Atl\u00e9tico-Galo-Atl\u00e9tico-MG-Jorge-Sampaoli-Diego-Tardelli-j\u00e1-tem-condi\u00e7\u00f5es-f\u00edsicas-para-voltar-a-jogar.-Mas-por-op\u00e7\u00e3o-de-Sampaoli-o-atacante-n\u00e3o-vem-sendo-relacionado-2-768x531.jpg 768w\" sizes=\"(max-width: 464px) 100vw, 464px\" \/><figcaption id=\"caption-attachment-4475\" class=\"wp-caption-text\">Foto: Divulga\u00e7\u00e3o\/Atl\u00e9tico<\/figcaption><\/figure>\n<p>Diego Tardelli \u00e9 hoje o \u00fanico do elenco do Atl\u00e9tico que tem essa caracter\u00edstica e mesmo com 35 anos e voltando de les\u00e3o, \u00e9 aquele jogador que pode decidir um jogo com sua experi\u00eancia e qualidade t\u00e9cnica, sendo o homem de refer\u00eancia no ataque alvinegro. L\u00f3gico que n\u00e3o existe uma ci\u00eancia exata no futebol que garanta que o Tardelli voltar\u00e1 muito bem, mas a \u00fanica forma de saber se possamos contar ou n\u00e3o com o atacante, s\u00f3 ir\u00e1 acontecer a partir do momento que o Jorge Sampaoli come\u00e7ar a dar mais oportunidades para o jogador.<\/p>\n<figure id=\"attachment_4474\" aria-describedby=\"caption-attachment-4474\" style=\"width: 366px\" class=\"wp-caption aligncenter\"><img loading=\"lazy\" class=\" wp-image-4474\" src=\"https:\/\/espora13.com.br\/wp-content\/uploads\/2021\/01\/Espora-13-Atl\u00e9tico-Galo-Atl\u00e9tico-MG-Jorge-Sampaoli-Diego-Tardelli-j\u00e1-tem-condi\u00e7\u00f5es-f\u00edsicas-para-voltar-a-jogar.-Mas-por-op\u00e7\u00e3o-de-Sampaoli-o-atacante-n\u00e3o-vem-sendo-relacionado-1.jpg\" alt=\"Espora 13 - Atl\u00e9tico - Galo - Atl\u00e9tico-MG - Jorge Sampaoli - Diego Tardelli j\u00e1 tem condi\u00e7\u00f5es f\u00edsicas para voltar a jogar. Mas por op\u00e7\u00e3o de Sampaoli o atacante n\u00e3o vem sendo relacionado\" width=\"366\" height=\"381\" srcset=\"https:\/\/espora13.com.br\/wp-content\/uploads\/2021\/01\/Espora-13-Atl\u00e9tico-Galo-Atl\u00e9tico-MG-Jorge-Sampaoli-Diego-Tardelli-j\u00e1-tem-condi\u00e7\u00f5es-f\u00edsicas-para-voltar-a-jogar.-Mas-por-op\u00e7\u00e3o-de-Sampaoli-o-atacante-n\u00e3o-vem-sendo-relacionado-1.jpg 1039w, https:\/\/espora13.com.br\/wp-content\/uploads\/2021\/01\/Espora-13-Atl\u00e9tico-Galo-Atl\u00e9tico-MG-Jorge-Sampaoli-Diego-Tardelli-j\u00e1-tem-condi\u00e7\u00f5es-f\u00edsicas-para-voltar-a-jogar.-Mas-por-op\u00e7\u00e3o-de-Sampaoli-o-atacante-n\u00e3o-vem-sendo-relacionado-1-289x300.jpg 289w, https:\/\/espora13.com.br\/wp-content\/uploads\/2021\/01\/Espora-13-Atl\u00e9tico-Galo-Atl\u00e9tico-MG-Jorge-Sampaoli-Diego-Tardelli-j\u00e1-tem-condi\u00e7\u00f5es-f\u00edsicas-para-voltar-a-jogar.-Mas-por-op\u00e7\u00e3o-de-Sampaoli-o-atacante-n\u00e3o-vem-sendo-relacionado-1-985x1024.jpg 985w, https:\/\/espora13.com.br\/wp-content\/uploads\/2021\/01\/Espora-13-Atl\u00e9tico-Galo-Atl\u00e9tico-MG-Jorge-Sampaoli-Diego-Tardelli-j\u00e1-tem-condi\u00e7\u00f5es-f\u00edsicas-para-voltar-a-jogar.-Mas-por-op\u00e7\u00e3o-de-Sampaoli-o-atacante-n\u00e3o-vem-sendo-relacionado-1-768x798.jpg 768w\" sizes=\"(max-width: 366px) 100vw, 366px\" \/><figcaption id=\"caption-attachment-4474\" class=\"wp-caption-text\">Foto: Divulga\u00e7\u00e3o\/Atl\u00e9tico<\/figcaption><\/figure>\n<p>Tardelli tem contrato com o Atl\u00e9tico at\u00e9 o final do Campeonato Brasileiro, e mostrar servi\u00e7o para o treinador argentino pode ser fundamental para uma poss\u00edvel renova\u00e7\u00e3o de contrato. Mas a verdade \u00e9 que para conquistar a confian\u00e7a do t\u00e9cnico Jorge Sampaoli, Diego Tardelli vai ter que mostrar um bom futebol e agarrar a oportunidade com unhas e dentes. A expectativa \u00e9 que em breve o jogador possa ser relacionado e jogar uma partida pelo Atl\u00e9tico. Desde que voltou ao Galo o atacante jogou apenas 24 minutos no jogo contra o Cruzeiro pelo Campeonato Mineiro e se lesionou no jogo treino contra o Am\u00e9rica no dia 15 de Julho do ano passado.<\/p>\n<figure id=\"attachment_4476\" aria-describedby=\"caption-attachment-4476\" style=\"width: 467px\" class=\"wp-caption aligncenter\"><img loading=\"lazy\" class=\" wp-image-4476\" src=\"https:\/\/espora13.com.br\/wp-content\/uploads\/2021\/01\/Espora-13-Atl\u00e9tico-Galo-Atl\u00e9tico-MG-Jorge-Sampaoli-Diego-Tardelli-j\u00e1-tem-condi\u00e7\u00f5es-f\u00edsicas-para-voltar-a-jogar.-Mas-por-op\u00e7\u00e3o-de-Sampaoli-o-atacante-n\u00e3o-vem-sendo-relacionado-5-1.jpg\" alt=\"Espora 13 - Atl\u00e9tico - Galo - Atl\u00e9tico-MG - Jorge Sampaoli - Diego Tardelli j\u00e1 tem condi\u00e7\u00f5es f\u00edsicas para voltar a jogar. Mas por op\u00e7\u00e3o de Sampaoli o atacante n\u00e3o vem sendo relacionado\" width=\"467\" height=\"323\" srcset=\"https:\/\/espora13.com.br\/wp-content\/uploads\/2021\/01\/Espora-13-Atl\u00e9tico-Galo-Atl\u00e9tico-MG-Jorge-Sampaoli-Diego-Tardelli-j\u00e1-tem-condi\u00e7\u00f5es-f\u00edsicas-para-voltar-a-jogar.-Mas-por-op\u00e7\u00e3o-de-Sampaoli-o-atacante-n\u00e3o-vem-sendo-relacionado-5-1.jpg 961w, https:\/\/espora13.com.br\/wp-content\/uploads\/2021\/01\/Espora-13-Atl\u00e9tico-Galo-Atl\u00e9tico-MG-Jorge-Sampaoli-Diego-Tardelli-j\u00e1-tem-condi\u00e7\u00f5es-f\u00edsicas-para-voltar-a-jogar.-Mas-por-op\u00e7\u00e3o-de-Sampaoli-o-atacante-n\u00e3o-vem-sendo-relacionado-5-1-300x208.jpg 300w, https:\/\/espora13.com.br\/wp-content\/uploads\/2021\/01\/Espora-13-Atl\u00e9tico-Galo-Atl\u00e9tico-MG-Jorge-Sampaoli-Diego-Tardelli-j\u00e1-tem-condi\u00e7\u00f5es-f\u00edsicas-para-voltar-a-jogar.-Mas-por-op\u00e7\u00e3o-de-Sampaoli-o-atacante-n\u00e3o-vem-sendo-relacionado-5-1-768x531.jpg 768w\" sizes=\"(max-width: 467px) 100vw, 467px\" \/><figcaption id=\"caption-attachment-4476\" class=\"wp-caption-text\">Foto: Divulga\u00e7\u00e3o\/Atl\u00e9tico<\/figcaption><\/figure>\n<p>A press\u00e3o da torcida est\u00e1 grande e vamos acompanhar de perto se o t\u00e9cnico Jorge Sampaoli d\u00ea essa oportunidade para Diego Tardelli voltar a jogar pelo Atl\u00e9tico.<\/p>\n<p>Nesta sexta-feira estaremos ao vivo no canal do youtube <a href=\"https:\/\/www.youtube.com\/tvespora13\" target=\"_blank\" rel=\"noopener noreferrer\">TV Espora 13<\/a> com mais um programa ESPORA GALO, onde abordaremos esse e mais temas sobre o Gal\u00e3o da Massa. Contamos com sua audi\u00eancia. N\u00e3o perca!<\/p>\n<p>Para mais informa\u00e7\u00f5es do Atl\u00e9tico, siga o Espora 13 nas redes sociais:<\/p>\n<div data-offset-key=\"4bstq-0-0\"><a href=\"https:\/\/twitter.com\/Espora13\" target=\"_blank\" rel=\"noopener noreferrer\">Clica e Siga no Twitter<\/a><\/div>\n<div class=\"\" data-block=\"true\" data-editor=\"8nssr\" data-offset-key=\"4bstq-0-0\">\n<div data-offset-key=\"4bstq-0-0\"><a href=\"https:\/\/www.facebook.com\/espora13oficial\" target=\"_blank\" rel=\"noopener noreferrer\">Clica e Siga no\u00a0Facebook<\/a><\/div>\n<div data-offset-key=\"4bstq-0-0\"><a href=\"https:\/\/www.instagram.com\/espora13\/\" target=\"_blank\" rel=\"noopener noreferrer\">Clica e Siga no Instagram<\/a><\/div>\n<div data-offset-key=\"4bstq-0-0\"><a href=\"https:\/\/www.twitch.tv\/espora13\" target=\"_blank\" rel=\"noopener noreferrer\">Clica e Siga na Twitch<\/a><\/div>\n<div data-offset-key=\"4bstq-0-0\"><a href=\"https:\/\/open.spotify.com\/user\/5ljo01qd7to5rzprw8tpdkwg6?si=IJ9LRCfKTQGzLaiI_pSo4w\" target=\"_blank\" rel=\"noopener noreferrer\">Clica e Siga no Spotify<\/a><\/div>\n<div data-offset-key=\"4bstq-0-0\"><a href=\"https:\/\/vm.tiktok.com\/ZMJWsH9ua\/\" target=\"_blank\" rel=\"noopener noreferrer\">Clica e Siga no Tik Tok<\/a><\/div>\n<div data-offset-key=\"4bstq-0-0\"><a href=\"https:\/\/www.youtube.com\/tvespora13\" target=\"_blank\" rel=\"noopener noreferrer\">Inscreva-se no canal do youtube TV Espora 13<\/a><\/div>\n<div data-offset-key=\"4bstq-0-0\"><\/div>\n<\/div>\n<div class=\"\" data-block=\"true\" data-editor=\"8nssr\" data-offset-key=\"5qnvf-0-0\">\n<div class=\"_1mf _1mj\" data-offset-key=\"5qnvf-0-0\"><span data-offset-key=\"5qnvf-0-0\">Esporada neles Galooooooooooooo!!!<\/span><\/div>\n<\/div>\n","protected":false},"excerpt":{"rendered":"<p>Liberado pelo Departamento M\u00e9dico do Atl\u00e9tico desde o dia 15 de Dezembro. O atacante Diego Tardelli vem fazendo treinamentos intensos<\/p>\n","protected":false},"author":8,"featured_media":4472,"comment_status":"open","ping_status":"open","sticky":false,"template":"","format":"standard","meta":[],"categories":[83],"tags":[],"_links":{"self":[{"href":"https:\/\/espora13.com.br\/index.php\/wp-json\/wp\/v2\/posts\/4471"}],"collection":[{"href":"https:\/\/espora13.com.br\/index.php\/wp-json\/wp\/v2\/posts"}],"about":[{"href":"https:\/\/espora13.com.br\/index.php\/wp-json\/wp\/v2\/types\/post"}],"author":[{"embeddable":true,"href":"https:\/\/espora13.com.br\/index.php\/wp-json\/wp\/v2\/users\/8"}],"replies":[{"embeddable":true,"href":"https:\/\/espora13.com.br\/index.php\/wp-json\/wp\/v2\/comments?post=4471"}],"version-history":[{"count":1,"href":"https:\/\/espora13.com.br\/index.php\/wp-json\/wp\/v2\/posts\/4471\/revisions"}],"predecessor-version":[{"id":4477,"href":"https:\/\/espora13.com.br\/index.php\/wp-json\/wp\/v2\/posts\/4471\/revisions\/4477"}],"wp:featuredmedia":[{"embeddable":true,"href":"https:\/\/espora13.com.br\/index.php\/wp-json\/wp\/v2\/media\/4472"}],"wp:attachment":[{"href":"https:\/\/espora13.com.br\/index.php\/wp-json\/wp\/v2\/media?parent=4471"}],"wp:term":[{"taxonomy":"category","embeddable":true,"href":"https:\/\/espora13.com.br\/index.php\/wp-json\/wp\/v2\/categories?post=4471"},{"taxonomy":"post_tag","embeddable":true,"href":"https:\/\/espora13.com.br\/index.php\/wp-json\/wp\/v2\/tags?post=4471"}],"curies":[{"name":"wp","href":"https:\/\/api.w.org\/{rel}","templated":true}]}}