{"id":4515,"date":"2021-01-27T18:37:04","date_gmt":"2021-01-27T21:37:04","guid":{"rendered":"http:\/\/espora13.com.br\/?p=4515"},"modified":"2021-01-27T18:38:37","modified_gmt":"2021-01-27T21:38:37","slug":"incomodado-com-protestos-sampaoli-ameaca-deixar-o-atletico-jogadores-tambem-estao-incomodados-com-as-cobrancas-da-torcida","status":"publish","type":"post","link":"https:\/\/espora13.com.br\/index.php\/2021\/01\/27\/incomodado-com-protestos-sampaoli-ameaca-deixar-o-atletico-jogadores-tambem-estao-incomodados-com-as-cobrancas-da-torcida\/","title":{"rendered":"Incomodado com protestos, Sampaoli amea\u00e7a deixar o Atl\u00e9tico. Jogadores tamb\u00e9m est\u00e3o incomodados com as cobran\u00e7as da torcida"},"content":{"rendered":"<p>O t\u00e9cnico do Atl\u00e9tico Jorge Sampaoli se mostrou descontente com os protestos da torcida. Informa\u00e7\u00e3o venho do jornalista Thiago Madureira do Super Esportes, o treinador argentino e os jogadores n\u00e3o receberam bem as cobran\u00e7as e os protestos feito pela torcida do Galo nessa semana. Antes do jogo contra o Santos, organizada fez protesto em frente a Cidade do Galo cobrando de Jorge Sampaoli com gritos: &#8220;\u00d4 Sampaoli, seu vacil\u00e3o, ganhar do Santos j\u00e1 virou obriga\u00e7\u00e3o&#8221;.<\/p>\n<p>Al\u00e9m do protesto cobrando o Sampaoli os torcedores ainda cobraram a titularidade do goleiro Rafael entoando gritos: &#8220;El, el, el vai que \u00e9 sua Rafael&#8221;.<\/p>\n<p>Muitos torcedores ainda disseram ser um absurdo o Sampaoli manter o goleiro Everson como titular afirmando que o arqueiro n\u00e3o tem condi\u00e7\u00f5es de ser titular do Atl\u00e9tico.<\/p>\n<p>Sampaoli tem atualmente o maior sal\u00e1rio do futebol brasileiro girando em torno de R$ 2,2 milh\u00f5es por m\u00eas de acordo com a cota\u00e7\u00e3o atual do D\u00f3lar. Sal\u00e1rio do argentino \u00e9 bancado pelo Rafael e Rubens Menin, investidores do Atl\u00e9tico que fazem parte do grupo colegiado. Sampaoli tem contrato com o Atl\u00e9tico at\u00e9 final de 2021. O presidente S\u00e9rgio Coelho j\u00e1 mostrou interesse de renovar o contrato do Jorge Sampaoli por mais uma temporada, at\u00e9 final de 2022. O fato de n\u00e3o aceitar bem as cobran\u00e7as da torcida com o time na 3\u00b0 coloca\u00e7\u00e3o com 57 pontos no Brasileir\u00e3o e tamb\u00e9m a quest\u00e3o de ter sido pai recentemente podem pesar numa decis\u00e3o de Jorge Sampaoli deixar o Atl\u00e9tico. A multa rescis\u00f3ria do argentino gira em torno de 2,5 a 3 milh\u00f5es de euros (R$ 16,3 milh\u00f5es e R$ 19,5 milh\u00f5es), segundo informa\u00e7\u00e3o no ano passado do ex-vice-presidente do Atl\u00e9tico L\u00e1saro C\u00e2ndido Cunha.<\/p>\n<p>At\u00e9 o momento nem o presidente e nem a assessoria do Atl\u00e9tico n\u00e3o quiseram se manifestar sobre o assunto.<\/p>\n<p>Nesta sexta-feira estaremos ao vivo no canal do youtube\u00a0<a href=\"https:\/\/www.youtube.com\/tvespora13\" target=\"_blank\" rel=\"noopener noreferrer\">TV Espora 13<\/a>\u00a0com mais um programa ESPORA GALO, onde abordaremos esse e mais temas sobre o Gal\u00e3o da Massa. Contamos com sua audi\u00eancia. N\u00e3o perca!<\/p>\n<p>Para mais informa\u00e7\u00f5es do Atl\u00e9tico, siga o Espora 13 nas redes sociais:<\/p>\n<div data-offset-key=\"4bstq-0-0\"><a href=\"https:\/\/twitter.com\/Espora13\" target=\"_blank\" rel=\"noopener noreferrer\">Clica e Siga no Twitter<\/a><\/div>\n<div class=\"\" data-block=\"true\" data-editor=\"8nssr\" data-offset-key=\"4bstq-0-0\">\n<div data-offset-key=\"4bstq-0-0\"><a href=\"https:\/\/www.facebook.com\/espora13oficial\" target=\"_blank\" rel=\"noopener noreferrer\">Clica e Siga no\u00a0Facebook<\/a><\/div>\n<div data-offset-key=\"4bstq-0-0\"><a href=\"https:\/\/www.instagram.com\/espora13\/\" target=\"_blank\" rel=\"noopener noreferrer\">Clica e Siga no Instagram<\/a><\/div>\n<div data-offset-key=\"4bstq-0-0\"><a href=\"https:\/\/www.twitch.tv\/espora13\" target=\"_blank\" rel=\"noopener noreferrer\">Clica e Siga na Twitch<\/a><\/div>\n<div data-offset-key=\"4bstq-0-0\"><a href=\"https:\/\/open.spotify.com\/user\/5ljo01qd7to5rzprw8tpdkwg6?si=IJ9LRCfKTQGzLaiI_pSo4w\" target=\"_blank\" rel=\"noopener noreferrer\">Clica e Siga no Spotify<\/a><\/div>\n<div data-offset-key=\"4bstq-0-0\"><a href=\"https:\/\/vm.tiktok.com\/ZMJWsH9ua\/\" target=\"_blank\" rel=\"noopener noreferrer\">Clica e Siga no Tik Tok<\/a><\/div>\n<div data-offset-key=\"4bstq-0-0\"><a href=\"https:\/\/www.youtube.com\/tvespora13\" target=\"_blank\" rel=\"noopener noreferrer\">Inscreva-se no canal do youtube TV Espora 13<\/a><\/div>\n<div data-offset-key=\"4bstq-0-0\"><\/div>\n<\/div>\n<div class=\"\" data-block=\"true\" data-editor=\"8nssr\" data-offset-key=\"5qnvf-0-0\">\n<div class=\"_1mf _1mj\" data-offset-key=\"5qnvf-0-0\"><span data-offset-key=\"5qnvf-0-0\">Esporada neles Galooooooooooooo!!!<\/span><\/div>\n<\/div>\n","protected":false},"excerpt":{"rendered":"<p>O t\u00e9cnico do Atl\u00e9tico Jorge Sampaoli se mostrou descontente com os protestos da torcida. Informa\u00e7\u00e3o venho do jornalista Thiago Madureira<\/p>\n","protected":false},"author":8,"featured_media":4516,"comment_status":"open","ping_status":"open","sticky":false,"template":"","format":"standard","meta":[],"categories":[83],"tags":[],"_links":{"self":[{"href":"https:\/\/espora13.com.br\/index.php\/wp-json\/wp\/v2\/posts\/4515"}],"collection":[{"href":"https:\/\/espora13.com.br\/index.php\/wp-json\/wp\/v2\/posts"}],"about":[{"href":"https:\/\/espora13.com.br\/index.php\/wp-json\/wp\/v2\/types\/post"}],"author":[{"embeddable":true,"href":"https:\/\/espora13.com.br\/index.php\/wp-json\/wp\/v2\/users\/8"}],"replies":[{"embeddable":true,"href":"https:\/\/espora13.com.br\/index.php\/wp-json\/wp\/v2\/comments?post=4515"}],"version-history":[{"count":3,"href":"https:\/\/espora13.com.br\/index.php\/wp-json\/wp\/v2\/posts\/4515\/revisions"}],"predecessor-version":[{"id":4519,"href":"https:\/\/espora13.com.br\/index.php\/wp-json\/wp\/v2\/posts\/4515\/revisions\/4519"}],"wp:featuredmedia":[{"embeddable":true,"href":"https:\/\/espora13.com.br\/index.php\/wp-json\/wp\/v2\/media\/4516"}],"wp:attachment":[{"href":"https:\/\/espora13.com.br\/index.php\/wp-json\/wp\/v2\/media?parent=4515"}],"wp:term":[{"taxonomy":"category","embeddable":true,"href":"https:\/\/espora13.com.br\/index.php\/wp-json\/wp\/v2\/categories?post=4515"},{"taxonomy":"post_tag","embeddable":true,"href":"https:\/\/espora13.com.br\/index.php\/wp-json\/wp\/v2\/tags?post=4515"}],"curies":[{"name":"wp","href":"https:\/\/api.w.org\/{rel}","templated":true}]}}