{"id":4521,"date":"2021-01-29T19:13:50","date_gmt":"2021-01-29T22:13:50","guid":{"rendered":"http:\/\/espora13.com.br\/?p=4521"},"modified":"2021-01-29T19:44:23","modified_gmt":"2021-01-29T22:44:23","slug":"hulk-e-do-galo-atletico-anuncia-atacante-como-novo-reforco","status":"publish","type":"post","link":"https:\/\/espora13.com.br\/index.php\/2021\/01\/29\/hulk-e-do-galo-atletico-anuncia-atacante-como-novo-reforco\/","title":{"rendered":"Hulk \u00e9 do Galo! Atl\u00e9tico anuncia atacante como novo refor\u00e7o"},"content":{"rendered":"<p>O Atl\u00e9tico acertou a contrata\u00e7\u00e3o do atacante Hulk de 34 anos nesta sexta-feira. Anuncio aconteceu nas redes sociais do Galo. Atacante\u00a0 estava sem clube desde que o contrato de 4 anos e meio com o Shanghai SIPG se encerrou no come\u00e7o de Janeiro. Hulk assinou contrato at\u00e9 o final de 2022. Atacante era alvo de outros clubes, como Palmeiras, Porto e Besiktas, da Turquia.<\/p>\n<figure id=\"attachment_4525\" aria-describedby=\"caption-attachment-4525\" style=\"width: 358px\" class=\"wp-caption aligncenter\"><img loading=\"lazy\" class=\" wp-image-4525\" src=\"https:\/\/espora13.com.br\/wp-content\/uploads\/2021\/01\/21.jpg\" alt=\"Espora 13 - Atl\u00e9tico - Galo - Atl\u00e9tico-MG - Hulk - Hulk \u00e9 do Galo! Atl\u00e9tico anuncia atacante como novo refor\u00e7o\" width=\"358\" height=\"590\" srcset=\"https:\/\/espora13.com.br\/wp-content\/uploads\/2021\/01\/21.jpg 398w, https:\/\/espora13.com.br\/wp-content\/uploads\/2021\/01\/21-182x300.jpg 182w\" sizes=\"(max-width: 358px) 100vw, 358px\" \/><figcaption id=\"caption-attachment-4525\" class=\"wp-caption-text\">Foto: Divulga\u00e7\u00e3o\/Atl\u00e9tico<\/figcaption><\/figure>\n<p>O Sal\u00e1rio do Hulk no Atl\u00e9tico ainda n\u00e3o foi divulgado, mas a proposta feita pelo clube girava em torno de 700 mil por m\u00eas. Para pagar o sal\u00e1rio do Hulk, o Atl\u00e9tico ter\u00e1 o aporte do grupo colegiado formado por empres\u00e1rios\/conselheiros: Ricardo Guimar\u00e3es, Rubens Menin, Rafael Menin e Renato Salvador.<\/p>\n<p>&nbsp;<\/p>\n<figure id=\"attachment_4523\" aria-describedby=\"caption-attachment-4523\" style=\"width: 435px\" class=\"wp-caption aligncenter\"><img loading=\"lazy\" class=\" wp-image-4523\" src=\"https:\/\/espora13.com.br\/wp-content\/uploads\/2021\/01\/Espora-13-Atl\u00e9tico-Galo-Atl\u00e9tico-MG-Hulk-Hulk-\u00e9-do-Galo-Atl\u00e9tico-anuncia-atacante-como-novo-refor\u00e7o-1.jpg\" alt=\"Espora 13 - Atl\u00e9tico - Galo - Atl\u00e9tico-MG - Hulk - Hulk \u00e9 do Galo! Atl\u00e9tico anuncia atacante como novo refor\u00e7o\" width=\"435\" height=\"433\" srcset=\"https:\/\/espora13.com.br\/wp-content\/uploads\/2021\/01\/Espora-13-Atl\u00e9tico-Galo-Atl\u00e9tico-MG-Hulk-Hulk-\u00e9-do-Galo-Atl\u00e9tico-anuncia-atacante-como-novo-refor\u00e7o-1-300x300.jpg 300w, https:\/\/espora13.com.br\/wp-content\/uploads\/2021\/01\/Espora-13-Atl\u00e9tico-Galo-Atl\u00e9tico-MG-Hulk-Hulk-\u00e9-do-Galo-Atl\u00e9tico-anuncia-atacante-como-novo-refor\u00e7o-1-150x150.jpg 150w, https:\/\/espora13.com.br\/wp-content\/uploads\/2021\/01\/Espora-13-Atl\u00e9tico-Galo-Atl\u00e9tico-MG-Hulk-Hulk-\u00e9-do-Galo-Atl\u00e9tico-anuncia-atacante-como-novo-refor\u00e7o-1-768x767.jpg 768w\" sizes=\"(max-width: 435px) 100vw, 435px\" \/><figcaption id=\"caption-attachment-4523\" class=\"wp-caption-text\">Arte\/Divulga\u00e7\u00e3o: Chrisigner \/ Espora 13<\/figcaption><\/figure>\n<div class=\"mc-column content-text active-extra-styles \" data-block-type=\"unstyled\" data-block-weight=\"62\" data-block-id=\"9\">\n<p class=\"content-text__container \" data-track-category=\"Link no Texto\" data-track-links=\"\">Hulk come\u00e7ou no Sub-17 do S\u00e3o Paulo, depois passou pelo profissional do Vit\u00f3ria e seguiu para o futebol japon\u00eas, depois de sair do clube baiano.<\/p>\n<p class=\"content-text__container \" data-track-category=\"Link no Texto\" data-track-links=\"\">O Porto adquiriu o atacante em 2008, ficando quatro temporadas no futebol portugu\u00eas, at\u00e9 ser negociado com o Zenit, da R\u00fassia. Ap\u00f3s boa passagem no futebol russo, Hulk transferiu para o Shanghai SIPG da China e passou a ganhar um sal\u00e1rio milion\u00e1rio.<\/p>\n<p class=\"content-text__container \" data-track-category=\"Link no Texto\" data-track-links=\"\">Hulk tem bons n\u00fameros em sua carreira, j\u00e1 s\u00e3o 575 jogos e 306 gols em n\u00fameros oficiais<\/p>\n<\/div>\n<div class=\"mc-column content-text active-extra-styles \" data-block-type=\"unstyled\" data-block-weight=\"53\" data-block-id=\"10\">\n<p class=\"content-text__container \" data-track-category=\"Link no Texto\" data-track-links=\"\">No Atl\u00e9tico, Hulk ter\u00e1 concorr\u00eancia com outros atacantes, como Eduardo Vargas, Eduardo Sasha, Marrony. Diego Tardelli ainda \u00e9 uma interroga\u00e7\u00e3o se ir\u00e1 continuar no Atl\u00e9tico, j\u00e1 que o contrato do jogador se encerra no final do Campeonato Brasileiro e at\u00e9 o momento nenhuma sinaliza\u00e7\u00e3o de renova\u00e7\u00e3o de contrato. Com Hulk o Galo ter\u00e1 mais uma op\u00e7\u00e3o para o setor ofensivo podendo atuar como centroavante e pelo lado esquerdo onde hoje atua o titular Keno, mas aonde o jogador canhoto de 1,80m mais se destaca, \u00e9 jogando pelo lado direito. Atualmente o venezuelano Savarino atua no setor. Atl\u00e9tico ter\u00e1 um calend\u00e1rio grande com a possibilidade de disputar a Libertadores e j\u00e1 garantido no Campeonato Mineiro, Copa do Brasil, Campeonato Brasileiro.<\/p>\n<p data-track-category=\"Link no Texto\" data-track-links=\"\">A camisa do Hulk pode ser destaque nas vendas, j\u00e1 que o jogador tem um nome muito forte no marketing e o Atl\u00e9tico pode explorar bastante isso.<\/p>\n<p data-track-category=\"Link no Texto\" data-track-links=\"\">Mas e voc\u00ea torcedor? qual \u00e9 a sua expectativa com o Hulk jogando pelo Gal\u00e3o da Massa?<\/p>\n<p>Hoje \u00e0s 21h estamos ao vivo no canal do youtube <a href=\"https:\/\/www.youtube.com\/tvespora13\" target=\"_blank\" rel=\"noopener noreferrer\">TV Espora 13<\/a> com o programa ESPORA GALO, onde abordaremos esse e mais temas sobre o Gal\u00e3o da Massa. Contamos com sua audi\u00eancia. N\u00e3o perca!<\/p>\n<p>Para mais informa\u00e7\u00f5es do Atl\u00e9tico, siga o Espora 13 nas redes sociais:<\/p>\n<div data-offset-key=\"4bstq-0-0\"><a href=\"https:\/\/twitter.com\/Espora13\" target=\"_blank\" rel=\"noopener noreferrer\">Clica e Siga no Twitter<\/a><\/div>\n<div class=\"\" data-block=\"true\" data-editor=\"8nssr\" data-offset-key=\"4bstq-0-0\">\n<div data-offset-key=\"4bstq-0-0\"><a href=\"https:\/\/www.facebook.com\/espora13oficial\" target=\"_blank\" rel=\"noopener noreferrer\">Clica e Siga no\u00a0Facebook<\/a><\/div>\n<div data-offset-key=\"4bstq-0-0\"><a href=\"https:\/\/www.instagram.com\/espora13\/\" target=\"_blank\" rel=\"noopener noreferrer\">Clica e Siga no Instagram<\/a><\/div>\n<div data-offset-key=\"4bstq-0-0\"><a href=\"https:\/\/www.twitch.tv\/espora13\" target=\"_blank\" rel=\"noopener noreferrer\">Clica e Siga na Twitch<\/a><\/div>\n<div data-offset-key=\"4bstq-0-0\"><a href=\"https:\/\/open.spotify.com\/user\/5ljo01qd7to5rzprw8tpdkwg6?si=IJ9LRCfKTQGzLaiI_pSo4w\" target=\"_blank\" rel=\"noopener noreferrer\">Clica e Siga no Spotify<\/a><\/div>\n<div data-offset-key=\"4bstq-0-0\"><a href=\"https:\/\/vm.tiktok.com\/ZMJWsH9ua\/\" target=\"_blank\" rel=\"noopener noreferrer\">Clica e Siga no Tik Tok<\/a><\/div>\n<div data-offset-key=\"4bstq-0-0\"><a href=\"https:\/\/www.youtube.com\/tvespora13\" target=\"_blank\" rel=\"noopener noreferrer\">Inscreva-se no canal do youtube TV Espora 13<\/a><\/div>\n<div data-offset-key=\"4bstq-0-0\"><\/div>\n<\/div>\n<div class=\"\" data-block=\"true\" data-editor=\"8nssr\" data-offset-key=\"5qnvf-0-0\">\n<div class=\"_1mf _1mj\" data-offset-key=\"5qnvf-0-0\"><span data-offset-key=\"5qnvf-0-0\">Esporada neles Galooooooooooooo!!!<\/span><\/div>\n<\/div>\n<\/div>\n","protected":false},"excerpt":{"rendered":"<p>O Atl\u00e9tico acertou a contrata\u00e7\u00e3o do atacante Hulk de 34 anos nesta sexta-feira. Anuncio aconteceu nas redes sociais do Galo.<\/p>\n","protected":false},"author":8,"featured_media":4523,"comment_status":"open","ping_status":"open","sticky":false,"template":"","format":"standard","meta":[],"categories":[83],"tags":[],"_links":{"self":[{"href":"https:\/\/espora13.com.br\/index.php\/wp-json\/wp\/v2\/posts\/4521"}],"collection":[{"href":"https:\/\/espora13.com.br\/index.php\/wp-json\/wp\/v2\/posts"}],"about":[{"href":"https:\/\/espora13.com.br\/index.php\/wp-json\/wp\/v2\/types\/post"}],"author":[{"embeddable":true,"href":"https:\/\/espora13.com.br\/index.php\/wp-json\/wp\/v2\/users\/8"}],"replies":[{"embeddable":true,"href":"https:\/\/espora13.com.br\/index.php\/wp-json\/wp\/v2\/comments?post=4521"}],"version-history":[{"count":5,"href":"https:\/\/espora13.com.br\/index.php\/wp-json\/wp\/v2\/posts\/4521\/revisions"}],"predecessor-version":[{"id":4529,"href":"https:\/\/espora13.com.br\/index.php\/wp-json\/wp\/v2\/posts\/4521\/revisions\/4529"}],"wp:featuredmedia":[{"embeddable":true,"href":"https:\/\/espora13.com.br\/index.php\/wp-json\/wp\/v2\/media\/4523"}],"wp:attachment":[{"href":"https:\/\/espora13.com.br\/index.php\/wp-json\/wp\/v2\/media?parent=4521"}],"wp:term":[{"taxonomy":"category","embeddable":true,"href":"https:\/\/espora13.com.br\/index.php\/wp-json\/wp\/v2\/categories?post=4521"},{"taxonomy":"post_tag","embeddable":true,"href":"https:\/\/espora13.com.br\/index.php\/wp-json\/wp\/v2\/tags?post=4521"}],"curies":[{"name":"wp","href":"https:\/\/api.w.org\/{rel}","templated":true}]}}