{"id":4551,"date":"2021-02-02T13:13:51","date_gmt":"2021-02-02T16:13:51","guid":{"rendered":"http:\/\/espora13.com.br\/?p=4551"},"modified":"2021-02-02T13:28:40","modified_gmt":"2021-02-02T16:28:40","slug":"especulado-no-atletico-o-meia-nacho-fernandez-tira-a-foto-de-perfil-com-a-camisa-do-river-na-rede-social-e-gera-alvoroco-em-torcedores","status":"publish","type":"post","link":"https:\/\/espora13.com.br\/index.php\/2021\/02\/02\/especulado-no-atletico-o-meia-nacho-fernandez-tira-a-foto-de-perfil-com-a-camisa-do-river-na-rede-social-e-gera-alvoroco-em-torcedores\/","title":{"rendered":"Especulado no Atl\u00e9tico o meia Nacho Fern\u00e1ndez tira a foto de perfil com a camisa do River na rede social e gera alvoro\u00e7o em torcedores"},"content":{"rendered":"<p>O meia Nacho Fern\u00e1ndez trocou a foto no instagram, a foto anterior o jogador estava com a camisa do River e trocou por uma foto sem a camisa do Millonario. Isso vem repercutindo bastante entre os torcedores argentinos e brasileiros nas redes sociais sobre uma prov\u00e1vel sa\u00edda do argentino do River Plate. Nacho Fern\u00e1ndez vem sendo especulado pela imprensa argentina sobre uma poss\u00edvel transfer\u00eancia para o Atl\u00e9tico.<\/p>\n<figure id=\"attachment_4552\" aria-describedby=\"caption-attachment-4552\" style=\"width: 749px\" class=\"wp-caption aligncenter\"><a href=\"https:\/\/www.instagram.com\/ignaciomartinfernandez\/\" target=\"_blank\" rel=\"noopener noreferrer\"><img loading=\"lazy\" class=\" wp-image-4552\" src=\"https:\/\/espora13.com.br\/wp-content\/uploads\/2021\/02\/75.jpg\" alt=\"Especulado no Atl\u00e9tico o meia Nacho Fern\u00e1ndez tira a foto de perfil com a camisa do River na rede social\" width=\"749\" height=\"336\" srcset=\"https:\/\/espora13.com.br\/wp-content\/uploads\/2021\/02\/75.jpg 983w, https:\/\/espora13.com.br\/wp-content\/uploads\/2021\/02\/75-300x135.jpg 300w, https:\/\/espora13.com.br\/wp-content\/uploads\/2021\/02\/75-768x345.jpg 768w, https:\/\/espora13.com.br\/wp-content\/uploads\/2021\/02\/75-364x164.jpg 364w\" sizes=\"(max-width: 749px) 100vw, 749px\" \/><\/a><figcaption id=\"caption-attachment-4552\" class=\"wp-caption-text\">Foto: Reprodu\u00e7\u00e3o Instagram<\/figcaption><\/figure>\n<p>Segundo a imprensa da Argentina o Atl\u00e9tico negocia com River Plate para contratar Nacho Fern\u00e1ndez. O River deseja 8 milh\u00f5es de euros para liberar o meia. A multa rescis\u00f3ria de Nacho \u00e9 de 10 milh\u00f5es de euros e cai para 7 milh\u00f5es no meio desse ano. Galo quer contar com o jogador j\u00e1 no in\u00edcio de 2021.<\/p>\n<p>Esse novo fato faz ganhar mais for\u00e7a sobre uma poss\u00edvel negocia\u00e7\u00e3o entre River e Atl\u00e9tico.<\/p>\n<p>O nome de Nacho Fern\u00e1ndez agrada o t\u00e9cnico Jorge Sampaoli, que vem ganhando grandes refor\u00e7os para o Galo pensando na temporada de 2012. O \u00faltimo grande refor\u00e7o anunciado pelo Atl\u00e9tico foi do atacante Hulk.<\/p>\n<figure id=\"attachment_4553\" aria-describedby=\"caption-attachment-4553\" style=\"width: 434px\" class=\"wp-caption aligncenter\"><img loading=\"lazy\" class=\"wp-image-4553\" src=\"https:\/\/espora13.com.br\/wp-content\/uploads\/2021\/02\/Espora-13-Atl\u00e9tico-Galo-Atl\u00e9tico-MG-Nacho-Fern\u00e1ndez-Especulado-no-Atl\u00e9tico-o-meia-Nacho-Fern\u00e1ndez-tira-a-foto-de-perfil-com-a-camisa-do-River-na-rede-social.jpg\" alt=\"Especulado no Atl\u00e9tico o meia Nacho Fern\u00e1ndez tira a foto de perfil com a camisa do River na rede social e gera alvoro\u00e7o em torcedores\" width=\"434\" height=\"288\" srcset=\"https:\/\/espora13.com.br\/wp-content\/uploads\/2021\/02\/Espora-13-Atl\u00e9tico-Galo-Atl\u00e9tico-MG-Nacho-Fern\u00e1ndez-Especulado-no-Atl\u00e9tico-o-meia-Nacho-Fern\u00e1ndez-tira-a-foto-de-perfil-com-a-camisa-do-River-na-rede-social.jpg 700w, https:\/\/espora13.com.br\/wp-content\/uploads\/2021\/02\/Espora-13-Atl\u00e9tico-Galo-Atl\u00e9tico-MG-Nacho-Fern\u00e1ndez-Especulado-no-Atl\u00e9tico-o-meia-Nacho-Fern\u00e1ndez-tira-a-foto-de-perfil-com-a-camisa-do-River-na-rede-social-300x200.jpg 300w, https:\/\/espora13.com.br\/wp-content\/uploads\/2021\/02\/Espora-13-Atl\u00e9tico-Galo-Atl\u00e9tico-MG-Nacho-Fern\u00e1ndez-Especulado-no-Atl\u00e9tico-o-meia-Nacho-Fern\u00e1ndez-tira-a-foto-de-perfil-com-a-camisa-do-River-na-rede-social-177x118.jpg 177w\" sizes=\"(max-width: 434px) 100vw, 434px\" \/><figcaption id=\"caption-attachment-4553\" class=\"wp-caption-text\">Foto: Divulga\u00e7\u00e3o River Plate<\/figcaption><\/figure>\n<p>Nacho Fern\u00e1ndez tem 31 anos, 1,82m de altura e \u00e9 atualmente o melhor meia armador do futebol sul-americano. Argentino vem fazendo \u00f3timas campanhas nas \u00faltimas edi\u00e7\u00f5es da Copa Libertadores ajudando o River a alcan\u00e7ar o t\u00edtulo continental em 2018, chegou a final em 2019, mas perdeu o t\u00edtulo para o Flamengo. Na \u00faltima edi\u00e7\u00e3o da competi\u00e7\u00e3o o River Plate foi eliminado para o ent\u00e3o atual campe\u00e3o Palmeiras nas semifinais. Nacho tamb\u00e9m foi campe\u00e3o com o River na Recopa Sul-Americana de 2019 contra o Athletico Paranaense.<\/p>\n<p>Com 52 partidas na Libertadores e 11 gols e 11 assist\u00eancia, faz de Nacho Fern\u00e1ndez ser o refor\u00e7o um grande refor\u00e7o que pode encaixar como uma luva no time do Jorge Sampaoli, colocando fim a procura de anos do Atl\u00e9tico na busca por um verdadeiro camisa 10. O \u00faltimo jogador de real destaque na posi\u00e7\u00e3o de armador do Galo foi o meia e tamb\u00e9m argentino e \u00eddolo da Massa Alvinegra, Jes\u00fas D\u00e1tolo. Que foi campe\u00e3o da Recopa Sul-Americana e da Copa do Brasil com o Atl\u00e9tico.<\/p>\n<p>Ser\u00e1 o Nacho Fern\u00e1ndez o meia-armador que colocar\u00e1 fim a busca por um armador no time de Jorge Sampaoli?<\/p>\n<p>Para mais informa\u00e7\u00f5es do Atl\u00e9tico, siga o Espora 13 nas redes sociais:<\/p>\n<div data-offset-key=\"4bstq-0-0\"><a href=\"https:\/\/twitter.com\/Espora13\" target=\"_blank\" rel=\"noopener noreferrer\">Clica e Siga no Twitter<\/a><\/div>\n<div class=\"\" data-block=\"true\" data-editor=\"8nssr\" data-offset-key=\"4bstq-0-0\">\n<div data-offset-key=\"4bstq-0-0\"><a href=\"https:\/\/www.facebook.com\/espora13oficial\" target=\"_blank\" rel=\"noopener noreferrer\">Clica e Siga no\u00a0Facebook<\/a><\/div>\n<div data-offset-key=\"4bstq-0-0\"><a href=\"https:\/\/www.instagram.com\/espora13\/\" target=\"_blank\" rel=\"noopener noreferrer\">Clica e Siga no Instagram<\/a><\/div>\n<div data-offset-key=\"4bstq-0-0\"><a href=\"https:\/\/www.twitch.tv\/espora13\" target=\"_blank\" rel=\"noopener noreferrer\">Clica e Siga na Twitch<\/a><\/div>\n<div data-offset-key=\"4bstq-0-0\"><a href=\"https:\/\/open.spotify.com\/user\/5ljo01qd7to5rzprw8tpdkwg6?si=IJ9LRCfKTQGzLaiI_pSo4w\" target=\"_blank\" rel=\"noopener noreferrer\">Clica e Siga no Spotify<\/a><\/div>\n<div data-offset-key=\"4bstq-0-0\"><a href=\"https:\/\/vm.tiktok.com\/ZMJWsH9ua\/\" target=\"_blank\" rel=\"noopener noreferrer\">Clica e Siga no Tik Tok<\/a><\/div>\n<div data-offset-key=\"4bstq-0-0\"><a href=\"https:\/\/www.youtube.com\/tvespora13\" target=\"_blank\" rel=\"noopener noreferrer\">Inscreva-se no canal do youtube TV Espora 13<\/a><\/div>\n<div data-offset-key=\"4bstq-0-0\"><\/div>\n<\/div>\n<div class=\"\" data-block=\"true\" data-editor=\"8nssr\" data-offset-key=\"5qnvf-0-0\">\n<div class=\"_1mf _1mj\" data-offset-key=\"5qnvf-0-0\"><span data-offset-key=\"5qnvf-0-0\">Esporada neles Galooooooooooooo!!!<\/span><\/div>\n<\/div>\n","protected":false},"excerpt":{"rendered":"<p>O meia Nacho Fern\u00e1ndez trocou a foto no instagram, a foto anterior o jogador estava com a camisa do River<\/p>\n","protected":false},"author":8,"featured_media":4553,"comment_status":"open","ping_status":"open","sticky":false,"template":"","format":"standard","meta":[],"categories":[83],"tags":[],"_links":{"self":[{"href":"https:\/\/espora13.com.br\/index.php\/wp-json\/wp\/v2\/posts\/4551"}],"collection":[{"href":"https:\/\/espora13.com.br\/index.php\/wp-json\/wp\/v2\/posts"}],"about":[{"href":"https:\/\/espora13.com.br\/index.php\/wp-json\/wp\/v2\/types\/post"}],"author":[{"embeddable":true,"href":"https:\/\/espora13.com.br\/index.php\/wp-json\/wp\/v2\/users\/8"}],"replies":[{"embeddable":true,"href":"https:\/\/espora13.com.br\/index.php\/wp-json\/wp\/v2\/comments?post=4551"}],"version-history":[{"count":4,"href":"https:\/\/espora13.com.br\/index.php\/wp-json\/wp\/v2\/posts\/4551\/revisions"}],"predecessor-version":[{"id":4557,"href":"https:\/\/espora13.com.br\/index.php\/wp-json\/wp\/v2\/posts\/4551\/revisions\/4557"}],"wp:featuredmedia":[{"embeddable":true,"href":"https:\/\/espora13.com.br\/index.php\/wp-json\/wp\/v2\/media\/4553"}],"wp:attachment":[{"href":"https:\/\/espora13.com.br\/index.php\/wp-json\/wp\/v2\/media?parent=4551"}],"wp:term":[{"taxonomy":"category","embeddable":true,"href":"https:\/\/espora13.com.br\/index.php\/wp-json\/wp\/v2\/categories?post=4551"},{"taxonomy":"post_tag","embeddable":true,"href":"https:\/\/espora13.com.br\/index.php\/wp-json\/wp\/v2\/tags?post=4551"}],"curies":[{"name":"wp","href":"https:\/\/api.w.org\/{rel}","templated":true}]}}