{"id":4701,"date":"2021-03-05T13:15:30","date_gmt":"2021-03-05T16:15:30","guid":{"rendered":"http:\/\/espora13.com.br\/?p=4701"},"modified":"2021-03-05T13:15:30","modified_gmt":"2021-03-05T16:15:30","slug":"meninos-decidem-contra-o-tombense-e-galo-assume-a-lideranca-do-mineiro","status":"publish","type":"post","link":"https:\/\/espora13.com.br\/index.php\/2021\/03\/05\/meninos-decidem-contra-o-tombense-e-galo-assume-a-lideranca-do-mineiro\/","title":{"rendered":"Meninos decidem contra o Tombense, e Galo assume a lideran\u00e7a do Mineiro"},"content":{"rendered":"<p><strong>O JOGO<\/strong><\/p>\n<p>O jogo come\u00e7ou animado em Tombos. O time da casa corria para mostrar servi\u00e7o, e o Galo tentava impor seu jogo. Dylan, improvisado de primeiro volante, dava mais emo\u00e7\u00e3o (por todos os motivos errados) ao errar passes simples e armar contra ataques para os advers\u00e1rios. L\u00e1 na frente, Marrony e Zaracho corriam muito, e o centro-avante Felipe demonstrava disposi\u00e7\u00e3o. O jovem atacante acertou a trave, logo antes dos 10 minutos. No &#8220;rol\u00ea&#8217; mais aleat\u00f3rio poss\u00edvel, caiu a energia el\u00e9trica do Est\u00e1dio Almeid\u00e3o, gra\u00e7as a um gerador defeituoso. Foram necess\u00e1rios 20 minutos para a manuten\u00e7\u00e3o e a volta do futebol. Ap\u00f3s o retorno do embate, bastaram segundos para o Galo se desconcentrar, abrir espa\u00e7os e sofrer um gol. Ca\u00edque veio com a bola dominada, ganhou de toda a defesa Alvinegra e n\u00e3o desperdi\u00e7ou. Os Atleticanos, agora atr\u00e1s do placar, tentaram manter sua cabe\u00e7a no lugar e buscar o gol de empate. Algumas chances de perigo foram criadas, mas esbarravam no \u00faltimo passe ou no goleiro Felipe Garcia. Por\u00e9m, de tanto tentar o gol de empate, este finalmente veio, aos 30 minutos. Felipe recebeu dentro da \u00e1rea, fez belo piv\u00f4 e serviu Marrony, que bateu firme para o fundo das redes. O gol refletiu a superioridade Atleticana no jogo, assim como as boas atua\u00e7\u00f5es dos jovens atacantes do Galo. Agora cheio de confian\u00e7a, parecia quest\u00e3o de tempo o gol da virada para o Atl\u00e9tico. Isso tudo at\u00e9 uma nova falha defensiva acontecer. Gabriel cometeu falha grave na defesa, Rubens entrou na cara do gol e, na vis\u00e3o da arbitragem, sofreu p\u00eanalti em toque do goleiro Rafael. O replay, no entanto, mostrou a clara simula\u00e7\u00e3o do atacante do Tombense. E como &#8220;p\u00eanalti roubado n\u00e3o entra&#8221;, o pr\u00f3prio Rubens cobrou e isolou a bola.<\/p>\n<p>No segundo tempo, o Galo melhorou seu futebol e passou a ser mais perigoso. Jogadores como Dod\u00f4 e Zaracho melhoraram seu n\u00edvel, que j\u00e1 era bom no primeiro tempo, e passaram a comandar o &#8220;expressinho&#8221; Alvinegro. Mariano era mais seguro, Dylan n\u00e3o cometia erros grosseiros, e o ataque seguia se movimentando. O gol da virada, que voltara a ser quest\u00e3o de tempo, saiu. A bola foi al\u00e7ada na \u00e1rea, Igor Rabello deu leve escorada de cabe\u00e7a, e contou com o vacilo da zaga do Tombense para encontrar Gabriel, que completou de cabe\u00e7a para o fundo das redes. O gol foi uma reden\u00e7\u00e3o para o defensor, que havia cometido falha defensiva no primeiro tempo que resultou no p\u00eanalti perdido por Rubens. A partir do gol da virada, o Atl\u00e9tico viu o Tombense ensaiar press\u00e3o, mas sem conseguir superar a zaga formada por Igor Rabello e Gabriel. Acima disso, os contra ataques e os espa\u00e7os defensivos do Tombense come\u00e7aram a se oferecer ao Atl\u00e9tico. O t\u00e9cnico interino Lucas Gon\u00e7alves promoveu as entradas de Neto, J\u00falio e Echapor\u00e3 (nos lugares de Dylan, Calebe e Savinho, respectivamente), para tentar manter o volume de jogo e aproveitar os contragolpes. Echapor\u00e3, Marrony e Savinho (antes de sair) perderam grandes chances de ampliar. O Tombense tentou atacar com base no desespero nos minutos finais, mas n\u00e3o foi o bastante, e os meninos do Galo trouxeram 3 pontos e a lideran\u00e7a do Mineiro para Belo Horizonte.<\/p>\n<figure id=\"attachment_4707\" aria-describedby=\"caption-attachment-4707\" style=\"width: 437px\" class=\"wp-caption alignnone\"><img loading=\"lazy\" class=\" wp-image-4707\" src=\"https:\/\/espora13.com.br\/wp-content\/uploads\/2021\/03\/51004635903_f548cff5e9_3k-300x200.jpg\" alt=\"Espora 13 - Atl\u00e9tico - Galo - Atl\u00e9tico-MG - Victor - S\u00e3o Victor - Acima de um p\u00f3s-jogo, um agradecimento a Victor Leandro Bagy\" width=\"437\" height=\"291\" srcset=\"https:\/\/espora13.com.br\/wp-content\/uploads\/2021\/03\/51004635903_f548cff5e9_3k-300x200.jpg 300w, https:\/\/espora13.com.br\/wp-content\/uploads\/2021\/03\/51004635903_f548cff5e9_3k-1024x683.jpg 1024w, https:\/\/espora13.com.br\/wp-content\/uploads\/2021\/03\/51004635903_f548cff5e9_3k-768x512.jpg 768w, https:\/\/espora13.com.br\/wp-content\/uploads\/2021\/03\/51004635903_f548cff5e9_3k-1536x1024.jpg 1536w, https:\/\/espora13.com.br\/wp-content\/uploads\/2021\/03\/51004635903_f548cff5e9_3k-2048x1365.jpg 2048w, https:\/\/espora13.com.br\/wp-content\/uploads\/2021\/03\/51004635903_f548cff5e9_3k-177x118.jpg 177w, https:\/\/espora13.com.br\/wp-content\/uploads\/2021\/03\/51004635903_f548cff5e9_3k-272x182.jpg 272w\" sizes=\"(max-width: 437px) 100vw, 437px\" \/><figcaption id=\"caption-attachment-4707\" class=\"wp-caption-text\">Foto: Pedro Souza\/Atl\u00e9tico<\/figcaption><\/figure>\n<p><strong>OPINI\u00c3O FINAL<\/strong><\/p>\n<p>\u00c9 impressionante como o Atl\u00e9tico est\u00e1 em outro patamar em Minas Gerais. Em duas rodadas jogando com a base e alguns reservas, j\u00e1 foram duas vit\u00f3rias, onde o Galo foi melhor e mereceu estes resultados. Em Tombos, um advers\u00e1rio que provavelmente estar\u00e1 nas semifinais da Competi\u00e7\u00e3o. No entanto, mesmo assim os garotos do Galo deram conta do recado. Dod\u00f4, cada vez melhor, demonstra ser o reserva que Guilherme Arana precisava. Zaracho come\u00e7a a demonstrar evolu\u00e7\u00e3o, e j\u00e1 fez boa partida, correndo muito e sendo muito vers\u00e1til. Gabriel, que foi muito mal no primeiro tempo, se redimiu no segundo, n\u00e3o s\u00f3 pelo seu gol, como tamb\u00e9m pela sua melhora no tempo complementar. E l\u00e1 na frente, Marrony n\u00e3o surpreende. \u00c9 esse o n\u00edvel de futebol que sabemos que ele pode jogar. Excelente partida dele, assim como jogou bem Felipe, atacante da base, que se movimentou bem, teve auto confian\u00e7a e mostrou suas virtudes. O novo t\u00e9cnico do Atl\u00e9tico, Cuca, j\u00e1 ter\u00e1 um elenco de elite \u00e0 disposi\u00e7\u00e3o, mas \u00e9 muito bom ver que as alternativas ao elenco titular poder\u00e3o ajudar bastante.<\/p>\n<p><strong>FICHA T\u00c9CNICA<\/strong><\/p>\n<p class=\"text\">TOMBENSE <strong>1 X 2 ATL\u00c9TICO<\/strong><\/p>\n<p class=\"text\"><strong>Data\/Hora:<\/strong> 4 de mar\u00e7o de 2021, \u00e0s 21h (de Bras\u00edlia)<\/p>\n<p class=\"text\"><strong>Local:<\/strong> Est\u00e1dio Almeid\u00e3o (Tombos\/MG)<\/p>\n<p class=\"text\"><strong>\u00c1rbitro:<\/strong> Felipe Fernandes de Lima<\/p>\n<p class=\"text\"><strong>Assistentes:<\/strong> Pablo Almeida da Costa e Marconi Helbert Vieira<\/p>\n<p class=\"text\"><strong>Cart\u00f5es amarelos:<\/strong> Rodrigo, Ca\u00edque, Rubens (TOM); Zaracho, J\u00falio, Marrony (CAM)<\/p>\n<p>&nbsp;<\/p>\n<p class=\"text\"><strong>Gols:<\/strong> Ca\u00edque, aos 9&#8242;-1\u00baT, Marrony, aos 30&#8242;-1\u00baT, Gabriel, aos 12&#8242;-2\u00baT<\/p>\n<p>&nbsp;<\/p>\n<p class=\"text\"><b>TOMBENSE: <\/b>Felipe Garcia; David, Wesley Marth, Matheus Lopes e Jo\u00e3o Paulo (Manoel, aos 15&#8242;-2\u00baT); Rodrigo, Marquinhos (Falc\u00e3o, aos 30&#8242;-2\u00baT) e Jhemerson (Al\u00edpio, aos 20&#8242;-2\u00baT); Kek\u00e9, Ca\u00edque(Wiliam, aos 16&#8242;-2\u00baT) e Rubens. <strong>T\u00e9cnico:<\/strong> Bruno Pivetti<\/p>\n<p class=\"text\"><b>ATL\u00c9TICO: <\/b>Rafael; Mariano, Gabriel, Igor Rabello e Dod\u00f4; Dylan Borrero(Neto, aos 22&#8242;-2\u00baT), Zaracho e Calebe (J\u00falio, aos 36&#8242;-2\u00baT); S\u00e1vio (Echapor\u00e3, aos 23&#8242;-2\u00baT), Marrony (Matheus Lima, aos 43&#8242;-2\u00baT) e Felipe Fel\u00edcio. <strong>T\u00e9cnico:<\/strong> Lucas Gon\u00e7alves<\/p>\n<p>Para mais informa\u00e7\u00f5es do Atl\u00e9tico, siga o Espora 13 nas redes sociais:<\/p>\n<div data-offset-key=\"4bstq-0-0\"><a href=\"https:\/\/twitter.com\/Espora13\" target=\"_blank\" rel=\"noopener noreferrer\">Clica e Siga no Twitter<\/a><\/div>\n<div class=\"\" data-block=\"true\" data-editor=\"8nssr\" data-offset-key=\"4bstq-0-0\">\n<div data-offset-key=\"4bstq-0-0\"><a href=\"https:\/\/www.facebook.com\/espora13oficial\" target=\"_blank\" rel=\"noopener noreferrer\">Clica e Siga no\u00a0Facebook<\/a><\/div>\n<div data-offset-key=\"4bstq-0-0\"><a href=\"https:\/\/www.instagram.com\/espora13\/\" target=\"_blank\" rel=\"noopener noreferrer\">Clica e Siga no Instagram<\/a><\/div>\n<div data-offset-key=\"4bstq-0-0\"><a href=\"https:\/\/www.twitch.tv\/espora13\" target=\"_blank\" rel=\"noopener noreferrer\">Clica e Siga na Twitch<\/a><\/div>\n<div data-offset-key=\"4bstq-0-0\"><a href=\"https:\/\/open.spotify.com\/user\/5ljo01qd7to5rzprw8tpdkwg6?si=IJ9LRCfKTQGzLaiI_pSo4w\" target=\"_blank\" rel=\"noopener noreferrer\">Clica e Siga no Spotify<\/a><\/div>\n<div data-offset-key=\"4bstq-0-0\"><a href=\"https:\/\/vm.tiktok.com\/ZMJWsH9ua\/\" target=\"_blank\" rel=\"noopener noreferrer\">Clica e Siga no Tik Tok<\/a><\/div>\n<div data-offset-key=\"4bstq-0-0\"><a href=\"https:\/\/www.youtube.com\/tvespora13\" target=\"_blank\" rel=\"noopener noreferrer\">Inscreva-se no canal do youtube TV Espora 13<\/a><\/div>\n<div data-offset-key=\"4bstq-0-0\"><\/div>\n<\/div>\n<div class=\"\" data-block=\"true\" data-editor=\"8nssr\" data-offset-key=\"5qnvf-0-0\">\n<div class=\"_1mf _1mj\" data-offset-key=\"5qnvf-0-0\"><span data-offset-key=\"5qnvf-0-0\">Esporada neles Galooooooooooooo!!!<\/span><\/div>\n<\/div>\n","protected":false},"excerpt":{"rendered":"<p>O JOGO O jogo come\u00e7ou animado em Tombos. O time da casa corria para mostrar servi\u00e7o, e o Galo tentava<\/p>\n","protected":false},"author":14,"featured_media":4707,"comment_status":"open","ping_status":"open","sticky":false,"template":"","format":"standard","meta":[],"categories":[75],"tags":[],"_links":{"self":[{"href":"https:\/\/espora13.com.br\/index.php\/wp-json\/wp\/v2\/posts\/4701"}],"collection":[{"href":"https:\/\/espora13.com.br\/index.php\/wp-json\/wp\/v2\/posts"}],"about":[{"href":"https:\/\/espora13.com.br\/index.php\/wp-json\/wp\/v2\/types\/post"}],"author":[{"embeddable":true,"href":"https:\/\/espora13.com.br\/index.php\/wp-json\/wp\/v2\/users\/14"}],"replies":[{"embeddable":true,"href":"https:\/\/espora13.com.br\/index.php\/wp-json\/wp\/v2\/comments?post=4701"}],"version-history":[{"count":4,"href":"https:\/\/espora13.com.br\/index.php\/wp-json\/wp\/v2\/posts\/4701\/revisions"}],"predecessor-version":[{"id":4708,"href":"https:\/\/espora13.com.br\/index.php\/wp-json\/wp\/v2\/posts\/4701\/revisions\/4708"}],"wp:featuredmedia":[{"embeddable":true,"href":"https:\/\/espora13.com.br\/index.php\/wp-json\/wp\/v2\/media\/4707"}],"wp:attachment":[{"href":"https:\/\/espora13.com.br\/index.php\/wp-json\/wp\/v2\/media?parent=4701"}],"wp:term":[{"taxonomy":"category","embeddable":true,"href":"https:\/\/espora13.com.br\/index.php\/wp-json\/wp\/v2\/categories?post=4701"},{"taxonomy":"post_tag","embeddable":true,"href":"https:\/\/espora13.com.br\/index.php\/wp-json\/wp\/v2\/tags?post=4701"}],"curies":[{"name":"wp","href":"https:\/\/api.w.org\/{rel}","templated":true}]}}