{"id":4837,"date":"2021-04-20T22:58:11","date_gmt":"2021-04-21T01:58:11","guid":{"rendered":"http:\/\/espora13.com.br\/?p=4837"},"modified":"2021-04-20T22:58:11","modified_gmt":"2021-04-21T01:58:11","slug":"pela-gloriaeterna-galo-inicia-sua-caminhada-na-copa-libertadores","status":"publish","type":"post","link":"https:\/\/espora13.com.br\/index.php\/2021\/04\/20\/pela-gloriaeterna-galo-inicia-sua-caminhada-na-copa-libertadores\/","title":{"rendered":"Pela #GloriaEterna: Galo inicia sua caminhada na Copa Libertadores"},"content":{"rendered":"<figure id=\"attachment_4838\" aria-describedby=\"caption-attachment-4838\" style=\"width: 2048px\" class=\"wp-caption aligncenter\"><img loading=\"lazy\" class=\"size-full wp-image-4838\" src=\"https:\/\/espora13.com.br\/wp-content\/uploads\/2021\/04\/51128278614_c628a62118_k.jpg\" alt=\"Espora 13 - Atl\u00e9tico - Galo - Atl\u00e9tico MG- GALOXLAGUAIRA- GALO XLAGUAIRA\" width=\"2048\" height=\"1365\" srcset=\"https:\/\/espora13.com.br\/wp-content\/uploads\/2021\/04\/51128278614_c628a62118_k.jpg 2048w, https:\/\/espora13.com.br\/wp-content\/uploads\/2021\/04\/51128278614_c628a62118_k-300x200.jpg 300w, https:\/\/espora13.com.br\/wp-content\/uploads\/2021\/04\/51128278614_c628a62118_k-1024x683.jpg 1024w, https:\/\/espora13.com.br\/wp-content\/uploads\/2021\/04\/51128278614_c628a62118_k-768x512.jpg 768w, https:\/\/espora13.com.br\/wp-content\/uploads\/2021\/04\/51128278614_c628a62118_k-1536x1024.jpg 1536w, https:\/\/espora13.com.br\/wp-content\/uploads\/2021\/04\/51128278614_c628a62118_k-177x118.jpg 177w, https:\/\/espora13.com.br\/wp-content\/uploads\/2021\/04\/51128278614_c628a62118_k-272x182.jpg 272w\" sizes=\"(max-width: 2048px) 100vw, 2048px\" \/><figcaption id=\"caption-attachment-4838\" class=\"wp-caption-text\">Fotos: Pedro Souza \/ Atl\u00e9tico<\/figcaption><\/figure>\n<p>&nbsp;<\/p>\n<p>\u00c9 dia de Galo!!<\/p>\n<p>Dia de jogo decisivo!<\/p>\n<p>Dia de esquecer de tudo e focar no objetivo!<\/p>\n<p>A primeira batalha em busca de um sonho!!<\/p>\n<p>A quarta feira \u00e9 dia de Clube Atl\u00e9tico Mineiro, na Copa Libertadores da Am\u00e9rica. O Galo vai \u00e0 campo, \u00e0s 19:15 hrs (Bras\u00edlia), no Est\u00e1dio Ol\u00edmpico Caracas, na Venezuela, diante da equipe do La Guaira, jogo este que abre a caminhada do Galo em busca do sonho de mais uma conquista continental para o Alvinegro.<\/p>\n<p>A equipe do La Guaira, \u00e9 muito pouco conhecida em cen\u00e1rio Continental, mas vem enxergando como uma grande oportunidade os confrontos diante de um advers\u00e1rio gigante como o Galo. Atual camp\u00e3o Venezuelano, o time Aspirante a zebra, manteve sua base campe\u00e3 do \u00faltimo torneio nacional, por\u00e9m, o La Guaira, s\u00f3 entrou em campo uma vez nesta temporada, mas buscou informa\u00e7\u00f5es e atualiza\u00e7\u00f5es sobre o Galo e suas ultimas partidas para tentar surpreender em seus dom\u00ednios.<\/p>\n<p>J\u00e1 o Galo volta a campo, em um momento aguardado por todos. Com o t\u00e9cnico Cuca prometendo desenvolvimento e um time mais solto e livre em campo, a equipe sabe que precisa melhorar para almejar saltos maiores na temporada, e para iniciar bem a principal competi\u00e7\u00e3o do Continente, o Galo joga com for\u00e7a m\u00e1xima para n\u00e3o deixar escapar pontos preciosos e buscar uma classifica\u00e7\u00e3o mais tranquila dentro de seu grupo. O \u00faltimo jogo deixou a torcida um pouco incomodada com o desempenho do time, um jogo repleto de cruzamentos e liga\u00e7\u00f5es diretas n\u00e3o s\u00e3o o foco para um elenco repleto de talentos individuais, e aproveitando-se de um coletivo muito forte, esperasse um Galo mais agressivo e oportunista em campo, algo diferente das \u00faltimas partidas.<\/p>\n<p>Para o t\u00e9cnico Cuca a palavra \u00e9 trabalho, alinhada ao tempo, com calma para alguns ajustes, e testes em algumas pe\u00e7as, o treinador alvinegro que alinhar a postura ofensiva dos tempos de Sampaoli com uma defesa mais ajustada, com uma linha de volantes que protege mais a defesa. Allan, Zaracho, Tch\u00ea Tch\u00ea seguem brigando por essa importante posi\u00e7\u00e3o chave do jogo proposto pelo treinador, assim como o camisa 9, hoje Vargas, precisa se acertar para um poss\u00edvel time mais estruturado dentro do que busca o comandante alvinegro.<\/p>\n<p>Para o confronto desta quarta, pela Libertadores, a palavra na Cidade do Galo \u00e9 \u00fanica: Vencer! Nesta competi\u00e7\u00e3o \u00e9 preciso entrar em campo sempre em clima de jogo grande e decisivo; n\u00e3o se pode dar espa\u00e7os a nenhum time, j\u00e1 se espera um Galo mais forte em sua estrutura, com jogadores mais alinhados em suas posi\u00e7\u00f5es, entendendo a ideia do treinador para temporada. Ajustes est\u00e3o e ser\u00e3o feitos ao longo do trabalho, mas, diante do La Guaira, o time precisa mostrar essa evolu\u00e7\u00e3o do dia a dia, com um futebol mais vistoso, com mais volume e efici\u00eancia em seus resultados, jogadas trabalhadas pelos p\u00e9s de Nacho, e bem finalizadas pelas pontas com Keno e Savarino. Hulk pode ser a novidade comandando o ataque, utilizando de sua experi\u00eancia e for\u00e7a f\u00edsica, a zaga com Alonso e Rever tem que se entender melhor e ajustar algumas posi\u00e7\u00f5es. Libertadores \u00e9 decis\u00e3o, \u00e9 jogo a jogo!<\/p>\n<p>&nbsp;<\/p>\n<p>Vamos Pra cima!!!!<\/p>\n<p>&nbsp;<\/p>\n<p><strong><u>JOGUEM POR N\u00d3S!!!!<\/u><\/strong><\/p>\n<p><strong><u>\u00a0<\/u><\/strong><\/p>\n<p>Vamos pra cima deles Galo!!<\/p>\n<p>Contra o vento novamente!<\/p>\n<p>Vamos Galo!<\/p>\n<p>Aqui \u00e9 Galo, Sempre!<\/p>\n<p>Esporada Neles Galo!!<\/p>\n<p>&nbsp;<\/p>\n<p><strong>FICHA T\u00c9CNICA DA PARTIDA<\/strong><\/p>\n<p>ATLETICO X LA GUAIRA<br \/>\n\u200bEst\u00e1dio: Ol\u00edmpico Caracas<\/p>\n<p>Data e hora: 21 de Abril de 2021, \u00e0s 19:15 (de Bras\u00edlia)<\/p>\n<p>Motivo: Copa Libertadores da Am\u00e9rica<\/p>\n<p>&nbsp;<\/p>\n<p><strong><u>PROV\u00c1VEIS ESCALA\u00c7\u00d5ES: <\/u><\/strong><\/p>\n<p><strong><u>Atl\u00e9tico:<\/u><\/strong><\/p>\n<p>O prov\u00e1vel time escalado:<\/p>\n<p>Everson, Mariano, Rever, Junior Alonso, Guilherme Arana, Allan, Tch\u00ea Tch\u00ea (Zaracho), Nacho, Savarino, Keno e Eduardo Vargas (Hulk). T\u00e9cnico: Cuca.<\/p>\n<p>&nbsp;<\/p>\n<p><strong><u>La Guaira:<\/u><\/strong><\/p>\n<p>O prov\u00e1vel time escalado:<\/p>\n<p>Olses, Aranburu, La Mantia, Silva ,Garcia, Marin, Pena, Flores,Cumana, Ortiz e Ocanto.<\/p>\n<p>&nbsp;<\/p>\n<p>Para mais informa\u00e7\u00f5es do Atl\u00e9tico, siga o Espora 13 nas redes sociais:<\/p>\n<p><a href=\"https:\/\/twitter.com\/Espora13\">Clica e Siga no Twitter<\/a><\/p>\n<p><a href=\"https:\/\/www.facebook.com\/espora13oficial\">Clica e Siga no\u00a0Facebook<\/a><\/p>\n<p><a href=\"https:\/\/www.instagram.com\/espora13\/\">Clica e Siga no Instagram<\/a><\/p>\n<p><a href=\"https:\/\/www.twitch.tv\/espora13\">Clica e Siga na Twitch<\/a><\/p>\n<p><a href=\"https:\/\/open.spotify.com\/user\/5ljo01qd7to5rzprw8tpdkwg6?si=IJ9LRCfKTQGzLaiI_pSo4w\">Clica e Siga no Spotify<\/a><\/p>\n<p><a href=\"https:\/\/vm.tiktok.com\/ZMJWsH9ua\/\">Clica e Siga no Tik Tok<\/a><\/p>\n<p><a href=\"https:\/\/www.youtube.com\/tvespora13\">Inscreva-se no canal do youtube TV Espora 13<\/a><\/p>\n<p>Esporada neles Galooooooooooooo!!!<\/p>\n<p>&nbsp;<\/p>\n","protected":false},"excerpt":{"rendered":"<p>&nbsp; \u00c9 dia de Galo!! Dia de jogo decisivo! Dia de esquecer de tudo e focar no objetivo! A primeira<\/p>\n","protected":false},"author":25,"featured_media":4838,"comment_status":"open","ping_status":"open","sticky":false,"template":"","format":"standard","meta":[],"categories":[73],"tags":[],"_links":{"self":[{"href":"https:\/\/espora13.com.br\/index.php\/wp-json\/wp\/v2\/posts\/4837"}],"collection":[{"href":"https:\/\/espora13.com.br\/index.php\/wp-json\/wp\/v2\/posts"}],"about":[{"href":"https:\/\/espora13.com.br\/index.php\/wp-json\/wp\/v2\/types\/post"}],"author":[{"embeddable":true,"href":"https:\/\/espora13.com.br\/index.php\/wp-json\/wp\/v2\/users\/25"}],"replies":[{"embeddable":true,"href":"https:\/\/espora13.com.br\/index.php\/wp-json\/wp\/v2\/comments?post=4837"}],"version-history":[{"count":2,"href":"https:\/\/espora13.com.br\/index.php\/wp-json\/wp\/v2\/posts\/4837\/revisions"}],"predecessor-version":[{"id":4840,"href":"https:\/\/espora13.com.br\/index.php\/wp-json\/wp\/v2\/posts\/4837\/revisions\/4840"}],"wp:featuredmedia":[{"embeddable":true,"href":"https:\/\/espora13.com.br\/index.php\/wp-json\/wp\/v2\/media\/4838"}],"wp:attachment":[{"href":"https:\/\/espora13.com.br\/index.php\/wp-json\/wp\/v2\/media?parent=4837"}],"wp:term":[{"taxonomy":"category","embeddable":true,"href":"https:\/\/espora13.com.br\/index.php\/wp-json\/wp\/v2\/categories?post=4837"},{"taxonomy":"post_tag","embeddable":true,"href":"https:\/\/espora13.com.br\/index.php\/wp-json\/wp\/v2\/tags?post=4837"}],"curies":[{"name":"wp","href":"https:\/\/api.w.org\/{rel}","templated":true}]}}