{"id":4864,"date":"2021-04-21T22:36:15","date_gmt":"2021-04-22T01:36:15","guid":{"rendered":"http:\/\/espora13.com.br\/?p=4864"},"modified":"2021-04-22T00:20:45","modified_gmt":"2021-04-22T03:20:45","slug":"atletico-de-cuca-volta-a-jogar-abaixo-da-media-galo-empata-contra-o-la-guaira-na-estreia-da-libertadores","status":"publish","type":"post","link":"https:\/\/espora13.com.br\/index.php\/2021\/04\/21\/atletico-de-cuca-volta-a-jogar-abaixo-da-media-galo-empata-contra-o-la-guaira-na-estreia-da-libertadores\/","title":{"rendered":"Atl\u00e9tico de Cuca volta a jogar abaixo da m\u00e9dia. Galo empata contra o La Guaira na estreia da Libertadores"},"content":{"rendered":"<p><strong>O Jogo<\/strong><\/p>\n<p>O Galo entrou em campo na \u00faltima quarta (21) para defrontar o Deportivo La Guaira, em sua casa, em Caracas (Venezuela) na abertura da fase de grupos da Ta\u00e7a Libertadores da Am\u00e9rica. O jogo, outrora tratado como &#8220;f\u00e1cil&#8221; por alguma parte da torcida, j\u00e1 tinha ganhado tons mais apreensivos, devido ao futebol (ou a falta dele) apresentado nas \u00faltimas exibi\u00e7\u00f5es do Campeonato Mineiro.<\/p>\n<figure id=\"attachment_4870\" aria-describedby=\"caption-attachment-4870\" style=\"width: 636px\" class=\"wp-caption aligncenter\"><img loading=\"lazy\" class=\" wp-image-4870\" src=\"https:\/\/espora13.com.br\/wp-content\/uploads\/2021\/04\/EzioKI2XMAECy5N.jpg\" alt=\"Espora 13 - Atl\u00e9tico - Galo - Atl\u00e9tico-MG - Atl\u00e9tico de Cuca volta a jogar abaixo da m\u00e9dia. Galo empata contra o La Guaira na estreia da Libertadores\" width=\"636\" height=\"423\" srcset=\"https:\/\/espora13.com.br\/wp-content\/uploads\/2021\/04\/EzioKI2XMAECy5N.jpg 1000w, https:\/\/espora13.com.br\/wp-content\/uploads\/2021\/04\/EzioKI2XMAECy5N-300x200.jpg 300w, https:\/\/espora13.com.br\/wp-content\/uploads\/2021\/04\/EzioKI2XMAECy5N-768x511.jpg 768w, https:\/\/espora13.com.br\/wp-content\/uploads\/2021\/04\/EzioKI2XMAECy5N-177x118.jpg 177w, https:\/\/espora13.com.br\/wp-content\/uploads\/2021\/04\/EzioKI2XMAECy5N-272x182.jpg 272w\" sizes=\"(max-width: 636px) 100vw, 636px\" \/><figcaption id=\"caption-attachment-4870\" class=\"wp-caption-text\">Foto: Pedro Souza\/Atl\u00e9tico<\/figcaption><\/figure>\n<p>E para a surpresa da torcida, um pouco esperan\u00e7ada pelos discursos de evolu\u00e7\u00e3o no futebol, defendidos pelo t\u00e9cnico Cuca, o que faltou foi bola, mais uma vez. Com posse mas sem repert\u00f3rio, os Alvinegros viram a primeira chegada de real perigo do La Guaira, aos 19 minutos, em chute forte.<\/p>\n<p>Para piorar, alguns instantes depois, um erro de sa\u00edda de jogo faria os Venezuelanos sa\u00edrem na frente do placar, com o zagueiro Adri\u00e1n Mart\u00ednez, que saiu &#8220;costurando&#8221; a zaga Atleticana como um atacante. Lento e sem repert\u00f3rio, o Galo come\u00e7ou a abusar novamente das bolas a\u00e9reas, quase sem perigo. Os lances mais perigosos sa\u00edram apenas na parte final da primeira etapa, com Vargas, resvalando a trave, e Nacho.<\/p>\n<figure id=\"attachment_4871\" aria-describedby=\"caption-attachment-4871\" style=\"width: 633px\" class=\"wp-caption aligncenter\"><img loading=\"lazy\" class=\" wp-image-4871\" src=\"https:\/\/espora13.com.br\/wp-content\/uploads\/2021\/04\/EzioKLdWEAk5GLg.jpg\" alt=\"Espora 13 - Atl\u00e9tico - Galo - Atl\u00e9tico-MG - Atl\u00e9tico de Cuca volta a jogar abaixo da m\u00e9dia. Galo empata contra o La Guaira na estreia da Libertadores\" width=\"633\" height=\"421\" srcset=\"https:\/\/espora13.com.br\/wp-content\/uploads\/2021\/04\/EzioKLdWEAk5GLg.jpg 1000w, https:\/\/espora13.com.br\/wp-content\/uploads\/2021\/04\/EzioKLdWEAk5GLg-300x200.jpg 300w, https:\/\/espora13.com.br\/wp-content\/uploads\/2021\/04\/EzioKLdWEAk5GLg-768x511.jpg 768w, https:\/\/espora13.com.br\/wp-content\/uploads\/2021\/04\/EzioKLdWEAk5GLg-177x118.jpg 177w, https:\/\/espora13.com.br\/wp-content\/uploads\/2021\/04\/EzioKLdWEAk5GLg-272x182.jpg 272w\" sizes=\"(max-width: 633px) 100vw, 633px\" \/><figcaption id=\"caption-attachment-4871\" class=\"wp-caption-text\">Foto: Pedro Souza\/Atl\u00e9tico<\/figcaption><\/figure>\n<p>&nbsp;<\/p>\n<p>Para o segundo tempo, Cuca sacou Allan e promoveu a entrada do argentino Zaracho, na &#8220;meiuca&#8221;, e Hulk no lugar de Savarino. E mesmo mais no abafa que com alguma constru\u00e7\u00e3o, sa\u00edram algumas jogadas interessantes, mesmo que n\u00e3o muitas. Aos 19 minutos, Arana chutou, o goleiro deu rebote e Zaracho, justamente ele, n\u00e3o perdoou e empatou a partida. O gol foi um motivador para o Atl\u00e9tico, que partiu com tudo para a virada, com seus cruzamentos e chutes de fora da \u00e1rea, mas isso n\u00e3o resultou na virada Atleticana.<\/p>\n<figure id=\"attachment_4872\" aria-describedby=\"caption-attachment-4872\" style=\"width: 452px\" class=\"wp-caption aligncenter\"><img loading=\"lazy\" class=\" wp-image-4872\" src=\"https:\/\/espora13.com.br\/wp-content\/uploads\/2021\/04\/EziZ6qIWQAIoW2H.jpg\" alt=\"Espora 13 - Atl\u00e9tico - Galo - Atl\u00e9tico-MG - Atl\u00e9tico de Cuca volta a jogar abaixo da m\u00e9dia. Galo empata contra o La Guaira na estreia da Libertadores\" width=\"452\" height=\"565\" srcset=\"https:\/\/espora13.com.br\/wp-content\/uploads\/2021\/04\/EziZ6qIWQAIoW2H.jpg 1024w, https:\/\/espora13.com.br\/wp-content\/uploads\/2021\/04\/EziZ6qIWQAIoW2H-240x300.jpg 240w, https:\/\/espora13.com.br\/wp-content\/uploads\/2021\/04\/EziZ6qIWQAIoW2H-819x1024.jpg 819w, https:\/\/espora13.com.br\/wp-content\/uploads\/2021\/04\/EziZ6qIWQAIoW2H-768x960.jpg 768w\" sizes=\"(max-width: 452px) 100vw, 452px\" \/><figcaption id=\"caption-attachment-4872\" class=\"wp-caption-text\">Foto: Pedro Souza\/Atl\u00e9tico<\/figcaption><\/figure>\n<p>Foi o La Guaira quem esteve mais pr\u00f3ximo de balan\u00e7ar as redes. Coube ao goleiro Everson salvar a meta em pelo menos tr\u00eas ocasi\u00f5es, todas j\u00e1 no final da partida. Coube ao Galo aceitar o amargo gosto de um empate frustrante, cercado de ascendentes cr\u00edticas e desconfian\u00e7as. O Galo precisa evoluir, e precisa de o fazer r\u00e1pido.<\/p>\n<figure id=\"attachment_4873\" aria-describedby=\"caption-attachment-4873\" style=\"width: 639px\" class=\"wp-caption aligncenter\"><img loading=\"lazy\" class=\" wp-image-4873\" src=\"https:\/\/espora13.com.br\/wp-content\/uploads\/2021\/04\/EzioKKWXsAYeqTk.jpg\" alt=\"Espora 13 - Atl\u00e9tico - Galo - Atl\u00e9tico-MG - Atl\u00e9tico de Cuca volta a jogar abaixo da m\u00e9dia. Galo empata contra o La Guaira na estreia da Libertadores\" width=\"639\" height=\"425\" srcset=\"https:\/\/espora13.com.br\/wp-content\/uploads\/2021\/04\/EzioKKWXsAYeqTk.jpg 1000w, https:\/\/espora13.com.br\/wp-content\/uploads\/2021\/04\/EzioKKWXsAYeqTk-300x200.jpg 300w, https:\/\/espora13.com.br\/wp-content\/uploads\/2021\/04\/EzioKKWXsAYeqTk-768x511.jpg 768w, https:\/\/espora13.com.br\/wp-content\/uploads\/2021\/04\/EzioKKWXsAYeqTk-177x118.jpg 177w, https:\/\/espora13.com.br\/wp-content\/uploads\/2021\/04\/EzioKKWXsAYeqTk-272x182.jpg 272w\" sizes=\"(max-width: 639px) 100vw, 639px\" \/><figcaption id=\"caption-attachment-4873\" class=\"wp-caption-text\">Foto: Pedro Souza\/Atl\u00e9tico<\/figcaption><\/figure>\n<p><strong>FICHA T\u00c9CNICA<\/strong><\/p>\n<p>DEPORTIVO LA GUAIRA <strong>1 X 1 ATL\u00c9TICO<\/strong><\/p>\n<p><strong>Local:<\/strong> Est\u00e1dio Ol\u00edmpico de la Universidad Central de Venezuela<br \/>\n<strong>Data\/Hora:<\/strong> 21 de abril de 2021, \u00e0s 19h (Bras\u00edlia)<br \/>\n<strong>\u00c1rbitro:<\/strong>\u00a0Facundo Tello (ARG)<br \/>\n<strong>Assistentes:<\/strong>\u00a0Ezequiel Brailovsky (ARG) e Pablo Gonzalez (ARG)<br \/>\n<strong>Cart\u00f5es amarelos<\/strong>: Olses (DEP); Sasha (CAM)<\/p>\n<p><strong>GOLS:<\/strong> Adr\u00e1n Mart\u00ednez, aos 20 do 1\u00baT; Zaracho, aos 19 do 2\u00baT<\/p>\n<p><strong>DEPORTIVO LA GUAIRA:<\/strong> Carlos Olses; Mart\u00ednez, Agnel Flores, La Mantia, Cuman\u00e1 e Pern\u00eda; Arles Flores, Pol Hurtado e Cerme\u00f1o (Mar\u00edn); Reyes (\u00c1ngelo Pe\u00f1a) e Darwin Gonz\u00e1lez.<br \/>\n<strong>T\u00e9cnico:<\/strong>\u00a0Daniel Far\u00edas<\/p>\n<p><strong>ATL\u00c9TICO:<\/strong> Everson, Guga, R\u00e9ver, J\u00fanior Alonso e Guilherme Arana; Allan (Zaracho), Tch\u00ea Tch\u00ea e Nacho Fern\u00e1ndez; Savarino (Hulk), Vargas (Marrony) e Keno (Sasha)<br \/>\n<strong>T\u00e9cnico:<\/strong>\u00a0Cuca<\/p>\n","protected":false},"excerpt":{"rendered":"<p>O Jogo O Galo entrou em campo na \u00faltima quarta (21) para defrontar o Deportivo La Guaira, em sua casa,<\/p>\n","protected":false},"author":14,"featured_media":4876,"comment_status":"open","ping_status":"open","sticky":false,"template":"","format":"standard","meta":[],"categories":[75],"tags":[],"_links":{"self":[{"href":"https:\/\/espora13.com.br\/index.php\/wp-json\/wp\/v2\/posts\/4864"}],"collection":[{"href":"https:\/\/espora13.com.br\/index.php\/wp-json\/wp\/v2\/posts"}],"about":[{"href":"https:\/\/espora13.com.br\/index.php\/wp-json\/wp\/v2\/types\/post"}],"author":[{"embeddable":true,"href":"https:\/\/espora13.com.br\/index.php\/wp-json\/wp\/v2\/users\/14"}],"replies":[{"embeddable":true,"href":"https:\/\/espora13.com.br\/index.php\/wp-json\/wp\/v2\/comments?post=4864"}],"version-history":[{"count":6,"href":"https:\/\/espora13.com.br\/index.php\/wp-json\/wp\/v2\/posts\/4864\/revisions"}],"predecessor-version":[{"id":4889,"href":"https:\/\/espora13.com.br\/index.php\/wp-json\/wp\/v2\/posts\/4864\/revisions\/4889"}],"wp:featuredmedia":[{"embeddable":true,"href":"https:\/\/espora13.com.br\/index.php\/wp-json\/wp\/v2\/media\/4876"}],"wp:attachment":[{"href":"https:\/\/espora13.com.br\/index.php\/wp-json\/wp\/v2\/media?parent=4864"}],"wp:term":[{"taxonomy":"category","embeddable":true,"href":"https:\/\/espora13.com.br\/index.php\/wp-json\/wp\/v2\/categories?post=4864"},{"taxonomy":"post_tag","embeddable":true,"href":"https:\/\/espora13.com.br\/index.php\/wp-json\/wp\/v2\/tags?post=4864"}],"curies":[{"name":"wp","href":"https:\/\/api.w.org\/{rel}","templated":true}]}}