{"id":4877,"date":"2021-04-23T12:20:28","date_gmt":"2021-04-23T15:20:28","guid":{"rendered":"http:\/\/espora13.com.br\/?p=4877"},"modified":"2021-04-23T12:20:28","modified_gmt":"2021-04-23T15:20:28","slug":"partiu-cidade-do-galo-atacante-diego-acosta-embarca-rumo-a-bh-para-assinar-contrato-com-o-atletico","status":"publish","type":"post","link":"https:\/\/espora13.com.br\/index.php\/2021\/04\/23\/partiu-cidade-do-galo-atacante-diego-acosta-embarca-rumo-a-bh-para-assinar-contrato-com-o-atletico\/","title":{"rendered":"Partiu Cidade do Galo! Atacante Diego Acosta embarca rumo a BH para assinar contrato com o Atl\u00e9tico"},"content":{"rendered":"<p>Diego Acosta \u00e9 esperado na Sede de Lourdes para assinar contrato com o Atl\u00e9tico. Atacante paraguaio de 18 anos estava no Libertad\u00a0 e chega sem custos ao Atl\u00e9tico. Jogador j\u00e1 teve passagens pela Sele\u00e7\u00e3o de base do Paraguai e inicialmente chega ao Galo para refor\u00e7ar a equipe Sub-20.<\/p>\n<figure id=\"attachment_4880\" aria-describedby=\"caption-attachment-4880\" style=\"width: 436px\" class=\"wp-caption aligncenter\"><img loading=\"lazy\" class=\" wp-image-4880\" src=\"https:\/\/espora13.com.br\/wp-content\/uploads\/2021\/04\/98.jpg\" alt=\"Espora 13 - Atl\u00e9tico - Galo - Atl\u00e9tico-MG - Partiu Cidade do Galo! Atacante Diego Acosta embarca rumo a BH para assinar contrato com o Atl\u00e9tico\" width=\"436\" height=\"433\" srcset=\"https:\/\/espora13.com.br\/wp-content\/uploads\/2021\/04\/98.jpg 1080w, https:\/\/espora13.com.br\/wp-content\/uploads\/2021\/04\/98-300x298.jpg 300w, https:\/\/espora13.com.br\/wp-content\/uploads\/2021\/04\/98-1024x1016.jpg 1024w, https:\/\/espora13.com.br\/wp-content\/uploads\/2021\/04\/98-150x150.jpg 150w, https:\/\/espora13.com.br\/wp-content\/uploads\/2021\/04\/98-768x762.jpg 768w\" sizes=\"(max-width: 436px) 100vw, 436px\" \/><figcaption id=\"caption-attachment-4880\" class=\"wp-caption-text\">Foto: Divulga\u00e7\u00e3o\/Instagram<\/figcaption><\/figure>\n<p>Diego Acosta postou em sua conta no Instagram, seu passaporte e colocou um emotion com avi\u00e3o e um Galo, indicando que est\u00e1 de partida rumo a Cidade do Galo. Diego Acosta deve passar por exames m\u00e9dicos e assinar contrato com o Atl\u00e9tico.<\/p>\n<figure id=\"attachment_4883\" aria-describedby=\"caption-attachment-4883\" style=\"width: 428px\" class=\"wp-caption aligncenter\"><img loading=\"lazy\" class=\" wp-image-4883\" src=\"https:\/\/espora13.com.br\/wp-content\/uploads\/2021\/04\/100.jpg\" alt=\"Espora 13 - Atl\u00e9tico - Galo - Atl\u00e9tico-MG - Partiu Cidade do Galo! Atacante Diego Acosta embarca rumo a BH para assinar contrato com o Atl\u00e9tico\" width=\"428\" height=\"754\" srcset=\"https:\/\/espora13.com.br\/wp-content\/uploads\/2021\/04\/100.jpg 540w, https:\/\/espora13.com.br\/wp-content\/uploads\/2021\/04\/100-170x300.jpg 170w\" sizes=\"(max-width: 428px) 100vw, 428px\" \/><figcaption id=\"caption-attachment-4883\" class=\"wp-caption-text\">Foto: Divulga\u00e7\u00e3o\/Instagram<\/figcaption><\/figure>\n<p>Jogadores rec\u00e9m contratados passam tamb\u00e9m por um protocolo de seguran\u00e7a ficando de quarentena at\u00e9 ser integrado ao elenco com os demais jogadores.<\/p>\n<figure id=\"attachment_4879\" aria-describedby=\"caption-attachment-4879\" style=\"width: 431px\" class=\"wp-caption aligncenter\"><img loading=\"lazy\" class=\" wp-image-4879\" src=\"https:\/\/espora13.com.br\/wp-content\/uploads\/2021\/04\/96-1.jpg\" alt=\"Espora 13 - Atl\u00e9tico - Galo - Atl\u00e9tico-MG - Partiu Cidade do Galo! Atacante Diego Acosta embarca rumo a BH para assinar contrato com o Atl\u00e9tico\" width=\"431\" height=\"648\" srcset=\"https:\/\/espora13.com.br\/wp-content\/uploads\/2021\/04\/96-1.jpg 499w, https:\/\/espora13.com.br\/wp-content\/uploads\/2021\/04\/96-1-200x300.jpg 200w\" sizes=\"(max-width: 431px) 100vw, 431px\" \/><figcaption id=\"caption-attachment-4879\" class=\"wp-caption-text\">Foto: Divulga\u00e7\u00e3o\/Instagram<\/figcaption><\/figure>\n<p>No passado Acosta j\u00e1 republicou uma foto ao lado de Hulk na \u00e9poca em que o atual camisa 7 do Galo atuava pelo Zenit, da R\u00fassia.<\/p>\n<p>Esse modelo de contrata\u00e7\u00e3o que foi iniciado com o Junior Chavar\u00e9 e que ser\u00e1 mantido pelo Erasmo Damiani atual Gerente das Categorias de base do Atl\u00e9tico. Em que se pratica a pol\u00edtica de capta\u00e7\u00e3o de jovens talentos para o garimpo, tentando trazer futuros craques com 14, 15, 16 anos, mas ficando sempre atento aos atletas &#8220;semi-prontos&#8221;.<\/p>\n<figure id=\"attachment_4881\" aria-describedby=\"caption-attachment-4881\" style=\"width: 604px\" class=\"wp-caption aligncenter\"><img loading=\"lazy\" class=\" wp-image-4881\" src=\"https:\/\/espora13.com.br\/wp-content\/uploads\/2021\/04\/99.jpg\" alt=\"Espora 13 - Atl\u00e9tico - Galo - Atl\u00e9tico-MG - Partiu Cidade do Galo! Atacante Diego Acosta embarca rumo a BH para assinar contrato com o Atl\u00e9tico\" width=\"604\" height=\"459\" srcset=\"https:\/\/espora13.com.br\/wp-content\/uploads\/2021\/04\/99.jpg 777w, https:\/\/espora13.com.br\/wp-content\/uploads\/2021\/04\/99-300x228.jpg 300w, https:\/\/espora13.com.br\/wp-content\/uploads\/2021\/04\/99-768x584.jpg 768w\" sizes=\"(max-width: 604px) 100vw, 604px\" \/><figcaption id=\"caption-attachment-4881\" class=\"wp-caption-text\">Foto: Divulga\u00e7\u00e3o\/Instagram<\/figcaption><\/figure>\n<p>Foi com esse modelo de capta\u00e7\u00e3o, garimpando de jovens talentos que o Atl\u00e9tico conseguiu chegar ao t\u00edtulo de Campe\u00e3o Brasileiro da categoria usando um elenco com v\u00e1rias joias moldadas em outras equipes. A maioria com jogadores nascidos em 2000 e que j\u00e1 n\u00e3o podem mais atuar pela equipe Sub-20 do Galo. V\u00e1rios desses jogadores Campe\u00f5es com a base subiram para o elenco principal do Atl\u00e9tico e est\u00e3o sobre observa\u00e7\u00e3o do t\u00e9cnico Cuca.<\/p>\n<p>Classificado antecipadamente como l\u00edder da primeira fase, tudo indica que o t\u00e9cnico Cuca poupar\u00e1 v\u00e1rios jogadores titulares para o jogo da Libertadores na pr\u00f3xima ter\u00e7a-feira (27). Assim abrir\u00e1 espa\u00e7o para os jogadores oriundos da base no pr\u00f3ximo jogo contra o Athletic no s\u00e1bado (24) pelo Campeonato Mineiro.<\/p>\n<p>&nbsp;<\/p>\n<p>&nbsp;<\/p>\n","protected":false},"excerpt":{"rendered":"<p>Diego Acosta \u00e9 esperado na Sede de Lourdes para assinar contrato com o Atl\u00e9tico. Atacante paraguaio de 18 anos estava<\/p>\n","protected":false},"author":8,"featured_media":4882,"comment_status":"open","ping_status":"open","sticky":false,"template":"","format":"standard","meta":[],"categories":[83],"tags":[],"_links":{"self":[{"href":"https:\/\/espora13.com.br\/index.php\/wp-json\/wp\/v2\/posts\/4877"}],"collection":[{"href":"https:\/\/espora13.com.br\/index.php\/wp-json\/wp\/v2\/posts"}],"about":[{"href":"https:\/\/espora13.com.br\/index.php\/wp-json\/wp\/v2\/types\/post"}],"author":[{"embeddable":true,"href":"https:\/\/espora13.com.br\/index.php\/wp-json\/wp\/v2\/users\/8"}],"replies":[{"embeddable":true,"href":"https:\/\/espora13.com.br\/index.php\/wp-json\/wp\/v2\/comments?post=4877"}],"version-history":[{"count":1,"href":"https:\/\/espora13.com.br\/index.php\/wp-json\/wp\/v2\/posts\/4877\/revisions"}],"predecessor-version":[{"id":4884,"href":"https:\/\/espora13.com.br\/index.php\/wp-json\/wp\/v2\/posts\/4877\/revisions\/4884"}],"wp:featuredmedia":[{"embeddable":true,"href":"https:\/\/espora13.com.br\/index.php\/wp-json\/wp\/v2\/media\/4882"}],"wp:attachment":[{"href":"https:\/\/espora13.com.br\/index.php\/wp-json\/wp\/v2\/media?parent=4877"}],"wp:term":[{"taxonomy":"category","embeddable":true,"href":"https:\/\/espora13.com.br\/index.php\/wp-json\/wp\/v2\/categories?post=4877"},{"taxonomy":"post_tag","embeddable":true,"href":"https:\/\/espora13.com.br\/index.php\/wp-json\/wp\/v2\/tags?post=4877"}],"curies":[{"name":"wp","href":"https:\/\/api.w.org\/{rel}","templated":true}]}}