{"id":4891,"date":"2021-04-26T20:28:54","date_gmt":"2021-04-26T23:28:54","guid":{"rendered":"http:\/\/espora13.com.br\/?p=4891"},"modified":"2021-04-26T20:44:48","modified_gmt":"2021-04-26T23:44:48","slug":"hulk-x-cuca-a-coerencia-e-a-unica-certa-nessa-historia","status":"publish","type":"post","link":"https:\/\/espora13.com.br\/index.php\/2021\/04\/26\/hulk-x-cuca-a-coerencia-e-a-unica-certa-nessa-historia\/","title":{"rendered":"Hulk x Cuca. A coer\u00eancia \u00e9 a \u00fanica certa nessa hist\u00f3ria!"},"content":{"rendered":"<p>Ap\u00f3s mais uma atua\u00e7\u00e3o ruim do time comandado pelo t\u00e9cnico Cuca e um baixo rendimento do atacante Hulk. O jogador se posicionou ap\u00f3s o jogo contra o Athletic e cobrou o t\u00e9cnico Cuca por mais minutagens dentro de campo para pegar uma melhor forma f\u00edsica o quanto antes.<\/p>\n<figure id=\"attachment_4895\" aria-describedby=\"caption-attachment-4895\" style=\"width: 637px\" class=\"wp-caption aligncenter\"><img loading=\"lazy\" class=\" wp-image-4895\" src=\"https:\/\/espora13.com.br\/wp-content\/uploads\/2021\/04\/20.jpg\" alt=\"Espora 13 - Atl\u00e9tico - Galo - Entrevista do atacante Hulk sobre a falta de oportunidades dada pelo t\u00e9cnico Cuca \" width=\"637\" height=\"358\" srcset=\"https:\/\/espora13.com.br\/wp-content\/uploads\/2021\/04\/20.jpg 900w, https:\/\/espora13.com.br\/wp-content\/uploads\/2021\/04\/20-300x169.jpg 300w, https:\/\/espora13.com.br\/wp-content\/uploads\/2021\/04\/20-768x433.jpg 768w\" sizes=\"(max-width: 637px) 100vw, 637px\" \/><figcaption id=\"caption-attachment-4895\" class=\"wp-caption-text\">Foto: Reprodu\u00e7\u00e3o\/Canal Premiere<\/figcaption><\/figure>\n<p><strong>&#8220;Eu queria muito estar jogando no meu melhor n\u00edvel. Acho que n\u00e3o \u00e9 s\u00f3 voc\u00ea estar bem fisicamente. Voc\u00ea precisa de confian\u00e7a, e confian\u00e7a requer minutos jogados, requer jogos seguidos. Infelizmente, n\u00e3o estou tendo isso. Queria poder estar falando outras coisas aqui, mas temos que ser verdadeiros. Preciso de jogos, preciso de ritmo, preciso de confian\u00e7a pra poder apresentar meu melhor futebol. Desde que o professor Cuca chegou aqui, acho que n\u00e3o tive uma sequ\u00eancia de tr\u00eas, quatro jogos seguidos. \u00c9 muito dif\u00edcil&#8221; &#8211; Hulk.<\/strong><\/p>\n<p>A declara\u00e7\u00e3o do Hulk foi bastante repercutida na imprensa nacional e logo depois a declara\u00e7\u00e3o do atacante o t\u00e9cnico Cuca respondeu sobre a declara\u00e7\u00e3o do jogador.<\/p>\n<figure id=\"attachment_4896\" aria-describedby=\"caption-attachment-4896\" style=\"width: 638px\" class=\"wp-caption aligncenter\"><img loading=\"lazy\" class=\" wp-image-4896\" src=\"https:\/\/espora13.com.br\/wp-content\/uploads\/2021\/04\/21.jpg\" alt=\"Espora 13 - Atl\u00e9tico - Galo - Atl\u00e9tico-MG - Entrevista coletiva do t\u00e9cnico Cuca, falando sobre a declara\u00e7\u00e3o do atacante Hulk que queixou de continuidade de jogos no Atl\u00e9tico\" width=\"638\" height=\"356\" srcset=\"https:\/\/espora13.com.br\/wp-content\/uploads\/2021\/04\/21.jpg 850w, https:\/\/espora13.com.br\/wp-content\/uploads\/2021\/04\/21-300x167.jpg 300w, https:\/\/espora13.com.br\/wp-content\/uploads\/2021\/04\/21-768x428.jpg 768w\" sizes=\"(max-width: 638px) 100vw, 638px\" \/><figcaption id=\"caption-attachment-4896\" class=\"wp-caption-text\">Foto: Reprodu\u00e7\u00e3o\/TV Galo<\/figcaption><\/figure>\n<div class=\"mc-column content-text active-extra-styles \" data-block-type=\"unstyled\" data-block-weight=\"84\" data-block-id=\"17\">\n<p class=\"content-text__container \" data-track-category=\"Link no Texto\" data-track-links=\"\"><strong>&#8220;N\u00e3o ouvi isso (a fala de Hulk), mas ontem tive uma conversa com ele antes do treinamento. Perguntei a ele em qual posi\u00e7\u00e3o ele queria jogar. Ficou decidido que ele iria jogar de 9. Depois, no decorrer do jogo, vi que ele estava com certa dificuldade ali, e coloquei ele na ponta direita, colocando o Sasha (como centroavante), depois vi que o lateral esquerdo estava avan\u00e7ando muito e trazendo perigo para n\u00f3s. A\u00ed coloquei o Savarino na direita, voltei o Hulk para centroavante. Como eu havia prometido para ele ontem, ele iria jogar os 90 minutos, independentemente de bem ou mal, pra ele ter essa seguran\u00e7a, pra n\u00e3o ficar preocupado em ser substitu\u00eddo. Essa tranquilidade eu passei pra ele. Agora, a sequ\u00eancia de minutos \u00e9 rec\u00edproca. Voc\u00ea d\u00e1 a sequ\u00eancia de minutos quando voc\u00ea tem o jogador te dando todo o respaldo. N\u00e3o que ele n\u00e3o esteja dando o respaldo. Mas eu, junto dele, tenho o Savarino que joga por ali, tenho o Savinho, tenho o Sasha, o Vargas. Ent\u00e3o, s\u00e3o disputas que ocorrem. Eu tento ser o mais correto e coerente poss\u00edvel com todos&#8221; &#8211; Cuca<\/strong><\/p>\n<\/div>\n<p data-track-category=\"Link no Texto\" data-track-links=\"\">No dia seguinte Hulk postou um v\u00eddeo nas redes sociais tentando esclarecer mais a inten\u00e7\u00e3o da sua fala na entrevista.<\/p>\n<figure id=\"attachment_4897\" aria-describedby=\"caption-attachment-4897\" style=\"width: 284px\" class=\"wp-caption aligncenter\"><img loading=\"lazy\" class=\"size-full wp-image-4897\" src=\"https:\/\/espora13.com.br\/wp-content\/uploads\/2021\/04\/22.jpg\" alt=\"Espora 13 - Atl\u00e9tico - Galo - Atl\u00e9tico-MG - Atacante Hulk tenta esclarecer nas redes sociais sobre sua entrevista cobrando Cuca de falta de minutagens em campo \" width=\"284\" height=\"506\" srcset=\"https:\/\/espora13.com.br\/wp-content\/uploads\/2021\/04\/22.jpg 284w, https:\/\/espora13.com.br\/wp-content\/uploads\/2021\/04\/22-168x300.jpg 168w\" sizes=\"(max-width: 284px) 100vw, 284px\" \/><figcaption id=\"caption-attachment-4897\" class=\"wp-caption-text\">Foto: Reprodu\u00e7\u00e3o\/Instagram<\/figcaption><\/figure>\n<div class=\"mc-column content-text active-extra-styles \" data-block-type=\"unstyled\" data-block-weight=\"37\" data-block-id=\"4\">\n<p class=\"content-text__container \" data-track-category=\"Link no Texto\" data-track-links=\"\"><strong>&#8220;Fala, pessoal, passando aqui para esclarecer a respeito da minha entrevista que repercutiu bastante, infelizmente por um lado negativo, as pessoas criando como se eu tivesse algo contra o professor Cuca ou algo assim, jamais. Eu respeito demais o professor Cuca, respeito demais o profissional Cuca, ser humano Cuca, eu n\u00e3o tenho contra ele ou ningu\u00e9m aqui, pelo contr\u00e1rio, eu trabalho respeitando todo mundo, buscando sempre o melhor. <\/strong><\/p>\n<p class=\"content-text__container \" data-track-category=\"Link no Texto\" data-track-links=\"\"><strong>Quando eu falei a quest\u00e3o da sequ\u00eancia, \u00e9 a quest\u00e3o da confian\u00e7a, eu passei muito tempo fora do Brasil, eu voltei, s\u00e3o quase 16 anos fora ent\u00e3o isso requer tempo de adapta\u00e7\u00e3o, mas eu me cobro bastante, a cada jogo, a cada dia, para chegar no meu melhor n\u00edvel, para fazer valer todo o investimento que o Galo fez em mim, eu tenho certeza que tudo vai dar certo, vou chegar no meu melhor n\u00edvel, eu conto com voc\u00eas, s\u00f3 sucesso, com f\u00e9 em Deus&#8221; &#8211; Hulk<\/strong><\/p>\n<\/div>\n<p data-track-category=\"Link no Texto\" data-track-links=\"\">Na coletiva dessa segunda-feira (26), o zagueiro Igor Rabello comentou sobre o caso.<\/p>\n<figure id=\"attachment_4902\" aria-describedby=\"caption-attachment-4902\" style=\"width: 611px\" class=\"wp-caption aligncenter\"><img loading=\"lazy\" class=\" wp-image-4902\" src=\"https:\/\/espora13.com.br\/wp-content\/uploads\/2021\/04\/23.jpg\" alt=\"Espora 13 - Atl\u00e9tico - Galo - Atl\u00e9tico-MG - Na coletiva dessa segunda-feira (26), o zagueiro Igor Rabello comentou sobre o caso de Hulk e Cuca\" width=\"611\" height=\"342\" srcset=\"https:\/\/espora13.com.br\/wp-content\/uploads\/2021\/04\/23.jpg 849w, https:\/\/espora13.com.br\/wp-content\/uploads\/2021\/04\/23-300x168.jpg 300w, https:\/\/espora13.com.br\/wp-content\/uploads\/2021\/04\/23-768x430.jpg 768w\" sizes=\"(max-width: 611px) 100vw, 611px\" \/><figcaption id=\"caption-attachment-4902\" class=\"wp-caption-text\">Foto: Reprodu\u00e7\u00e3o\/TV Galo<\/figcaption><\/figure>\n<p data-track-category=\"Link no Texto\" data-track-links=\"\"><strong>&#8220;Entrevista p\u00f3s-jogo, no calor e na emo\u00e7\u00e3o do jogo. Talvez o Hulk possa ter se expressado mal ali na hora, ter falado, de certa forma, que pode ter sa\u00eddo como uma situa\u00e7\u00e3o ruim. Mas acho que ele j\u00e1 se explicou, falou da situa\u00e7\u00e3o, que n\u00e3o tem nada contra o Cuca. Temos uma fam\u00edlia aqui dentro. Est\u00e1 resolvido. \u00c9 um cap\u00edtulo que passou. S\u00e3o duas pessoas maravilhosas, o Cuca sempre brinca com a gente, o Hulk tamb\u00e9m, e um com outro.<\/strong><\/p>\n<p data-track-category=\"Link no Texto\" data-track-links=\"\"><strong>\u00c0s vezes acontece coisas&#8230; Ele se expressou mal e deu essa situa\u00e7\u00e3o toda, repercutiu muito. Mas est\u00e1 tudo certo entre a gente, a fam\u00edlia est\u00e1 unida para buscar grandes coisas&#8221; &#8211; Disse Igor Rabello<\/strong><\/p>\n<p data-track-category=\"Link no Texto\" data-track-links=\"\">\n<div class=\"mc-column content-text active-extra-styles \" data-block-type=\"unstyled\" data-block-weight=\"84\" data-block-id=\"17\">\n<p data-track-category=\"Link no Texto\" data-track-links=\"\">Mais quem est\u00e1 certo e quem est\u00e1 errado nessa hist\u00f3ria?<\/p>\n<p data-track-category=\"Link no Texto\" data-track-links=\"\">O fato \u00e9 que ambos est\u00e3o certos e errados em partes, em suas declara\u00e7\u00f5es.<\/p>\n<p data-track-category=\"Link no Texto\" data-track-links=\"\">Primeiro que esse tipo de entrevista n\u00e3o se pode levar para a imprensa como o Hulk mostrou sua insatisfa\u00e7\u00e3o. Se fosse assim o jogador mais injusti\u00e7ado desde que o Cuca chegou foi o meio-campo Mat\u00edas Zaracho que estava sendo destaque no in\u00edcio do Campeonato Mineiro e foi sacado sem nenhum motivo pelo t\u00e9cnico Cuca, perdendo a posi\u00e7\u00e3o para o rec\u00e9m contratado Tch\u00ea Tch\u00ea que n\u00e3o tem bons n\u00fameros e nem boas atua\u00e7\u00f5es como o argentino vinha tendo nos jogos do Atl\u00e9tico.<\/p>\n<figure id=\"attachment_4893\" aria-describedby=\"caption-attachment-4893\" style=\"width: 982px\" class=\"wp-caption aligncenter\"><img loading=\"lazy\" class=\" wp-image-4893\" src=\"https:\/\/espora13.com.br\/wp-content\/uploads\/2021\/04\/18-1.png\" alt=\"Espora 13 - Atl\u00e9tico - Galo - Atl\u00e9tico-MG - N\u00fameros de Zaracho e Tch\u00ea Tch\u00ea no Atl\u00e9tico em 2021\" width=\"982\" height=\"492\" srcset=\"https:\/\/espora13.com.br\/wp-content\/uploads\/2021\/04\/18-1.png 1363w, https:\/\/espora13.com.br\/wp-content\/uploads\/2021\/04\/18-1-300x150.png 300w, https:\/\/espora13.com.br\/wp-content\/uploads\/2021\/04\/18-1-1024x513.png 1024w, https:\/\/espora13.com.br\/wp-content\/uploads\/2021\/04\/18-1-768x385.png 768w\" sizes=\"(max-width: 982px) 100vw, 982px\" \/><figcaption id=\"caption-attachment-4893\" class=\"wp-caption-text\">Arte: AJ Designers | Divulga\u00e7\u00e3o\/Espora 13<\/figcaption><\/figure>\n<p data-track-category=\"Link no Texto\" data-track-links=\"\">Mesmo assim o Zaracho n\u00e3o foi at\u00e9 a imprensa reclamar do t\u00e9cnico Cuca por n\u00e3o estar jogando como titular em todos os jogos. Isso \u00e9 uma atitude de um profissional para n\u00e3o tumultuar o ambiente usando a imprensa. Focar no trabalho e provar para o treinador que \u00e9 capaz de ser titular, mas dentro de campo e n\u00e3o com palavras na imprensa. Nessa parte o Hulk est\u00e1 muito errado.<\/p>\n<p data-track-category=\"Link no Texto\" data-track-links=\"\">A parte em que o Hulk est\u00e1 certo \u00e9 que ele pr\u00f3prio reconhece que vem fazendo atua\u00e7\u00f5es bem abaixo do que ele pode mostrar, mas \u00e9 l\u00f3gico que ele s\u00f3 conseguir\u00e1 chegar ao seu objetivo atrav\u00e9s de um rigoroso treinamento e mostrar servi\u00e7o nos coletivos, pois nos jogos decisivos tem que jogar quem est\u00e1 melhor. Ent\u00e3o nessa parte o t\u00e9cnico Cuca est\u00e1 totalmente correto, que o jogador que tem que jogar, \u00e9 aquele que est\u00e1 em melhores condi\u00e7\u00f5es e tendo o respaldo desses jogadores para poder fazer o melhor poss\u00edvel nas escala\u00e7\u00f5es do time.<\/p>\n<p data-track-category=\"Link no Texto\" data-track-links=\"\">Agora a parte que o Cuca est\u00e1 errado \u00e9 quando ele n\u00e3o tem coer\u00eancia de fazer o mesmo na avalia\u00e7\u00e3o com o Zaracho e Tch\u00ea Tch\u00ea como j\u00e1 mostramos em n\u00fameros que o argentino tem al\u00e9m de n\u00fameros exibi\u00e7\u00f5es bem acima que o rec\u00e9m contratado. Al\u00e9m desse exemplo tem tamb\u00e9m os jogadores que n\u00e3o vem rendendo a muito tempo e que tem mais oportunidades com o Cuca como o Dylan Borrero, Hyoran e o Nathan. Sendo que o Calebe que tamb\u00e9m foi destaque no in\u00edcio do Mineiro e tem n\u00fameros bem melhores que os citados. Ou seja falta muita coer\u00eancia no que o Cuca falou na coletiva e no que ele vem praticando em jogos do Atl\u00e9tico.<\/p>\n<figure id=\"attachment_4898\" aria-describedby=\"caption-attachment-4898\" style=\"width: 696px\" class=\"wp-caption aligncenter\"><img loading=\"lazy\" class=\" wp-image-4898\" src=\"https:\/\/espora13.com.br\/wp-content\/uploads\/2021\/04\/8.jpg\" alt=\"Espora 13 - Atl\u00e9tico - Galo - Atl\u00e9tico-MG - Hulk x Cuca. A coer\u00eancia \u00e9 a \u00fanica certa nessa hist\u00f3ria!\" width=\"696\" height=\"464\" srcset=\"https:\/\/espora13.com.br\/wp-content\/uploads\/2021\/04\/8.jpg 984w, https:\/\/espora13.com.br\/wp-content\/uploads\/2021\/04\/8-300x200.jpg 300w, https:\/\/espora13.com.br\/wp-content\/uploads\/2021\/04\/8-768x511.jpg 768w, https:\/\/espora13.com.br\/wp-content\/uploads\/2021\/04\/8-177x118.jpg 177w, https:\/\/espora13.com.br\/wp-content\/uploads\/2021\/04\/8-272x182.jpg 272w\" sizes=\"(max-width: 696px) 100vw, 696px\" \/><figcaption id=\"caption-attachment-4898\" class=\"wp-caption-text\">Foto: Pedro Souza\/Atl\u00e9tico<\/figcaption><\/figure>\n<\/div>\n<p data-track-category=\"Link no Texto\" data-track-links=\"\">Por isso o mais correto de se afirmar nessa hist\u00f3ria \u00e9 que ambos est\u00e3o errados e o \u00fanico certo nessa hist\u00f3ria se chama coer\u00eancia.<\/p>\n<p data-track-category=\"Link no Texto\" data-track-links=\"\">N\u00e3o \u00e9 segredo pra ningu\u00e9m que tanto o Hulk como o Cuca est\u00e3o devendo e muito no Atl\u00e9tico. Ambos est\u00e3o bastante pressionados e cobrados pela torcida com toda raz\u00e3o. Mas agora \u00e9 o momento do Diretor de Futebol Rodrigo Caetano conversar com ambos e tentar solucionar essa hist\u00f3ria da melhor forma poss\u00edvel, pois nessa ter\u00e7a-feira j\u00e1 temos uma decis\u00e3o na Copa Libertadores da Am\u00e9rica contra o Am\u00e9rica de Cali.<\/p>\n<p data-track-category=\"Link no Texto\" data-track-links=\"\">Ent\u00e3o o momento dentro do Atl\u00e9tico para tentar da a volta por cima, a palavra chave tem que ser uni\u00e3o e respeito entre eles e ser coerente em suas decis\u00f5es e em suas falas perante a imprensa e a torcida do Atl\u00e9tico.<\/p>\n<p data-track-category=\"Link no Texto\" data-track-links=\"\">N\u00e3o \u00e9 hora para rachar o vesti\u00e1rio, \u00e9 hora de uni\u00e3o, pois todos ser\u00e3o cobrados com os resultados e o trabalho que eles vem realizando.<\/p>\n<p data-track-category=\"Link no Texto\" data-track-links=\"\">Foco no futebol Hulk e Cuca!<\/p>\n<p>Para mais informa\u00e7\u00f5es do Atl\u00e9tico e da nova camisa do Galo, siga o Espora 13 nas redes sociais:<\/p>\n<div data-offset-key=\"4bstq-0-0\"><a href=\"https:\/\/twitter.com\/Espora13\" target=\"_blank\" rel=\"noopener noreferrer\">Clica e Siga no Twitter<\/a><\/div>\n<div class=\"\" data-block=\"true\" data-editor=\"8nssr\" data-offset-key=\"4bstq-0-0\">\n<div data-offset-key=\"4bstq-0-0\"><a href=\"https:\/\/www.facebook.com\/espora13oficial\" target=\"_blank\" rel=\"noopener noreferrer\">Clica e Siga no\u00a0Facebook<\/a><\/div>\n<div data-offset-key=\"4bstq-0-0\"><a href=\"https:\/\/www.instagram.com\/espora13\/\" target=\"_blank\" rel=\"noopener noreferrer\">Clica e Siga no Instagram<\/a><\/div>\n<div data-offset-key=\"4bstq-0-0\"><a href=\"https:\/\/www.twitch.tv\/espora13\" target=\"_blank\" rel=\"noopener noreferrer\">Clica e Siga na Twitch<\/a><\/div>\n<div data-offset-key=\"4bstq-0-0\"><a href=\"https:\/\/open.spotify.com\/user\/5ljo01qd7to5rzprw8tpdkwg6?si=IJ9LRCfKTQGzLaiI_pSo4w\" target=\"_blank\" rel=\"noopener noreferrer\">Clica e Siga no Spotify<\/a><\/div>\n<div data-offset-key=\"4bstq-0-0\"><a href=\"https:\/\/vm.tiktok.com\/ZMJWsH9ua\/\" target=\"_blank\" rel=\"noopener noreferrer\">Clica e Siga no Tik Tok<\/a><\/div>\n<div data-offset-key=\"4bstq-0-0\"><a href=\"https:\/\/www.youtube.com\/tvespora13\" target=\"_blank\" rel=\"noopener noreferrer\">Inscreva-se no canal do youtube TV Espora 13<\/a><\/div>\n<div data-offset-key=\"4bstq-0-0\"><\/div>\n<\/div>\n<div class=\"\" data-block=\"true\" data-editor=\"8nssr\" data-offset-key=\"5qnvf-0-0\">\n<div class=\"_1mf _1mj\" data-offset-key=\"5qnvf-0-0\">\n<p><span data-offset-key=\"5qnvf-0-0\">Esporada neles Galooooooooooooo!!!<\/span><\/p>\n<\/div>\n<\/div>\n","protected":false},"excerpt":{"rendered":"<p>Ap\u00f3s mais uma atua\u00e7\u00e3o ruim do time comandado pelo t\u00e9cnico Cuca e um baixo rendimento do atacante Hulk. O jogador<\/p>\n","protected":false},"author":8,"featured_media":4894,"comment_status":"open","ping_status":"open","sticky":false,"template":"","format":"standard","meta":[],"categories":[22],"tags":[],"_links":{"self":[{"href":"https:\/\/espora13.com.br\/index.php\/wp-json\/wp\/v2\/posts\/4891"}],"collection":[{"href":"https:\/\/espora13.com.br\/index.php\/wp-json\/wp\/v2\/posts"}],"about":[{"href":"https:\/\/espora13.com.br\/index.php\/wp-json\/wp\/v2\/types\/post"}],"author":[{"embeddable":true,"href":"https:\/\/espora13.com.br\/index.php\/wp-json\/wp\/v2\/users\/8"}],"replies":[{"embeddable":true,"href":"https:\/\/espora13.com.br\/index.php\/wp-json\/wp\/v2\/comments?post=4891"}],"version-history":[{"count":3,"href":"https:\/\/espora13.com.br\/index.php\/wp-json\/wp\/v2\/posts\/4891\/revisions"}],"predecessor-version":[{"id":4903,"href":"https:\/\/espora13.com.br\/index.php\/wp-json\/wp\/v2\/posts\/4891\/revisions\/4903"}],"wp:featuredmedia":[{"embeddable":true,"href":"https:\/\/espora13.com.br\/index.php\/wp-json\/wp\/v2\/media\/4894"}],"wp:attachment":[{"href":"https:\/\/espora13.com.br\/index.php\/wp-json\/wp\/v2\/media?parent=4891"}],"wp:term":[{"taxonomy":"category","embeddable":true,"href":"https:\/\/espora13.com.br\/index.php\/wp-json\/wp\/v2\/categories?post=4891"},{"taxonomy":"post_tag","embeddable":true,"href":"https:\/\/espora13.com.br\/index.php\/wp-json\/wp\/v2\/tags?post=4891"}],"curies":[{"name":"wp","href":"https:\/\/api.w.org\/{rel}","templated":true}]}}