{"id":5120,"date":"2021-05-29T13:30:36","date_gmt":"2021-05-29T16:30:36","guid":{"rendered":"http:\/\/espora13.com.br\/?p=5120"},"modified":"2021-05-29T13:34:10","modified_gmt":"2021-05-29T16:34:10","slug":"especialista-garante-que-o-atletico-esta-negociando-com-o-grupo-city-a-venda-do-jovem-savinho-diretor-de-futebol-rodrigo-caetano-nega-negociacao","status":"publish","type":"post","link":"https:\/\/espora13.com.br\/index.php\/2021\/05\/29\/especialista-garante-que-o-atletico-esta-negociando-com-o-grupo-city-a-venda-do-jovem-savinho-diretor-de-futebol-rodrigo-caetano-nega-negociacao\/","title":{"rendered":"Especialista garante que o Atl\u00e9tico est\u00e1 negociando com o Grupo City a venda do jovem Savinho. Diretor de Futebol Rodrigo Caetano nega negocia\u00e7\u00e3o"},"content":{"rendered":"<div class=\"\" data-block=\"true\" data-editor=\"coepi\" data-offset-key=\"22tgp-0-0\">\n<div class=\"_1mf _1mj\" data-offset-key=\"22tgp-0-0\"><span data-offset-key=\"22tgp-0-0\">Nesta \u00faltima sexta-feira (28), em uma Live no Youtube no canal Olheiros o especialista Carlos Santana, um dos nomes mais respeitados das <\/span><span data-offset-key=\"22tgp-1-0\">categorias<\/span><span data-offset-key=\"22tgp-2-0\"> de base do Brasil, revelou que o atacante Savinho est\u00e1 sendo negociado pelo Atl\u00e9tico ao Grupo City (City Football Group).<\/span><\/div>\n<\/div>\n<div class=\"\" data-block=\"true\" data-editor=\"coepi\" data-offset-key=\"3q88b-0-0\">\n<div class=\"_1mf _1mj\" data-offset-key=\"3q88b-0-0\"><span data-offset-key=\"3q88b-0-0\">O Grupo City (CFG) \u00e9 administrado pelo Manchester City que possui tamb\u00e9m uma rede de clubes pelo mundo como New York City (Estados Unidos), Melbourne City FC (Austr\u00e1lia), Yokohama F. Marinos (Jap\u00e3o), Montevideo City Torque (Uruguai), Girona (Espanha), Sichuan Jiuniu (China), Mumbai City (\u00cdndia), Lommel SK (B\u00e9lgica).<\/span><\/div>\n<\/div>\n<div data-offset-key=\"3q88b-0-0\"><\/div>\n<div data-offset-key=\"3q88b-0-0\">\n<figure id=\"attachment_5122\" aria-describedby=\"caption-attachment-5122\" style=\"width: 597px\" class=\"wp-caption aligncenter\"><img loading=\"lazy\" class=\" wp-image-5122\" src=\"https:\/\/espora13.com.br\/wp-content\/uploads\/2021\/05\/76.jpg\" alt=\"Espora 13 - Atl\u00e9tico - Galo - Atl\u00e9tico-MG - Especialista garante que o Atl\u00e9tico est\u00e1 negociando com o Grupo City a venda do jovem Savinho. Diretor de Futebol Rodrigo Caetano nega negocia\u00e7\u00e3o\" width=\"597\" height=\"335\" srcset=\"https:\/\/espora13.com.br\/wp-content\/uploads\/2021\/05\/76.jpg 878w, https:\/\/espora13.com.br\/wp-content\/uploads\/2021\/05\/76-300x168.jpg 300w, https:\/\/espora13.com.br\/wp-content\/uploads\/2021\/05\/76-768x430.jpg 768w\" sizes=\"(max-width: 597px) 100vw, 597px\" \/><figcaption id=\"caption-attachment-5122\" class=\"wp-caption-text\">Foto: Reprodu\u00e7\u00e3o\/Canal Olheiros<\/figcaption><\/figure>\n<\/div>\n<div class=\"\" data-block=\"true\" data-editor=\"coepi\" data-offset-key=\"7q0jr-0-0\">\n<div class=\"_1mf _1mj\" data-offset-key=\"7q0jr-0-0\"><span data-offset-key=\"7q0jr-0-0\">\u00a0<\/span><\/div>\n<\/div>\n<div class=\"\" data-block=\"true\" data-editor=\"coepi\" data-offset-key=\"15l9c-0-0\">\n<div class=\"_1mf _1mj\" data-offset-key=\"15l9c-0-0\"><span data-offset-key=\"15l9c-0-0\">Na live no <a href=\"https:\/\/www.youtube.com\/watch?v=Jqx7YFYl_FY\" target=\"_blank\" rel=\"noopener\">canal Olheiros<\/a> Carlos Santana disse:<\/span><\/div>\n<\/div>\n<div class=\"\" data-block=\"true\" data-editor=\"coepi\" data-offset-key=\"4s8or-0-0\">\n<div class=\"_1mf _1mj\" data-offset-key=\"4s8or-0-0\"><span data-offset-key=\"4s8or-0-0\">\u00a0<\/span><\/div>\n<\/div>\n<div class=\"\" data-block=\"true\" data-editor=\"coepi\" data-offset-key=\"bs9j2-0-0\">\n<div class=\"_1mf _1mj\" data-offset-key=\"bs9j2-0-0\"><span data-offset-key=\"bs9j2-0-0\">&#8220;Savinho est\u00e1 vendido. S\u00f3 n\u00e3o noticiaram, n\u00e3o sei porqu\u00ea. Mas est\u00e1 vendido ao Grupo City. Problema que ele n\u00e3o pode (sair agora). Ele tem 17 anos&#8221;.<\/span><\/div>\n<\/div>\n<div data-offset-key=\"bs9j2-0-0\"><\/div>\n<div data-offset-key=\"bs9j2-0-0\">\n<figure id=\"attachment_5123\" aria-describedby=\"caption-attachment-5123\" style=\"width: 521px\" class=\"wp-caption aligncenter\"><img loading=\"lazy\" class=\" wp-image-5123\" src=\"https:\/\/espora13.com.br\/wp-content\/uploads\/2021\/05\/51151547608-92579b9255-h.jpg\" alt=\"Espora 13 - Atl\u00e9tico - Galo - Atl\u00e9tico-MG - Especialista garante que o Atl\u00e9tico est\u00e1 negociando com o Grupo City a venda do jovem Savinho. Diretor de Futebol Rodrigo Caetano nega negocia\u00e7\u00e3o\" width=\"521\" height=\"521\" srcset=\"https:\/\/espora13.com.br\/wp-content\/uploads\/2021\/05\/51151547608-92579b9255-h.jpg 984w, https:\/\/espora13.com.br\/wp-content\/uploads\/2021\/05\/51151547608-92579b9255-h-300x300.jpg 300w, https:\/\/espora13.com.br\/wp-content\/uploads\/2021\/05\/51151547608-92579b9255-h-150x150.jpg 150w, https:\/\/espora13.com.br\/wp-content\/uploads\/2021\/05\/51151547608-92579b9255-h-768x768.jpg 768w\" sizes=\"(max-width: 521px) 100vw, 521px\" \/><figcaption id=\"caption-attachment-5123\" class=\"wp-caption-text\">Foto: Pedro Souza \/ Atl\u00e9tico<\/figcaption><\/figure>\n<\/div>\n<div class=\"\" data-block=\"true\" data-editor=\"coepi\" data-offset-key=\"3dmbk-0-0\">\n<div class=\"_1mf _1mj\" data-offset-key=\"3dmbk-0-0\"><span data-offset-key=\"3dmbk-0-0\">\u00a0<\/span><\/div>\n<\/div>\n<div class=\"\" data-block=\"true\" data-editor=\"coepi\" data-offset-key=\"2mocp-0-0\">\n<div class=\"_1mf _1mj\" data-offset-key=\"2mocp-0-0\"><span data-offset-key=\"2mocp-0-0\">O Diretor de Futebol do Atl\u00e9tico, Rodrigo Caetano se manifestou sobre o assunto, negando a negocia\u00e7\u00e3o da joia da base alvinegra.<\/span><\/div>\n<\/div>\n<div class=\"\" data-block=\"true\" data-editor=\"coepi\" data-offset-key=\"8dm3s-0-0\">\n<div class=\"_1mf _1mj\" data-offset-key=\"8dm3s-0-0\"><span data-offset-key=\"8dm3s-0-0\">\u00a0<\/span><\/div>\n<\/div>\n<div class=\"\" data-block=\"true\" data-editor=\"coepi\" data-offset-key=\"92f75-0-0\">\n<div class=\"_1mf _1mj\" data-offset-key=\"92f75-0-0\"><span data-offset-key=\"92f75-0-0\">&#8220;Nenhuma negocia\u00e7\u00e3o em curso! Zero. Pelo menos que eu saiba, nenhuma mesmo. Pelo menos, nesse momento&#8221;, afirmou Rodrigo Caetano.<\/span><\/div>\n<\/div>\n<div class=\"\" data-block=\"true\" data-editor=\"coepi\" data-offset-key=\"73j74-0-0\">\n<div class=\"_1mf _1mj\" data-offset-key=\"73j74-0-0\"><span data-offset-key=\"73j74-0-0\">\u00a0<\/span><\/div>\n<\/div>\n<div class=\"\" data-block=\"true\" data-editor=\"coepi\" data-offset-key=\"7vpov-0-0\">\n<div class=\"_1mf _1mj\" data-offset-key=\"7vpov-0-0\"><span data-offset-key=\"7vpov-0-0\">Jovem prod\u00edgio Savinho subiu para a equipe do profissional do Atl\u00e9tico logo aos 16 anos, quando o Galo ainda tinha o t\u00e9cnico Jorge Sampaoli. O jogador chamou aten\u00e7\u00e3o do argentino e chegou a jogar alguns jogos com o Sampaoli.<\/span><\/div>\n<\/div>\n<div class=\"\" data-block=\"true\" data-editor=\"coepi\" data-offset-key=\"68ege-0-0\">\n<div class=\"_1mf _1mj\" data-offset-key=\"68ege-0-0\"><span data-offset-key=\"68ege-0-0\">Atualmente Savinho vem tendo poucas oportunidades com o t\u00e9cnico Cuca, que vem dando mais oportunidades para jogadores mais experientes improvisados na ponta direita do ataque atleticano, como o chileno Eduardo Vargas que chegou a jogar alguns jogos substituindo o venezuelano Jefferson Savarino.<\/span><\/div>\n<\/div>\n<div class=\"\" data-block=\"true\" data-editor=\"coepi\" data-offset-key=\"1fh82-0-0\">\n<div class=\"_1mf _1mj\" data-offset-key=\"1fh82-0-0\"><span data-offset-key=\"1fh82-0-0\">Na atual temporada, Savinho jogou sete partidas, mas n\u00e3o bala\u00e7ou as redes. Boa parte da torcida esperava que ele teria mais minutagens no Campeonato Mineiro, o que ajudaria bastante para o jogador maturar e at\u00e9 se valorizar no mercado.<\/span><\/div>\n<\/div>\n<div class=\"\" data-block=\"true\" data-editor=\"coepi\" data-offset-key=\"bgehe-0-0\">\n<div class=\"_1mf _1mj\" data-offset-key=\"bgehe-0-0\"><span data-offset-key=\"bgehe-0-0\">Lembrando tamb\u00e9m que se o Savinho for realmente negociado, o jogador n\u00e3o ir\u00e1 deixar o Atl\u00e9tico de imediato e sim na pr\u00f3xima temporada quando completar\u00e1 18 anos.<\/span><\/div>\n<\/div>\n<div data-offset-key=\"bgehe-0-0\"><\/div>\n<div data-offset-key=\"bgehe-0-0\">\n<figure id=\"attachment_5124\" aria-describedby=\"caption-attachment-5124\" style=\"width: 620px\" class=\"wp-caption aligncenter\"><img loading=\"lazy\" class=\"size-full wp-image-5124\" src=\"https:\/\/espora13.com.br\/wp-content\/uploads\/2021\/05\/50449714982_ebf69a46d8_c.jpg\" alt=\"Espora 13 - Atl\u00e9tico - Galo - Atl\u00e9tico-MG - Especialista garante que o Atl\u00e9tico est\u00e1 negociando com o Grupo City a venda do jovem Savinho. Diretor de Futebol Rodrigo Caetano nega negocia\u00e7\u00e3o\" width=\"620\" height=\"412\" srcset=\"https:\/\/espora13.com.br\/wp-content\/uploads\/2021\/05\/50449714982_ebf69a46d8_c.jpg 620w, https:\/\/espora13.com.br\/wp-content\/uploads\/2021\/05\/50449714982_ebf69a46d8_c-300x199.jpg 300w, https:\/\/espora13.com.br\/wp-content\/uploads\/2021\/05\/50449714982_ebf69a46d8_c-177x118.jpg 177w, https:\/\/espora13.com.br\/wp-content\/uploads\/2021\/05\/50449714982_ebf69a46d8_c-272x182.jpg 272w\" sizes=\"(max-width: 620px) 100vw, 620px\" \/><figcaption id=\"caption-attachment-5124\" class=\"wp-caption-text\">Foto: Pedro Souza \/ Atl\u00e9tico<\/figcaption><\/figure>\n<\/div>\n<div class=\"\" data-block=\"true\" data-editor=\"coepi\" data-offset-key=\"6o406-0-0\">\n<div class=\"_1mf _1mj\" data-offset-key=\"6o406-0-0\"><span data-offset-key=\"6o406-0-0\">\u00a0<\/span><\/div>\n<\/div>\n<div class=\"\" data-block=\"true\" data-editor=\"coepi\" data-offset-key=\"7n5d5-0-0\">\n<div class=\"_1mf _1mj\" data-offset-key=\"7n5d5-0-0\"><span data-offset-key=\"7n5d5-0-0\">Savinho subiu ao profissional na \u00faltima temporada. Ent\u00e3o com 16 anos, o jogador chamou a aten\u00e7\u00e3o de Jorge Sampaoli. Na atual temporada, Savinho foi mantido no grupo principal por Cuca, mas vem tendo poucas chances. Em 2021, fez sete jogos e n\u00e3o marcou gol. Ano passado, fez oito jogos e tamb\u00e9m n\u00e3o balan\u00e7ou as redes.<\/span><\/div>\n<\/div>\n<div data-offset-key=\"7n5d5-0-0\"><\/div>\n<div data-offset-key=\"7n5d5-0-0\">\n<figure id=\"attachment_5125\" aria-describedby=\"caption-attachment-5125\" style=\"width: 612px\" class=\"wp-caption aligncenter\"><img loading=\"lazy\" class=\" wp-image-5125\" src=\"https:\/\/espora13.com.br\/wp-content\/uploads\/2021\/05\/city-football-group-equipos.jpg\" alt=\"Espora 13 - Atl\u00e9tico - Galo - Atl\u00e9tico-MG - Especialista garante que o Atl\u00e9tico est\u00e1 negociando com o Grupo City a venda do jovem Savinho. Diretor de Futebol Rodrigo Caetano nega negocia\u00e7\u00e3o\" width=\"612\" height=\"344\" srcset=\"https:\/\/espora13.com.br\/wp-content\/uploads\/2021\/05\/city-football-group-equipos.jpg 1024w, https:\/\/espora13.com.br\/wp-content\/uploads\/2021\/05\/city-football-group-equipos-300x169.jpg 300w, https:\/\/espora13.com.br\/wp-content\/uploads\/2021\/05\/city-football-group-equipos-768x432.jpg 768w\" sizes=\"(max-width: 612px) 100vw, 612px\" \/><figcaption id=\"caption-attachment-5125\" class=\"wp-caption-text\">Foto: Divulga\u00e7\u00e3o<\/figcaption><\/figure>\n<\/div>\n<div class=\"\" data-block=\"true\" data-editor=\"coepi\" data-offset-key=\"85b0q-0-0\">\n<div class=\"_1mf _1mj\" data-offset-key=\"85b0q-0-0\"><span data-offset-key=\"85b0q-0-0\">\u00a0<\/span><\/div>\n<\/div>\n<div class=\"\" data-block=\"true\" data-editor=\"coepi\" data-offset-key=\"1b8du-0-0\">\n<div class=\"_1mf _1mj\" data-offset-key=\"1b8du-0-0\"><span data-offset-key=\"1b8du-0-0\">O Grupo City est\u00e1 sempre muito atento ao mercado de jovens atletas. Recentemente o Fluminense negociou o jovem Kayky com CFG e poder\u00e1 render ao Tricolor carioca um total de at\u00e9 \u20ac26 milh\u00f5es de euros (R$ 174 milh\u00f5es). O Manchester City adquiriu 80% dos direitos econ\u00f4micos do jogador por \u20ac10 milh\u00f5es de euros fixos mais b\u00f4nus e obriga\u00e7\u00f5es de at\u00e9 \u20ac16 milh\u00f5es de euros. O acordo foi firmado entre os clubes em fevereiro desse ano, quando Kayky ainda n\u00e3o tinha estreado pelo time profissional. Uma exig\u00eancia da diretoria do Fluminense foi que Kayky, mesmo completando 18 anos em junho, ficasse no Brasil pelo menos uma temporada para jogar a Libertadores e o Brasileir\u00e3o.<\/span><\/div>\n<div data-offset-key=\"1b8du-0-0\"><\/div>\n<\/div>\n<div class=\"\" data-block=\"true\" data-editor=\"coepi\" data-offset-key=\"aql4s-0-0\">\n<div class=\"_1mf _1mj\" data-offset-key=\"aql4s-0-0\"><span data-offset-key=\"aql4s-0-0\">Com valores elevados isso poderia acelerar o processo de uma poss\u00edvel negocia\u00e7\u00e3o do atacante Savinho. Pois assim como todos clubes do Brasil que vivem atualmente a crise na pandemia, com receitas bem reduzidas, a venda do jovem atacante poderia ajudar a equilibrar as contas do Atl\u00e9tico.<\/span><\/div>\n<\/div>\n<div class=\"\" data-block=\"true\" data-editor=\"coepi\" data-offset-key=\"6q7cp-0-0\">\n<div class=\"_1mf _1mj\" data-offset-key=\"6q7cp-0-0\"><span data-offset-key=\"6q7cp-0-0\">Mas ser\u00e1 que vale a pena vender uma joia da base agora? Ou ser\u00e1 que seria melhor dar mais oportunidades para Savinho ficar mais valorizado no mercado? Muitas perguntas que s\u00f3 o tempo dar\u00e1 a real resposta.<\/span><\/div>\n<\/div>\n<div data-offset-key=\"6q7cp-0-0\"><\/div>\n<div data-offset-key=\"6q7cp-0-0\">\n<figure id=\"attachment_5126\" aria-describedby=\"caption-attachment-5126\" style=\"width: 720px\" class=\"wp-caption aligncenter\"><img loading=\"lazy\" class=\" wp-image-5126\" src=\"https:\/\/espora13.com.br\/wp-content\/uploads\/2021\/05\/77.jpg\" alt=\"Espora 13 - Atl\u00e9tico - Galo - Atl\u00e9tico-MG - Especialista garante que o Atl\u00e9tico est\u00e1 negociando com o Grupo City a venda do jovem Savinho. Diretor de Futebol Rodrigo Caetano nega negocia\u00e7\u00e3o\" width=\"720\" height=\"403\" srcset=\"https:\/\/espora13.com.br\/wp-content\/uploads\/2021\/05\/77.jpg 849w, https:\/\/espora13.com.br\/wp-content\/uploads\/2021\/05\/77-300x167.jpg 300w, https:\/\/espora13.com.br\/wp-content\/uploads\/2021\/05\/77-768x429.jpg 768w\" sizes=\"(max-width: 720px) 100vw, 720px\" \/><figcaption id=\"caption-attachment-5126\" class=\"wp-caption-text\">Foto: Reprodu\u00e7\u00e3o\/Espora 13<\/figcaption><\/figure>\n<div data-offset-key=\"6q7cp-0-0\"><\/div>\n<div data-offset-key=\"6q7cp-0-0\">No <a href=\"https:\/\/www.youtube.com\/watch?v=xTiBv26MJvE\" target=\"_blank\" rel=\"noopener\">programa Espora Galo da \u00faltima sexta-feira\u00a0 no canal do Espora 13 no youtube<\/a>, <a href=\"https:\/\/twitter.com\/LeoAJ13\" target=\"_blank\" rel=\"noopener\">L\u00e9o AJ<\/a>, <a href=\"https:\/\/twitter.com\/chrisperdigao13\" target=\"_blank\" rel=\"noopener\">Chris Perdig\u00e3o<\/a>, <a href=\"https:\/\/twitter.com\/Berto2367\" target=\"_blank\" rel=\"noopener\">Jonatas Berto<\/a> e <a href=\"https:\/\/twitter.com\/ROBERTJSDIAS\" target=\"_blank\" rel=\"noopener\">Robert Dias<\/a> comentaram sobre essa poss\u00edvel venda do atacante Savinho. <a href=\"https:\/\/www.youtube.com\/watch?v=xTiBv26MJvE\" target=\"_blank\" rel=\"noopener\">Assista a Live e se inscreva no canal TV Espora 13<\/a>.<\/div>\n<p data-block=\"true\" data-editor=\"coepi\" data-offset-key=\"ae1fl-0-0\">\n<div data-block=\"true\" data-editor=\"coepi\" data-offset-key=\"ae1fl-0-0\">\n<p>Para mais informa\u00e7\u00f5es do Atl\u00e9tico, siga o Espora 13 nas redes sociais:<\/p>\n<div data-offset-key=\"4bstq-0-0\"><a href=\"https:\/\/twitter.com\/Espora13\" target=\"_blank\" rel=\"noopener noreferrer\">Clica e Siga no Twitter<\/a><\/div>\n<div class=\"\" data-block=\"true\" data-editor=\"8nssr\" data-offset-key=\"4bstq-0-0\">\n<div data-offset-key=\"4bstq-0-0\"><a href=\"https:\/\/www.facebook.com\/espora13oficial\" target=\"_blank\" rel=\"noopener noreferrer\">Clica e Siga no\u00a0Facebook<\/a><\/div>\n<div data-offset-key=\"4bstq-0-0\"><a href=\"https:\/\/www.instagram.com\/espora13\/\" target=\"_blank\" rel=\"noopener noreferrer\">Clica e Siga no Instagram<\/a><\/div>\n<div data-offset-key=\"4bstq-0-0\"><a href=\"https:\/\/www.twitch.tv\/espora13\" target=\"_blank\" rel=\"noopener noreferrer\">Clica e Siga na Twitch<\/a><\/div>\n<div data-offset-key=\"4bstq-0-0\"><a href=\"https:\/\/open.spotify.com\/user\/5ljo01qd7to5rzprw8tpdkwg6?si=IJ9LRCfKTQGzLaiI_pSo4w\" target=\"_blank\" rel=\"noopener noreferrer\">Clica e Siga no Spotify<\/a><\/div>\n<div data-offset-key=\"4bstq-0-0\"><a href=\"https:\/\/vm.tiktok.com\/ZMJWsH9ua\/\" target=\"_blank\" rel=\"noopener noreferrer\">Clica e Siga no Tik Tok<\/a><\/div>\n<div data-offset-key=\"4bstq-0-0\"><a href=\"https:\/\/www.youtube.com\/tvespora13\" target=\"_blank\" rel=\"noopener noreferrer\">Inscreva-se no canal do youtube TV Espora 13<\/a><\/div>\n<p data-offset-key=\"4bstq-0-0\">\n<\/div>\n<div class=\"\" data-block=\"true\" data-editor=\"8nssr\" data-offset-key=\"5qnvf-0-0\">\n<div class=\"_1mf _1mj\" data-offset-key=\"5qnvf-0-0\">\n<p><span data-offset-key=\"5qnvf-0-0\">Esporada neles Galooooooooooooo!!!<\/span><\/p>\n<\/div>\n<\/div>\n<\/div>\n<\/div>\n","protected":false},"excerpt":{"rendered":"<p>Nesta \u00faltima sexta-feira (28), em uma Live no Youtube no canal Olheiros o especialista Carlos Santana, um dos nomes mais<\/p>\n","protected":false},"author":8,"featured_media":5121,"comment_status":"open","ping_status":"open","sticky":false,"template":"","format":"standard","meta":[],"categories":[83],"tags":[],"_links":{"self":[{"href":"https:\/\/espora13.com.br\/index.php\/wp-json\/wp\/v2\/posts\/5120"}],"collection":[{"href":"https:\/\/espora13.com.br\/index.php\/wp-json\/wp\/v2\/posts"}],"about":[{"href":"https:\/\/espora13.com.br\/index.php\/wp-json\/wp\/v2\/types\/post"}],"author":[{"embeddable":true,"href":"https:\/\/espora13.com.br\/index.php\/wp-json\/wp\/v2\/users\/8"}],"replies":[{"embeddable":true,"href":"https:\/\/espora13.com.br\/index.php\/wp-json\/wp\/v2\/comments?post=5120"}],"version-history":[{"count":4,"href":"https:\/\/espora13.com.br\/index.php\/wp-json\/wp\/v2\/posts\/5120\/revisions"}],"predecessor-version":[{"id":5130,"href":"https:\/\/espora13.com.br\/index.php\/wp-json\/wp\/v2\/posts\/5120\/revisions\/5130"}],"wp:featuredmedia":[{"embeddable":true,"href":"https:\/\/espora13.com.br\/index.php\/wp-json\/wp\/v2\/media\/5121"}],"wp:attachment":[{"href":"https:\/\/espora13.com.br\/index.php\/wp-json\/wp\/v2\/media?parent=5120"}],"wp:term":[{"taxonomy":"category","embeddable":true,"href":"https:\/\/espora13.com.br\/index.php\/wp-json\/wp\/v2\/categories?post=5120"},{"taxonomy":"post_tag","embeddable":true,"href":"https:\/\/espora13.com.br\/index.php\/wp-json\/wp\/v2\/tags?post=5120"}],"curies":[{"name":"wp","href":"https:\/\/api.w.org\/{rel}","templated":true}]}}