{"id":5132,"date":"2021-06-01T23:16:36","date_gmt":"2021-06-02T02:16:36","guid":{"rendered":"http:\/\/espora13.com.br\/?p=5132"},"modified":"2021-06-02T11:39:57","modified_gmt":"2021-06-02T14:39:57","slug":"no-para-galo-faz-sua-estreia-na-copa-do-brasil-contra-o-remo","status":"publish","type":"post","link":"https:\/\/espora13.com.br\/index.php\/2021\/06\/01\/no-para-galo-faz-sua-estreia-na-copa-do-brasil-contra-o-remo\/","title":{"rendered":"No Par\u00e1, Galo faz sua estreia na Copa do Brasil contra o Remo"},"content":{"rendered":"<figure id=\"attachment_5133\" aria-describedby=\"caption-attachment-5133\" style=\"width: 2047px\" class=\"wp-caption aligncenter\"><img loading=\"lazy\" class=\"size-full wp-image-5133\" src=\"https:\/\/espora13.com.br\/wp-content\/uploads\/2021\/06\/51218110247_7e31041283_k.jpg\" alt=\"Espora 13 - Atl\u00e9tico - Galo - Atl\u00e9tico-MG -\" width=\"2047\" height=\"1365\" srcset=\"https:\/\/espora13.com.br\/wp-content\/uploads\/2021\/06\/51218110247_7e31041283_k.jpg 2047w, https:\/\/espora13.com.br\/wp-content\/uploads\/2021\/06\/51218110247_7e31041283_k-300x200.jpg 300w, https:\/\/espora13.com.br\/wp-content\/uploads\/2021\/06\/51218110247_7e31041283_k-1024x683.jpg 1024w, https:\/\/espora13.com.br\/wp-content\/uploads\/2021\/06\/51218110247_7e31041283_k-768x512.jpg 768w, https:\/\/espora13.com.br\/wp-content\/uploads\/2021\/06\/51218110247_7e31041283_k-1536x1024.jpg 1536w, https:\/\/espora13.com.br\/wp-content\/uploads\/2021\/06\/51218110247_7e31041283_k-177x118.jpg 177w, https:\/\/espora13.com.br\/wp-content\/uploads\/2021\/06\/51218110247_7e31041283_k-272x182.jpg 272w\" sizes=\"(max-width: 2047px) 100vw, 2047px\" \/><figcaption id=\"caption-attachment-5133\" class=\"wp-caption-text\">Foto: Pedro Souza\/Atl\u00e9tico<\/figcaption><\/figure>\n<p>&nbsp;<\/p>\n<p>\u00c9 dia de Galo!!<\/p>\n<p>Dia de jogo decisivo!<\/p>\n<p>Dia de iniciar a campanha em busca da Copa do Brasil!<\/p>\n<p>\u00c9 mata-mata!<\/p>\n<p>A quarta feira,02, \u00e9 dia de Clube Atl\u00e9tico Mineiro, na Copa do Brasil. O Galo vai \u00e0 campo, \u00e0s 19:00 hrs (Bras\u00edlia), no Est\u00e1dio Baen\u00e3o, no Par\u00e1, diante da equipe do Remo, no primeiro duelo decisivo pela terceira fase da Copa do Brasil 2021.<\/p>\n<p>O Remo vive boa fase nas ultimas temporadas, promovido a s\u00e9rie B do Brasileir\u00e3o, a equipe do t\u00e9cnico Paulo Bonamigo deve manter uma base que vem de longa sequencia de vit\u00f3rias na temporada, a estreia na s\u00e9rie B veio com um empate no ultimo s\u00e1bado contra a equipe do CRB, Felipe Gedoz \u00e9 a refer\u00eancia do time, que atua de forma mais ofensiva e n\u00e3o deve se intimidar diante de uma das principais equipes do pa\u00eds, o duelo \u00e9 eliminat\u00f3rio e para a equipe do Par\u00e1 a palavra de ordem \u00e9 buscar vencer e ser uma grata surpresa na Copa.<\/p>\n<p>J\u00e1 o Galo volta a campo, ap\u00f3s derrota amarga em sua estreia do Brasileir\u00e3o. Levou uma virada no fim, e interrompeu uma boa sequencia de vit\u00f3rias que o time vinha tendo.O t\u00e9cnico Cuca perdeu algumas pe\u00e7as importantes\u00a0 para confronto, devido as v\u00e1rias convoca\u00e7\u00f5es de jogadores alvinegros para suas respectivas sele\u00e7\u00f5es, e veremos um time diferente em campo nesta quarta-feira no Par\u00e1, a defesa ser\u00e1 a principal mudan\u00e7a no time, Arana, Guga e Alonso, est\u00e3o fora e d\u00e3o espa\u00e7o para Dod\u00f4, Rever e Mariano, Sasha e Savinho brigam pela vaga na ponta direita que pertence a Savarino, assim como podemos ver Hyoran e Nathan ganhando esta zaga e liberando mais o meia Nacho no comando das a\u00e7\u00f5es de ataque do time. Hulk segue como destaque, assim como Marrony ter\u00e1 nova chance e precisa aproveitar melhor as oportunidades na aus\u00eancia de Keno. O time sabe que n\u00e3o pode vacilar, o duelo \u00e9 eliminat\u00f3rio e j\u00e1 vimos v\u00e1rias surpresas nesta competi\u00e7\u00e3o, este elenco foi montado para ser campe\u00e3o e precisa estar \u201ccalejado\u201d nessas fases de \u201ctudo ou nada\u201d, \u00e9 fazer um bom jogo e voltar a trilhar o caminho das vit\u00f3rias.<\/p>\n<figure id=\"attachment_5134\" aria-describedby=\"caption-attachment-5134\" style=\"width: 640px\" class=\"wp-caption aligncenter\"><img loading=\"lazy\" class=\"size-large wp-image-5134\" src=\"https:\/\/espora13.com.br\/wp-content\/uploads\/2021\/06\/51219037218_b8c4c68bb2_k-1024x683.jpg\" alt=\"Espora 13 - Atl\u00e9tico - Galo - Atl\u00e9tico-MG -\" width=\"640\" height=\"427\" srcset=\"https:\/\/espora13.com.br\/wp-content\/uploads\/2021\/06\/51219037218_b8c4c68bb2_k-1024x683.jpg 1024w, https:\/\/espora13.com.br\/wp-content\/uploads\/2021\/06\/51219037218_b8c4c68bb2_k-300x200.jpg 300w, https:\/\/espora13.com.br\/wp-content\/uploads\/2021\/06\/51219037218_b8c4c68bb2_k-768x512.jpg 768w, https:\/\/espora13.com.br\/wp-content\/uploads\/2021\/06\/51219037218_b8c4c68bb2_k-1536x1024.jpg 1536w, https:\/\/espora13.com.br\/wp-content\/uploads\/2021\/06\/51219037218_b8c4c68bb2_k-177x118.jpg 177w, https:\/\/espora13.com.br\/wp-content\/uploads\/2021\/06\/51219037218_b8c4c68bb2_k-272x182.jpg 272w, https:\/\/espora13.com.br\/wp-content\/uploads\/2021\/06\/51219037218_b8c4c68bb2_k.jpg 2047w\" sizes=\"(max-width: 640px) 100vw, 640px\" \/><figcaption id=\"caption-attachment-5134\" class=\"wp-caption-text\">Lateral Dod\u00f4 ter\u00e1 a miss\u00e3o de substituir o convocado Guilherme Arana.Foto: Pedro Souza\/Atl\u00e9tico.<\/figcaption><\/figure>\n<p>&nbsp;<\/p>\n<p>Para o t\u00e9cnico Cuca a palavra da vez \u00e9 \u201cretomada\u201d, retomada de intensidade, movimenta\u00e7\u00f5es, triangula\u00e7\u00f5es e de um bom futebol, a derrota nunca pode ser encarada com normalidade, mas aconteceu, ent\u00e3o \u00e9 absorver o baque se levantar e voltar a vencer logo. O resultado do \u00faltimo jogo se deve tamb\u00e9m a rotina intensa de jogos que o time viveu nos \u00faltimos dias, percebemos que o time \u201cpregou\u201d na parte final do jogo, ponto de aten\u00e7\u00e3o para os respons\u00e1veis pela parte f\u00edsica, pois essa rotina vir\u00e1 durante praticamente toda esta temporada, ainda mais com o clube avan\u00e7ando nas competi\u00e7\u00f5es, que \u00e9 o que todos esperamos. Este ser\u00e1 um jogo de intelig\u00eancia e de for\u00e7a, \u00e9 preciso entender o estilo da competi\u00e7\u00e3o e jogar com as regras, sabendo que uma vit\u00f3ria deixa o clube bem tranquilo para o jogo da volta no Mineir\u00e3o. Foco e um jogo de movimenta\u00e7\u00f5es para vencer o sistema defensivo eficiente do Remo. O Galo \u00e9 mais time, mas precisa provar isso em campo.<\/p>\n<p>&nbsp;<\/p>\n<p>Vamos Pra cima!!!<\/p>\n<p>Vamos pra cima deles Galo!!<\/p>\n<p>Vamos Galo!<\/p>\n<p>Aqui \u00e9 Galo, Sempre!<\/p>\n<p>Esporada Neles Galo!!<\/p>\n<p>&nbsp;<\/p>\n<p><strong>FICHA T\u00c9CNICA DA PARTIDA<\/strong><\/p>\n<p>ATLETICO X REMO<br \/>\n\u200bEst\u00e1dio: Baen\u00e3o<\/p>\n<p>Data e hora: 02 de junho de 2021, \u00e0s 19:00 (de Bras\u00edlia)<\/p>\n<p>Motivo: Copa do Brasil<\/p>\n<p>&nbsp;<\/p>\n<p><strong><u>PROV\u00c1VEIS ESCALA\u00c7\u00d5ES: <\/u><\/strong><\/p>\n<p><strong><u>Atl\u00e9tico:<\/u><\/strong><\/p>\n<p>O prov\u00e1vel time escalado:<\/p>\n<p>Everson, Mariano, Igor Rabello, R\u00e9ver (Gabriel) e Dod\u00f4, Jair (Allan), Tch\u00ea Tch\u00ea, Nacho Fern\u00e1ndez, Eduardo Sasha (Savinho), Marrony e Hulk. T\u00e9cnico: Cuca.<\/p>\n<p>&nbsp;<\/p>\n<p><strong><u>Remo:<\/u><\/strong><\/p>\n<p>O prov\u00e1vel time escalado:<\/p>\n<p>Vin\u00edcius, Thiago Ennes, Su\u00e9liton, Rafael Jansen, Marlon, Anderson Uch\u00f4a, Lucas Siqueira, Felipe Gedoz, Jefferson, Lucas Tocantins e Renan Gorne. T\u00e9cnico: Paulo Bonamigo.<\/p>\n<p>&nbsp;<\/p>\n<p>Para mais informa\u00e7\u00f5es do Atl\u00e9tico, siga o Espora 13 nas redes sociais:<\/p>\n<p><a href=\"https:\/\/twitter.com\/Espora13\">Clica e Siga no Twitter<\/a><\/p>\n<p><a href=\"https:\/\/www.facebook.com\/espora13oficial\">Clica e Siga no\u00a0Facebook<\/a><\/p>\n<p><a href=\"https:\/\/www.instagram.com\/espora13\/\">Clica e Siga no Instagram<\/a><\/p>\n<p><a href=\"https:\/\/www.twitch.tv\/espora13\">Clica e Siga na Twitch<\/a><\/p>\n<p><a href=\"https:\/\/open.spotify.com\/user\/5ljo01qd7to5rzprw8tpdkwg6?si=IJ9LRCfKTQGzLaiI_pSo4w\">Clica e Siga no Spotify<\/a><\/p>\n<p><a href=\"https:\/\/vm.tiktok.com\/ZMJWsH9ua\/\">Clica e Siga no Tik Tok<\/a><\/p>\n<p><a href=\"https:\/\/www.youtube.com\/tvespora13\">Inscreva-se no canal do youtube TV Espora 13<\/a><\/p>\n<p>Esporada neles Galooooooooooooo!!!<\/p>\n","protected":false},"excerpt":{"rendered":"<p>&nbsp; \u00c9 dia de Galo!! Dia de jogo decisivo! Dia de iniciar a campanha em busca da Copa do Brasil!<\/p>\n","protected":false},"author":25,"featured_media":5133,"comment_status":"open","ping_status":"open","sticky":false,"template":"","format":"standard","meta":[],"categories":[73],"tags":[],"_links":{"self":[{"href":"https:\/\/espora13.com.br\/index.php\/wp-json\/wp\/v2\/posts\/5132"}],"collection":[{"href":"https:\/\/espora13.com.br\/index.php\/wp-json\/wp\/v2\/posts"}],"about":[{"href":"https:\/\/espora13.com.br\/index.php\/wp-json\/wp\/v2\/types\/post"}],"author":[{"embeddable":true,"href":"https:\/\/espora13.com.br\/index.php\/wp-json\/wp\/v2\/users\/25"}],"replies":[{"embeddable":true,"href":"https:\/\/espora13.com.br\/index.php\/wp-json\/wp\/v2\/comments?post=5132"}],"version-history":[{"count":5,"href":"https:\/\/espora13.com.br\/index.php\/wp-json\/wp\/v2\/posts\/5132\/revisions"}],"predecessor-version":[{"id":5140,"href":"https:\/\/espora13.com.br\/index.php\/wp-json\/wp\/v2\/posts\/5132\/revisions\/5140"}],"wp:featuredmedia":[{"embeddable":true,"href":"https:\/\/espora13.com.br\/index.php\/wp-json\/wp\/v2\/media\/5133"}],"wp:attachment":[{"href":"https:\/\/espora13.com.br\/index.php\/wp-json\/wp\/v2\/media?parent=5132"}],"wp:term":[{"taxonomy":"category","embeddable":true,"href":"https:\/\/espora13.com.br\/index.php\/wp-json\/wp\/v2\/categories?post=5132"},{"taxonomy":"post_tag","embeddable":true,"href":"https:\/\/espora13.com.br\/index.php\/wp-json\/wp\/v2\/tags?post=5132"}],"curies":[{"name":"wp","href":"https:\/\/api.w.org\/{rel}","templated":true}]}}