{"id":534,"date":"2019-01-31T14:45:07","date_gmt":"2019-01-31T16:45:07","guid":{"rendered":"http:\/\/espora13.com.br\/?p=534"},"modified":"2019-01-31T20:11:14","modified_gmt":"2019-01-31T22:11:14","slug":"time-de-azul-e-branco-tomando-de-4x0-no-campeonato-mineiro-ja-vi-esse-filme-antes-atletico-vence-urt-com-uma-goleada-no-horto","status":"publish","type":"post","link":"https:\/\/espora13.com.br\/index.php\/2019\/01\/31\/time-de-azul-e-branco-tomando-de-4x0-no-campeonato-mineiro-ja-vi-esse-filme-antes-atletico-vence-urt-com-uma-goleada-no-horto\/","title":{"rendered":"Time de azul e branco tomando de 4&#215;0 no Campeonato Mineiro? J\u00e1 vi esse filme antes! Atl\u00e9tico vence URT com uma goleada no Horto."},"content":{"rendered":"<div class=\"\" data-block=\"true\" data-editor=\"e0tts\" data-offset-key=\"55v27-0-0\">\n<div class=\"_1mf _1mj\" data-offset-key=\"55v27-0-0\"><span data-offset-key=\"55v27-0-0\">Salve, salve, Massa Alvinegra!<\/span><\/div>\n<\/div>\n<div class=\"\" data-block=\"true\" data-editor=\"e0tts\" data-offset-key=\"6ov7q-0-0\">\n<div class=\"_1mf _1mj\" data-offset-key=\"6ov7q-0-0\"><span data-offset-key=\"6ov7q-0-0\">Nada melhor que uma goleada do Gal\u00e3o da Massa em cima de time de azul e branco. Tem um gostinho especial.<\/span><\/div>\n<\/div>\n<div class=\"\" data-block=\"true\" data-editor=\"e0tts\" data-offset-key=\"2sivj-0-0\">\n<div class=\"_1mf _1mj\" data-offset-key=\"2sivj-0-0\"><span data-offset-key=\"2sivj-0-0\">Atl\u00e9tico e URT jogaram pela 4\u00aa Rodada do Campeonato Mineiro, no Est\u00e1dio Independ\u00eancia. <\/span><\/div>\n<\/div>\n<div class=\"\" data-block=\"true\" data-editor=\"e0tts\" data-offset-key=\"5t7aj-0-0\">\n<div class=\"_1mf _1mj\" data-offset-key=\"5t7aj-0-0\"><span data-offset-key=\"5t7aj-0-0\">Muitos esperavam que o Guga jogasse como titular, j\u00e1 que o Patric fez um trabalho \u00e0 parte durante a semana, sendo poupado nos treinamentos de campo, mas o t\u00e9cnico Levir preferiu optar pela escala\u00e7\u00e3o de Patric, mantendo Guga na reserva. Patric n\u00e3o jogou mal e n\u00e3o comprometeu o Atl\u00e9tico.<\/span><\/div>\n<\/div>\n<div class=\"\" data-block=\"true\" data-editor=\"e0tts\" data-offset-key=\"75uhh-0-0\">\n<div class=\"_1mf _1mj\" data-offset-key=\"75uhh-0-0\"><span data-offset-key=\"75uhh-0-0\">J\u00e1 a principal mudan\u00e7a foi o volante Jair no lugar do Adilson, que foi expulso no cl\u00e1ssico do \u00faltimo Domingo (27).<\/span><\/div>\n<\/div>\n<div class=\"\" data-block=\"true\" data-editor=\"e0tts\" data-offset-key=\"djb8d-0-0\">\n<div class=\"_1mf _1mj\" data-offset-key=\"djb8d-0-0\"><span data-offset-key=\"djb8d-0-0\">O Atl\u00e9tico foi dominante desde o come\u00e7o do jogo. Com \u00f3timos passes e um ataque agudo e veloz, o Galo j\u00e1 mostrava que iria pra cima da URT e n\u00e3o demorou muito, logo no 1\u00b0 Tempo, para Ricardo Oliveira fazer 2 gola\u00e7os. Um de falta na entrada da \u00e1rea, logo aos 24 minutos, e um de fora da \u00e1rea aos 31 minutos de jogo. Pastor \u00e9 artilheiro do Campeonato Mineiro com 5 gols. N\u00e3o parou por a\u00ed. Depois de uma atua\u00e7\u00e3o muito boa no 1\u00b0 Tempo, o Galo venho pro 2\u00b0 Tempo com a mesma proposta, mas levou um susto, com um gol em impedimento da URT. <\/span><\/div>\n<\/div>\n<div class=\"\" data-block=\"true\" data-editor=\"e0tts\" data-offset-key=\"ahmf8-0-0\">\n<div class=\"_1mf _1mj\" data-offset-key=\"ahmf8-0-0\"><span data-offset-key=\"ahmf8-0-0\">O Galo continuou com uma defesa segura com Igor Rabello e Maidana. Os laterais muito bem na marca\u00e7\u00e3o e tamb\u00e9m subindo bem ao ataque com Patric e F\u00e1bio Santos. Um meio campo com \u00f3tima sa\u00edda de bola e marcando muito bem com Jair, que marcou um gola\u00e7o no 2\u00b0 tempo, digno de pr\u00eamio Puskas, e mostrou muita qualidade na sa\u00edda de bola e na chegada ao ataque. O pr\u00f3prio Jair disse ap\u00f3s a partida que j\u00e1 atuou como meia e por isso tem facilidade para chegar ao ataque com qualidade. J\u00e1 o Elias, apesar de ter sido o mais apagado na partida, n\u00e3o comprometeu e teve uma atua\u00e7\u00e3o OK.<\/span><\/div>\n<\/div>\n<div class=\"\" data-block=\"true\" data-editor=\"e0tts\" data-offset-key=\"bbu6u-0-0\">\n<div class=\"_1mf _1mj\" data-offset-key=\"bbu6u-0-0\"><span data-offset-key=\"bbu6u-0-0\">O Cazares foi bem, deu bons passes, teve uma atua\u00e7\u00e3o regular, e \u00e9 isso que esperamos dele. N\u00e3o precisa ser g\u00eanio em todas as partidas, apenas tendo atua\u00e7\u00e3o regular ele j\u00e1 ajuda muito o time.<\/span><\/div>\n<\/div>\n<div class=\"\" data-block=\"true\" data-editor=\"e0tts\" data-offset-key=\"uaso-0-0\">\n<div class=\"_1mf _1mj\" data-offset-key=\"uaso-0-0\"><span data-offset-key=\"uaso-0-0\">Luan foi outro que teve uma atua\u00e7\u00e3o discreta, mas n\u00e3o jogou mal, ajudou muito na marca\u00e7\u00e3o e tamb\u00e9m apoiou bastante o ataque.<\/span><\/div>\n<\/div>\n<div class=\"\" data-block=\"true\" data-editor=\"e0tts\" data-offset-key=\"e3u3r-0-0\">\n<div class=\"_1mf _1mj\" data-offset-key=\"e3u3r-0-0\"><span data-offset-key=\"e3u3r-0-0\">Outro destaque do Atl\u00e9tico no jogo foi o Char\u00e1, que mostrou que jogando pelo lado direito, seu futebol melhora consideravelmente. <\/span><\/div>\n<\/div>\n<div class=\"\" data-block=\"true\" data-editor=\"e0tts\" data-offset-key=\"64s9-0-0\">\n<div class=\"_1mf _1mj\" data-offset-key=\"64s9-0-0\"><span data-offset-key=\"64s9-0-0\">Na minha opini\u00e3o, o Char\u00e1 vem sendo escalado errado desde os tempos do Thiago Larghi, atuando pelo lado esquerdo, que afeta o rendimento do atleta, que joga numa posi\u00e7\u00e3o que n\u00e3o \u00e9 seu ponto forte. Contra a URT, jogando mais pelo lado direito, Char\u00e1 foi um dos destaques do jogo e foi presenteado com um gol numa jogada de velocidade pela direita. No final da partida, o \u00e1rbitro Felipe Fernandes de Lima expulsou o zagueiro Iago Maidana, que, em um lance comum na defesa, acabou exagerando na pun\u00e7\u00e3o. Como o Atl\u00e9tico j\u00e1 tinha feito as 3 altera\u00e7\u00f5es com as entradas de Guga no lugar de Patric, Neto no lugar de Jair e Leandrinho no lugar de Ricardo Oliveira, Levir n\u00e3o teve op\u00e7\u00e3o de repor a defesa e o Galo acabou jogando apenas com o Igor Rabello como zagueiro de oficio na posi\u00e7\u00e3o. Por\u00e9m, o Galo n\u00e3o levou press\u00e3o com um jogador a menos e continuou dominante na partida que acabou ficando assim: Atl\u00e9tico 4 X 0 URT.<\/span><\/div>\n<\/div>\n<div class=\"\" data-block=\"true\" data-editor=\"e0tts\" data-offset-key=\"3vguq-0-0\">\n<div class=\"_1mf _1mj\" data-offset-key=\"3vguq-0-0\"><span data-offset-key=\"3vguq-0-0\">O time de Patos de Minas reclamou de 2 gols do Galo, falando que os jogadores estavam em impedimento.<\/span><\/div>\n<\/div>\n<div class=\"\" data-block=\"true\" data-editor=\"e0tts\" data-offset-key=\"ala55-0-0\">\n<div class=\"_1mf _1mj\" data-offset-key=\"ala55-0-0\"><span data-offset-key=\"ala55-0-0\">O Galo volta a jogar no pr\u00f3ximo s\u00e1bado (2), contra o Guarani de Divin\u00f3polis, no Independ\u00eancia, \u00e0s 19h.<\/span><\/div>\n<\/div>\n<div class=\"\" data-block=\"true\" data-editor=\"e0tts\" data-offset-key=\"eq5c9-0-0\">\n<div class=\"_1mf _1mj\" data-offset-key=\"eq5c9-0-0\"><span data-offset-key=\"eq5c9-0-0\">Tudo indica que Levir v\u00e1 escalar o time alternativo, j\u00e1 que na ter\u00e7a-feira o Galo joga contra o Danubio pela Libertadores. <\/span><\/div>\n<\/div>\n<div class=\"\" data-block=\"true\" data-editor=\"e0tts\" data-offset-key=\"ba7dl-0-0\">\n<div class=\"_1mf _1mj\" data-offset-key=\"ba7dl-0-0\"><span data-offset-key=\"ba7dl-0-0\">Vamos com tudo para esses pr\u00f3ximos jogos, Galo, sempre honrando o nome de Minas.<\/span><\/div>\n<\/div>\n<div class=\"\" data-block=\"true\" data-editor=\"e0tts\" data-offset-key=\"313ab-0-0\">\n<div class=\"_1mf _1mj\" data-offset-key=\"313ab-0-0\"><span data-offset-key=\"313ab-0-0\">Esporada neles, Galooo!!!<\/span><\/div>\n<\/div>\n<div class=\"\" data-block=\"true\" data-editor=\"e0tts\" data-offset-key=\"7eoep-0-0\">\n<div class=\"_1mf _1mj\" data-offset-key=\"7eoep-0-0\"><span data-offset-key=\"7eoep-0-0\">\u00a0<\/span><\/div>\n<\/div>\n<div class=\"\" data-block=\"true\" data-editor=\"e0tts\" data-offset-key=\"6sbbf-0-0\">\n<div class=\"_1mf _1mj\" data-offset-key=\"6sbbf-0-0\"><span data-offset-key=\"6sbbf-0-0\">ATL\u00c9TICO 4 x 0 URT<\/span><\/div>\n<\/div>\n<div class=\"\" data-block=\"true\" data-editor=\"e0tts\" data-offset-key=\"97g4l-0-0\">\n<div class=\"_1mf _1mj\" data-offset-key=\"97g4l-0-0\"><span data-offset-key=\"97g4l-0-0\">\u00a0<\/span><\/div>\n<\/div>\n<div class=\"\" data-block=\"true\" data-editor=\"e0tts\" data-offset-key=\"7thgf-0-0\">\n<div class=\"_1mf _1mj\" data-offset-key=\"7thgf-0-0\"><span data-offset-key=\"7thgf-0-0\">Atl\u00e9tico<\/span><\/div>\n<\/div>\n<div class=\"\" data-block=\"true\" data-editor=\"e0tts\" data-offset-key=\"b0gro-0-0\">\n<div class=\"_1mf _1mj\" data-offset-key=\"b0gro-0-0\"><span data-offset-key=\"b0gro-0-0\">\u00a0<\/span><\/div>\n<\/div>\n<div class=\"\" data-block=\"true\" data-editor=\"e0tts\" data-offset-key=\"bek4k-0-0\">\n<div class=\"_1mf _1mj\" data-offset-key=\"bek4k-0-0\"><span data-offset-key=\"bek4k-0-0\">Victor; Patric (Guga, aos 26\/2\u00b0T) , Maidana, Igor Rabello e F\u00e1bio Santos; Jair (Neto, aos 25\/2\u00b0T) e Elias; Luan, Cazares e Char\u00e1; Ricardo Oliveira (Leandrinho, aos 30\/2\u00b0T)<\/span><\/div>\n<\/div>\n<div class=\"\" data-block=\"true\" data-editor=\"e0tts\" data-offset-key=\"1fom-0-0\">\n<div class=\"_1mf _1mj\" data-offset-key=\"1fom-0-0\"><span data-offset-key=\"1fom-0-0\">T\u00e9cnico: Levir Culpi<\/span><\/div>\n<\/div>\n<div class=\"\" data-block=\"true\" data-editor=\"e0tts\" data-offset-key=\"85ke4-0-0\">\n<div class=\"_1mf _1mj\" data-offset-key=\"85ke4-0-0\"><span data-offset-key=\"85ke4-0-0\">\u00a0<\/span><\/div>\n<\/div>\n<div class=\"\" data-block=\"true\" data-editor=\"e0tts\" data-offset-key=\"6ebkj-0-0\">\n<div class=\"_1mf _1mj\" data-offset-key=\"6ebkj-0-0\"><span data-offset-key=\"6ebkj-0-0\">URT<\/span><\/div>\n<\/div>\n<div class=\"\" data-block=\"true\" data-editor=\"e0tts\" data-offset-key=\"44a7r-0-0\">\n<div class=\"_1mf _1mj\" data-offset-key=\"44a7r-0-0\"><span data-offset-key=\"44a7r-0-0\">Marc\u00e3o; Douglas Maia, Gladstone, Marcus Vin\u00edcius e Djalma; Derli, Rodney, Patrick e Kaio (Juninho Potiguar, aos 12\/2\u00b0T); Reis e Gilberto Carrara (Ewerton, aos 26\/2\u00b0T)<\/span><\/div>\n<\/div>\n<div class=\"\" data-block=\"true\" data-editor=\"e0tts\" data-offset-key=\"1225u-0-0\">\n<div class=\"_1mf _1mj\" data-offset-key=\"1225u-0-0\"><span data-offset-key=\"1225u-0-0\">T\u00e9cnico: Sidney Moraes<\/span><\/div>\n<\/div>\n<div class=\"\" data-block=\"true\" data-editor=\"e0tts\" data-offset-key=\"auj8d-0-0\">\n<div class=\"_1mf _1mj\" data-offset-key=\"auj8d-0-0\"><span data-offset-key=\"auj8d-0-0\">\u00a0<\/span><\/div>\n<\/div>\n<div class=\"\" data-block=\"true\" data-editor=\"e0tts\" data-offset-key=\"8nf8e-0-0\">\n<div class=\"_1mf _1mj\" data-offset-key=\"8nf8e-0-0\"><span data-offset-key=\"8nf8e-0-0\">Gols: Ricardo Oliveira, aos 24\/1\u00b0T e aos 31\/1\u00b0T; Jair, aos 9\/2\u00b0T, Char\u00e1, aos 39\/2\u00b0T<\/span><\/div>\n<\/div>\n<div class=\"\" data-block=\"true\" data-editor=\"e0tts\" data-offset-key=\"c7em1-0-0\">\n<div class=\"_1mf _1mj\" data-offset-key=\"c7em1-0-0\"><span data-offset-key=\"c7em1-0-0\">Cart\u00f5es amarelos: Jair, aos 35\/1\u00b0T; Maidana, aos 13\/2\u00b0T e aos 35\/2\u00b0T; Elias, aos 41\/2\u00b0T; Jonathan, aos 45\/2\u00b0T<\/span><\/div>\n<\/div>\n<div class=\"\" data-block=\"true\" data-editor=\"e0tts\" data-offset-key=\"2l5t4-0-0\">\n<div class=\"_1mf _1mj\" data-offset-key=\"2l5t4-0-0\"><span data-offset-key=\"2l5t4-0-0\">Cart\u00e3o vermelho: Maidana, aos 35\/2\u00b0T<\/span><\/div>\n<\/div>\n<div class=\"\" data-block=\"true\" data-editor=\"e0tts\" data-offset-key=\"3fcuv-0-0\">\n<div class=\"_1mf _1mj\" data-offset-key=\"3fcuv-0-0\"><span data-offset-key=\"3fcuv-0-0\">\u00a0<\/span><\/div>\n<\/div>\n<div class=\"\" data-block=\"true\" data-editor=\"e0tts\" data-offset-key=\"513vm-0-0\">\n<div class=\"_1mf _1mj\" data-offset-key=\"513vm-0-0\"><span data-offset-key=\"513vm-0-0\">Motivo: 4\u00aa rodada do Campeonato Mineiro<\/span><\/div>\n<\/div>\n<div class=\"\" data-block=\"true\" data-editor=\"e0tts\" data-offset-key=\"7mcc2-0-0\">\n<div class=\"_1mf _1mj\" data-offset-key=\"7mcc2-0-0\"><span data-offset-key=\"7mcc2-0-0\">Est\u00e1dio: Independ\u00eancia<\/span><\/div>\n<\/div>\n<div class=\"\" data-block=\"true\" data-editor=\"e0tts\" data-offset-key=\"1m6mi-0-0\">\n<div class=\"_1mf _1mj\" data-offset-key=\"1m6mi-0-0\"><span data-offset-key=\"1m6mi-0-0\">P\u00fablico: 11.124 <\/span><\/div>\n<\/div>\n<div class=\"\" data-block=\"true\" data-editor=\"e0tts\" data-offset-key=\"eopg3-0-0\">\n<div class=\"_1mf _1mj\" data-offset-key=\"eopg3-0-0\"><span data-offset-key=\"eopg3-0-0\">Renda: R$ 100.913,00<\/span><\/div>\n<\/div>\n<div class=\"\" data-block=\"true\" data-editor=\"e0tts\" data-offset-key=\"7sk5-0-0\">\n<div class=\"_1mf _1mj\" data-offset-key=\"7sk5-0-0\"><span data-offset-key=\"7sk5-0-0\">Hor\u00e1rio: 21h30<\/span><\/div>\n<\/div>\n<div class=\"\" data-block=\"true\" data-editor=\"e0tts\" data-offset-key=\"6ujj3-0-0\">\n<div class=\"_1mf _1mj\" data-offset-key=\"6ujj3-0-0\"><span data-offset-key=\"6ujj3-0-0\">\u00c1rbitro: Felipe Fernandes de Lima<\/span><\/div>\n<\/div>\n<div class=\"\" data-block=\"true\" data-editor=\"e0tts\" data-offset-key=\"3voga-0-0\">\n<div class=\"_1mf _1mj\" data-offset-key=\"3voga-0-0\">\n<p><span data-offset-key=\"3voga-0-0\">Assistentes: Luiz Ant\u00f4nio Barbosa e Douglas Almeida Costa<\/span><\/p>\n<figure id=\"attachment_535\" aria-describedby=\"caption-attachment-535\" style=\"width: 960px\" class=\"wp-caption alignnone\"><img loading=\"lazy\" class=\"size-full wp-image-535\" src=\"https:\/\/espora13.com.br\/wp-content\/uploads\/2019\/01\/50943402_10156998589392552_1100978522316341248_n.jpg\" alt=\"\" width=\"960\" height=\"576\" srcset=\"https:\/\/espora13.com.br\/wp-content\/uploads\/2019\/01\/50943402_10156998589392552_1100978522316341248_n.jpg 960w, https:\/\/espora13.com.br\/wp-content\/uploads\/2019\/01\/50943402_10156998589392552_1100978522316341248_n-300x180.jpg 300w, https:\/\/espora13.com.br\/wp-content\/uploads\/2019\/01\/50943402_10156998589392552_1100978522316341248_n-768x461.jpg 768w\" sizes=\"(max-width: 960px) 100vw, 960px\" \/><figcaption id=\"caption-attachment-535\" class=\"wp-caption-text\">Foto: Atl\u00e9tico\/Bruno Cantini\/Pedro Souza<\/figcaption><\/figure>\n<\/div>\n<\/div>\n","protected":false},"excerpt":{"rendered":"<p>Salve, salve, Massa Alvinegra! Nada melhor que uma goleada do Gal\u00e3o da Massa em cima de time de azul e<\/p>\n","protected":false},"author":8,"featured_media":535,"comment_status":"open","ping_status":"open","sticky":false,"template":"","format":"standard","meta":[],"categories":[75],"tags":[76],"_links":{"self":[{"href":"https:\/\/espora13.com.br\/index.php\/wp-json\/wp\/v2\/posts\/534"}],"collection":[{"href":"https:\/\/espora13.com.br\/index.php\/wp-json\/wp\/v2\/posts"}],"about":[{"href":"https:\/\/espora13.com.br\/index.php\/wp-json\/wp\/v2\/types\/post"}],"author":[{"embeddable":true,"href":"https:\/\/espora13.com.br\/index.php\/wp-json\/wp\/v2\/users\/8"}],"replies":[{"embeddable":true,"href":"https:\/\/espora13.com.br\/index.php\/wp-json\/wp\/v2\/comments?post=534"}],"version-history":[{"count":4,"href":"https:\/\/espora13.com.br\/index.php\/wp-json\/wp\/v2\/posts\/534\/revisions"}],"predecessor-version":[{"id":540,"href":"https:\/\/espora13.com.br\/index.php\/wp-json\/wp\/v2\/posts\/534\/revisions\/540"}],"wp:featuredmedia":[{"embeddable":true,"href":"https:\/\/espora13.com.br\/index.php\/wp-json\/wp\/v2\/media\/535"}],"wp:attachment":[{"href":"https:\/\/espora13.com.br\/index.php\/wp-json\/wp\/v2\/media?parent=534"}],"wp:term":[{"taxonomy":"category","embeddable":true,"href":"https:\/\/espora13.com.br\/index.php\/wp-json\/wp\/v2\/categories?post=534"},{"taxonomy":"post_tag","embeddable":true,"href":"https:\/\/espora13.com.br\/index.php\/wp-json\/wp\/v2\/tags?post=534"}],"curies":[{"name":"wp","href":"https:\/\/api.w.org\/{rel}","templated":true}]}}