{"id":5415,"date":"2021-07-06T12:00:22","date_gmt":"2021-07-06T15:00:22","guid":{"rendered":"http:\/\/espora13.com.br\/?p=5415"},"modified":"2021-07-07T01:10:34","modified_gmt":"2021-07-07T04:10:34","slug":"galo-recebe-proposta-do-exterior-para-venda-do-zagueiro-gabriel-atletico-e-yokohama-do-japao-estao-em-conversas-adiantadas","status":"publish","type":"post","link":"https:\/\/espora13.com.br\/index.php\/2021\/07\/06\/galo-recebe-proposta-do-exterior-para-venda-do-zagueiro-gabriel-atletico-e-yokohama-do-japao-estao-em-conversas-adiantadas\/","title":{"rendered":"Galo recebe proposta do exterior para venda do zagueiro Gabriel. Atl\u00e9tico e Yokohama est\u00e3o em conversas adiantadas"},"content":{"rendered":"<p>De acordo com o jornalista Cl\u00e1udio Rezende, da R\u00e1dio Itatiaia, o Galo recebeu proposta pela venda do zagueiro Gabriel, este empresariado pelo ex-meia Luso-brasileiro Deco. O clube interessado no futebol do zagueiro \u00e9 o Yokohama FC, da J-League, a primeira divis\u00e3o do futebol nip\u00f4nico.<\/p>\n<p>Gabriel (26) \u00e9 cria da base e com as aus\u00eancias de Igor Rabello (covid) e Junior Alonso (sele\u00e7\u00e3o Paraguaia) vinha sendo titular da equipe nos \u00faltimos jogos, atuando contra Inter, Chapecoense, Cear\u00e1 e Santos, anotando um gol. Com o contrato renovado at\u00e9 o final de 2023, o zagueiro j\u00e1 atuou em 158 partidas pelo Galo, marcando 7 gols.<\/p>\n<figure id=\"attachment_5424\" aria-describedby=\"caption-attachment-5424\" style=\"width: 532px\" class=\"wp-caption aligncenter\"><img loading=\"lazy\" class=\" wp-image-5424\" src=\"https:\/\/espora13.com.br\/wp-content\/uploads\/2021\/07\/199060822_10159424104452552_824483889955511839_n.jpg\" alt=\"Espora 13 - Atl\u00e9tico - Galo - Atl\u00e9tico-MG - Galo recebe proposta do exterior para venda do zagueiro Gabriel. Atl\u00e9tico e Yokohama do Jap\u00e3o, est\u00e3o em conversas adiantadas\" width=\"532\" height=\"354\" srcset=\"https:\/\/espora13.com.br\/wp-content\/uploads\/2021\/07\/199060822_10159424104452552_824483889955511839_n.jpg 2048w, https:\/\/espora13.com.br\/wp-content\/uploads\/2021\/07\/199060822_10159424104452552_824483889955511839_n-300x200.jpg 300w, https:\/\/espora13.com.br\/wp-content\/uploads\/2021\/07\/199060822_10159424104452552_824483889955511839_n-1024x683.jpg 1024w, https:\/\/espora13.com.br\/wp-content\/uploads\/2021\/07\/199060822_10159424104452552_824483889955511839_n-768x512.jpg 768w, https:\/\/espora13.com.br\/wp-content\/uploads\/2021\/07\/199060822_10159424104452552_824483889955511839_n-1536x1024.jpg 1536w, https:\/\/espora13.com.br\/wp-content\/uploads\/2021\/07\/199060822_10159424104452552_824483889955511839_n-177x118.jpg 177w, https:\/\/espora13.com.br\/wp-content\/uploads\/2021\/07\/199060822_10159424104452552_824483889955511839_n-272x182.jpg 272w\" sizes=\"(max-width: 532px) 100vw, 532px\" \/><figcaption id=\"caption-attachment-5424\" class=\"wp-caption-text\">Foto: Pedro Souza\/Atl\u00e9tico<\/figcaption><\/figure>\n<p>Recentemente o Atl\u00e9tico solicitou a volta do zagueiro Nathan Silva, que estava emprestado ao Atl\u00e9tico-GO. Nathan vinha sendo destaque no clube goiano e seu retorno pode estar ligado diretamente \u00e0 prov\u00e1vel negocia\u00e7\u00e3o do zagueiro Gabriel. O diretor de Futebol Rodrigo Caetano falou que o clube n\u00e3o far\u00e1 contrata\u00e7\u00f5es que n\u00e3o sejam para recomposi\u00e7\u00e3o de elenco, caso algum atleta venha a ser negociado.<\/p>\n<p>&#8220;Cabe a n\u00f3s trabalharmos com responsabilidade, sabedores que teremos que realizar negocia\u00e7\u00f5es de venda de atletas, como os demais clubes. Se por ventura tivermos a perda de algu\u00e9m, bom, \u00e9 nosso trabalho tentar a reposi\u00e7\u00e3o. Mas eu n\u00e3o vou ficar aqui prometendo contrata\u00e7\u00e3o em um momento financeiro bastante delicado que o clube atravessa&#8221;, disse Rodrigo Caetano, Diretor de Futebol do Galo.<\/p>\n<figure id=\"attachment_5425\" aria-describedby=\"caption-attachment-5425\" style=\"width: 551px\" class=\"wp-caption aligncenter\"><img loading=\"lazy\" class=\" wp-image-5425\" src=\"https:\/\/espora13.com.br\/wp-content\/uploads\/2021\/07\/206556432_10159472509147552_5146357776873125334_n1.jpg\" alt=\"Espora 13 - Atl\u00e9tico - Galo - Atl\u00e9tico-MG - Galo recebe proposta do exterior para venda do zagueiro Gabriel. Atl\u00e9tico e Yokohama do Jap\u00e3o, est\u00e3o em conversas adiantadas\" width=\"551\" height=\"365\" srcset=\"https:\/\/espora13.com.br\/wp-content\/uploads\/2021\/07\/206556432_10159472509147552_5146357776873125334_n1.jpg 1000w, https:\/\/espora13.com.br\/wp-content\/uploads\/2021\/07\/206556432_10159472509147552_5146357776873125334_n1-300x200.jpg 300w, https:\/\/espora13.com.br\/wp-content\/uploads\/2021\/07\/206556432_10159472509147552_5146357776873125334_n1-177x118.jpg 177w\" sizes=\"(max-width: 551px) 100vw, 551px\" \/><figcaption id=\"caption-attachment-5425\" class=\"wp-caption-text\">Foto: Pedro Souza\/Atl\u00e9tico<\/figcaption><\/figure>\n<p>Essa declara\u00e7\u00e3o de Rodrigo Caetano mostra que a parte financeira pode ser o principal fator para uma negocia\u00e7\u00e3o do Gabriel e a solu\u00e7\u00e3o caseira, sem custos, \u00e9 a volta do zagueiro Nathan Silva ao Galo.<\/p>\n<p>Esses fatores (situa\u00e7\u00e3o financeira e retorno de Nathan) podem deixar bem distante o acerto entre o Atl\u00e9tico e o zagueiro Jemerson, que deixou recentemente o Corinthians. O impasse pode ser a quest\u00e3o salarial. O jogador pede uma quantia bem alta (algo em torno de R$ 700 mil) para retornar ao Atl\u00e9tico, clube que tem identifica\u00e7\u00e3o e em que foi campe\u00e3o da Recopa Sul-Americana e Copa do Brasil em 2014.<\/p>\n<p>Aos 28 anos, o jogador fica livre no mercado e em breve deve anunciar o seu futuro, podendo pegar luvas vantajosas em seu pr\u00f3ximo contrato. Segundo o estafe do jogador, o grande objetivo \u00e9 retornar ao cen\u00e1rio europeu, onde atuou pelo Monaco entre 2016 e 2020.<\/p>\n<p>Em rela\u00e7\u00e3o \u00e0 quest\u00e3o financeira, um al\u00edvio na folha salarial do Galo nos \u00faltimos dias foram as sa\u00eddas em definitivo dos atacantes Denilson e Edinho. Os jogadores tinham contrato com o Atl\u00e9tico e estavam emprestados. Outro jogador que deixou o clube foi o zagueiro Bueno, que n\u00e3o teve seu contrato de empr\u00e9stimo renovado.<\/p>\n<p>Atualmente, al\u00e9m do Gabriel, o t\u00e9cnico Cuca tem em seu elenco os zagueiros Alonso, R\u00e9ver, Igor Rabello, Micael e Nathan Silva.<\/p>\n<p>&nbsp;<\/p>\n<p>&nbsp;<\/p>\n<p>Para mais informa\u00e7\u00f5es do Atl\u00e9tico, siga o Espora 13 nas redes sociais:<\/p>\n<div data-offset-key=\"4bstq-0-0\"><a href=\"https:\/\/twitter.com\/Espora13\" target=\"_blank\" rel=\"noopener noreferrer\">Clica e Siga no Twitter<\/a><\/div>\n<div class=\"\" data-block=\"true\" data-editor=\"8nssr\" data-offset-key=\"4bstq-0-0\">\n<div data-offset-key=\"4bstq-0-0\"><a href=\"https:\/\/www.facebook.com\/espora13oficial\" target=\"_blank\" rel=\"noopener noreferrer\">Clica e Siga no\u00a0Facebook<\/a><\/div>\n<div data-offset-key=\"4bstq-0-0\"><a href=\"https:\/\/www.instagram.com\/espora13\/\" target=\"_blank\" rel=\"noopener noreferrer\">Clica e Siga no Instagram<\/a><\/div>\n<div data-offset-key=\"4bstq-0-0\"><a href=\"https:\/\/www.twitch.tv\/espora13\" target=\"_blank\" rel=\"noopener noreferrer\">Clica e Siga na Twitch<\/a><\/div>\n<div data-offset-key=\"4bstq-0-0\"><a href=\"https:\/\/open.spotify.com\/user\/5ljo01qd7to5rzprw8tpdkwg6?si=IJ9LRCfKTQGzLaiI_pSo4w\" target=\"_blank\" rel=\"noopener noreferrer\">Clica e Siga no Spotify<\/a><\/div>\n<div data-offset-key=\"4bstq-0-0\"><a href=\"https:\/\/vm.tiktok.com\/ZMJWsH9ua\/\" target=\"_blank\" rel=\"noopener noreferrer\">Clica e Siga no Tik Tok<\/a><\/div>\n<div data-offset-key=\"4bstq-0-0\"><a href=\"https:\/\/www.youtube.com\/tvespora13\" target=\"_blank\" rel=\"noopener noreferrer\">Inscreva-se no canal do youtube TV Espora 13<\/a><\/div>\n<p data-offset-key=\"4bstq-0-0\">\n<\/div>\n<div class=\"\" data-block=\"true\" data-editor=\"8nssr\" data-offset-key=\"5qnvf-0-0\">\n<div class=\"_1mf _1mj\" data-offset-key=\"5qnvf-0-0\">\n<p><span data-offset-key=\"5qnvf-0-0\">Esporada neles Galooooooooooooo!!!<\/span><\/p>\n<\/div>\n<\/div>\n<p>&nbsp;<\/p>\n<p>&nbsp;<\/p>\n","protected":false},"excerpt":{"rendered":"<p>De acordo com o jornalista Cl\u00e1udio Rezende, da R\u00e1dio Itatiaia, o Galo recebeu proposta pela venda do zagueiro Gabriel, este<\/p>\n","protected":false},"author":55,"featured_media":5423,"comment_status":"open","ping_status":"open","sticky":false,"template":"","format":"standard","meta":[],"categories":[83],"tags":[127],"_links":{"self":[{"href":"https:\/\/espora13.com.br\/index.php\/wp-json\/wp\/v2\/posts\/5415"}],"collection":[{"href":"https:\/\/espora13.com.br\/index.php\/wp-json\/wp\/v2\/posts"}],"about":[{"href":"https:\/\/espora13.com.br\/index.php\/wp-json\/wp\/v2\/types\/post"}],"author":[{"embeddable":true,"href":"https:\/\/espora13.com.br\/index.php\/wp-json\/wp\/v2\/users\/55"}],"replies":[{"embeddable":true,"href":"https:\/\/espora13.com.br\/index.php\/wp-json\/wp\/v2\/comments?post=5415"}],"version-history":[{"count":7,"href":"https:\/\/espora13.com.br\/index.php\/wp-json\/wp\/v2\/posts\/5415\/revisions"}],"predecessor-version":[{"id":5436,"href":"https:\/\/espora13.com.br\/index.php\/wp-json\/wp\/v2\/posts\/5415\/revisions\/5436"}],"wp:featuredmedia":[{"embeddable":true,"href":"https:\/\/espora13.com.br\/index.php\/wp-json\/wp\/v2\/media\/5423"}],"wp:attachment":[{"href":"https:\/\/espora13.com.br\/index.php\/wp-json\/wp\/v2\/media?parent=5415"}],"wp:term":[{"taxonomy":"category","embeddable":true,"href":"https:\/\/espora13.com.br\/index.php\/wp-json\/wp\/v2\/categories?post=5415"},{"taxonomy":"post_tag","embeddable":true,"href":"https:\/\/espora13.com.br\/index.php\/wp-json\/wp\/v2\/tags?post=5415"}],"curies":[{"name":"wp","href":"https:\/\/api.w.org\/{rel}","templated":true}]}}