{"id":5418,"date":"2021-07-06T12:08:23","date_gmt":"2021-07-06T15:08:23","guid":{"rendered":"http:\/\/espora13.com.br\/?p=5418"},"modified":"2021-07-06T15:00:34","modified_gmt":"2021-07-06T18:00:34","slug":"com-retorno-de-selecionaveis-galo-tem-prova-de-fogo-em-classico-contra-o-flamengo-lesionado-o-meia-nacho-fernandez-esta-fora","status":"publish","type":"post","link":"https:\/\/espora13.com.br\/index.php\/2021\/07\/06\/com-retorno-de-selecionaveis-galo-tem-prova-de-fogo-em-classico-contra-o-flamengo-lesionado-o-meia-nacho-fernandez-esta-fora\/","title":{"rendered":"Com retorno de selecion\u00e1veis, Galo tem prova de fogo em cl\u00e1ssico contra o Flamengo. Lesionado, o meia Nacho Fern\u00e1ndez est\u00e1 fora"},"content":{"rendered":"<p>&nbsp;<\/p>\n<p>\u00c9 dia de Galo!!<\/p>\n<p>Dia de mais um jogo decisivo!<\/p>\n<p>Dia de cl\u00e1ssico nacional!<\/p>\n<p>\u00c9 jogo importante no Brasileir\u00e3o!<\/p>\n<p>Nesta quarta-feira,07, o Galo volta \u00e0 campo, \u00e0s 19:00 hrs (Bras\u00edlia), no Mineir\u00e3o, em jogo v\u00e1lido pela 10\u00aa rodada do Brasileir\u00e3o, dia da equipe do Flamengo. Em um jogo muito esperado por todos, confronto de gigantes entre dois postulantes ao t\u00edtulo, um jogo repleto de hist\u00f3ria e rivalidade entre as equipes, um jogo que p\u00f5e a frente Rog\u00e9rio Ceni e o t\u00e9cnico Cuca frente \u00e0 frente.<\/p>\n<p>O Flamengo \u00e9 o atual campe\u00e3o nacional, e segue sendo o \u201ctime a ser batido\u201d no cen\u00e1rio nacional. O time pouco mudou da ultimas temporadas, e mesmo que n\u00e3o conte com Gabriel Barbosa, Everton Ribeiro (na sele\u00e7\u00e3o) e com Gerson (negociado), mant\u00e9m ainda uma base forte para a temporada, e segue atuando bem sob o comando dos atacantes Pedro e Bruno Henrique e dos meias Diego e Ar\u00e3o, o time comandado por Rog\u00e9rio Ceni visa uma sequencia de vit\u00f3rias para espantar o clima ruim e a press\u00e3o que vem sofrendo devida derrota no cl\u00e1ssico com o Fluminense ocorrida na \u00faltima rodada no brasileir\u00e3o. Time forte e que costuma aproveitar bem as oportunidades que cria durante os jogos, eficiente pelas pontas, mas com defici\u00eancias no sistema defensivo.<\/p>\n<p>J\u00e1 o Galo volta \u00e0 campo, ap\u00f3s mais uma vit\u00f3ria fora de casa na \u00faltima rodada. O duelo contra o Flamengo gera um clima de decis\u00e3o devido o \u201cpeso\u201d do confronto, o t\u00e9cnico Cuca n\u00e3o poder\u00e1 contar com o meia Nacho Fernandez que sentiu um incomodo na coxa e est\u00e1 fora dos pr\u00f3ximos jogos, mas ter\u00e1 a volta de jogadores importantes como Junior Alonso, Vargas e Alan Franco que retornaram ap\u00f3s per\u00edodo com suas respectivas sele\u00e7\u00f5es.<\/p>\n<figure id=\"attachment_5428\" aria-describedby=\"caption-attachment-5428\" style=\"width: 581px\" class=\"wp-caption aligncenter\"><img loading=\"lazy\" class=\" wp-image-5428\" src=\"https:\/\/espora13.com.br\/wp-content\/uploads\/2021\/07\/212999874_10159477226727552_753439651298242140_n.jpg\" alt=\"Espora 13 - Atl\u00e9tico - Galo - Atl\u00e9tico-MG - Galo tem prova de fogo em cl\u00e1ssico contra o Flamengo. Lesionado o argentino Nacho Fern\u00e1ndez est\u00e1 fora\" width=\"581\" height=\"353\" srcset=\"https:\/\/espora13.com.br\/wp-content\/uploads\/2021\/07\/212999874_10159477226727552_753439651298242140_n.jpg 1000w, https:\/\/espora13.com.br\/wp-content\/uploads\/2021\/07\/212999874_10159477226727552_753439651298242140_n-300x182.jpg 300w, https:\/\/espora13.com.br\/wp-content\/uploads\/2021\/07\/212999874_10159477226727552_753439651298242140_n-768x466.jpg 768w\" sizes=\"(max-width: 581px) 100vw, 581px\" \/><figcaption id=\"caption-attachment-5428\" class=\"wp-caption-text\">Atl\u00e9tico ter\u00e1 retorno de selecion\u00e1veis da Copa Am\u00e9rica. Foto: Pedro Souza\/Atl\u00e9tico<\/figcaption><\/figure>\n<p>O t\u00e9cnico alvinegro deve optar por uma forma\u00e7\u00e3o diferente em seu meio campo, o ultimo jogo foi ruim e o time pouco criou, Nathan e Hyoran podem ser novidades assim como Jair atuando mais recuado no lugar de Allan, Zaracho e Hulk s\u00e3o imprescind\u00edveis ao esquema, que tem a for\u00e7a ofensiva de Savarino como destaque pela direita. Time pronto, time forte e preparado para um dos confrontos mais dif\u00edceis contra uma das mais fortes equipes do campeonato.<\/p>\n<figure id=\"attachment_5431\" aria-describedby=\"caption-attachment-5431\" style=\"width: 590px\" class=\"wp-caption aligncenter\"><img loading=\"lazy\" class=\" wp-image-5431\" src=\"https:\/\/espora13.com.br\/wp-content\/uploads\/2021\/07\/212182510_10159472612557552_8835185959043501873_n.jpg\" alt=\"Espora 13 - Atl\u00e9tico - Galo - Atl\u00e9tico-MG - Galo tem prova de fogo em cl\u00e1ssico contra o Flamengo. Lesionado o argentino Nacho Fern\u00e1ndez est\u00e1 fora\" width=\"590\" height=\"393\" srcset=\"https:\/\/espora13.com.br\/wp-content\/uploads\/2021\/07\/212182510_10159472612557552_8835185959043501873_n.jpg 1000w, https:\/\/espora13.com.br\/wp-content\/uploads\/2021\/07\/212182510_10159472612557552_8835185959043501873_n-300x200.jpg 300w, https:\/\/espora13.com.br\/wp-content\/uploads\/2021\/07\/212182510_10159472612557552_8835185959043501873_n-768x511.jpg 768w, https:\/\/espora13.com.br\/wp-content\/uploads\/2021\/07\/212182510_10159472612557552_8835185959043501873_n-177x118.jpg 177w, https:\/\/espora13.com.br\/wp-content\/uploads\/2021\/07\/212182510_10159472612557552_8835185959043501873_n-272x182.jpg 272w\" sizes=\"(max-width: 590px) 100vw, 590px\" \/><figcaption id=\"caption-attachment-5431\" class=\"wp-caption-text\">Meia Nacho, lesionado, \u00e9 desfalque certo para o alvinegro. Foto: Pedro Souza \/ Atl\u00e9tico<\/figcaption><\/figure>\n<p>Para o t\u00e9cnico Cuca a palavra da vez \u00e9 \u201cvencer\u201d, vencer e mostrar for\u00e7a do elenco que foi montado para este tipo de jogo, o Galo tem for\u00e7a para sair com a vit\u00f3ria e mostrar que est\u00e1 no campeonato almejando grandes voos e quem sabe o t\u00edtulo vem, campeonato de pontos corridos \u00e9 jogo a jogo, ponto a ponto, ent\u00e3o \u00e9 preciso somar vencer e aproveitar as oportunidades que a tabela oferece. Confronto duro, mas o elenco \u00e9 forte e tem que jogar para vencer!<\/p>\n<p>Vamos Pra cima!!!<\/p>\n<p>Vamos Galo!<\/p>\n<p>Aqui \u00e9 Galo, Sempre!<\/p>\n<p>Esporada Neles Galo!!<\/p>\n<p>&nbsp;<\/p>\n<p><strong>FICHA T\u00c9CNICA DA PARTIDA<\/strong><\/p>\n<p>ATLETICO X FLAMENGO<br \/>\n\u200bEst\u00e1dio: Mineir\u00e3o<\/p>\n<p>Data e hora: \u00a007 de junho de 2021, \u00e0s 19:00 (de Bras\u00edlia)<\/p>\n<p>Motivo: 10\u00aa rodada Campeonato Brasileiro<\/p>\n<p>&nbsp;<\/p>\n<p><strong><u>PROV\u00c1VEIS ESCALA\u00c7\u00d5ES: <\/u><\/strong><\/p>\n<p><strong><u>Atl\u00e9tico:<\/u><\/strong><\/p>\n<p>O prov\u00e1vel time escalado:<\/p>\n<p>Everson, Mariano, Igor Rabello, Junior Alonso, Guilherme Arana, Allan (Jair), Tch\u00ea Tch\u00ea (Zaracho), Nathan (Hyoran), Savarino, Marrony e Hulk. T\u00e9cnico: Cuca.<\/p>\n<p>&nbsp;<\/p>\n<p><strong><u>Flamengo:<\/u><\/strong><\/p>\n<p>O prov\u00e1vel time escalado:<\/p>\n<p>Diego Alves, Isla, Rodrigo Caio, Gustavo Henrique, Felipe Lu\u00eds, Ar\u00e3o, Jo\u00e3o Gomes, Arrascaeta, Michael, Bruno Henrique e Pedro. T\u00e9cnico: Rog\u00e9rio Ceni.<\/p>\n<p>&nbsp;<\/p>\n<p>Para mais informa\u00e7\u00f5es do Atl\u00e9tico, siga o Espora 13 nas redes sociais:<\/p>\n<p><a href=\"https:\/\/twitter.com\/Espora13\">Clica e Siga no Twitter<\/a><\/p>\n<p><a href=\"https:\/\/www.facebook.com\/espora13oficial\">Clica e Siga no\u00a0Facebook<\/a><\/p>\n<p><a href=\"https:\/\/www.instagram.com\/espora13\/\">Clica e Siga no Instagram<\/a><\/p>\n<p><a href=\"https:\/\/www.twitch.tv\/espora13\">Clica e Siga na Twitch<\/a><\/p>\n<p><a href=\"https:\/\/open.spotify.com\/user\/5ljo01qd7to5rzprw8tpdkwg6?si=IJ9LRCfKTQGzLaiI_pSo4w\">Clica e Siga no Spotify<\/a><\/p>\n<p><a href=\"https:\/\/vm.tiktok.com\/ZMJWsH9ua\/\">Clica e Siga no Tik Tok<\/a><\/p>\n<p><a href=\"https:\/\/www.youtube.com\/tvespora13\">Inscreva-se no canal do youtube TV Espora 13<\/a><\/p>\n<p>Esporada neles Galooooooooooooo!!!<\/p>\n","protected":false},"excerpt":{"rendered":"<p>&nbsp; \u00c9 dia de Galo!! Dia de mais um jogo decisivo! Dia de cl\u00e1ssico nacional! \u00c9 jogo importante no Brasileir\u00e3o!<\/p>\n","protected":false},"author":25,"featured_media":5432,"comment_status":"open","ping_status":"open","sticky":false,"template":"","format":"standard","meta":[],"categories":[73],"tags":[],"_links":{"self":[{"href":"https:\/\/espora13.com.br\/index.php\/wp-json\/wp\/v2\/posts\/5418"}],"collection":[{"href":"https:\/\/espora13.com.br\/index.php\/wp-json\/wp\/v2\/posts"}],"about":[{"href":"https:\/\/espora13.com.br\/index.php\/wp-json\/wp\/v2\/types\/post"}],"author":[{"embeddable":true,"href":"https:\/\/espora13.com.br\/index.php\/wp-json\/wp\/v2\/users\/25"}],"replies":[{"embeddable":true,"href":"https:\/\/espora13.com.br\/index.php\/wp-json\/wp\/v2\/comments?post=5418"}],"version-history":[{"count":5,"href":"https:\/\/espora13.com.br\/index.php\/wp-json\/wp\/v2\/posts\/5418\/revisions"}],"predecessor-version":[{"id":5433,"href":"https:\/\/espora13.com.br\/index.php\/wp-json\/wp\/v2\/posts\/5418\/revisions\/5433"}],"wp:featuredmedia":[{"embeddable":true,"href":"https:\/\/espora13.com.br\/index.php\/wp-json\/wp\/v2\/media\/5432"}],"wp:attachment":[{"href":"https:\/\/espora13.com.br\/index.php\/wp-json\/wp\/v2\/media?parent=5418"}],"wp:term":[{"taxonomy":"category","embeddable":true,"href":"https:\/\/espora13.com.br\/index.php\/wp-json\/wp\/v2\/categories?post=5418"},{"taxonomy":"post_tag","embeddable":true,"href":"https:\/\/espora13.com.br\/index.php\/wp-json\/wp\/v2\/tags?post=5418"}],"curies":[{"name":"wp","href":"https:\/\/api.w.org\/{rel}","templated":true}]}}