{"id":5805,"date":"2021-08-05T00:56:47","date_gmt":"2021-08-05T03:56:47","guid":{"rendered":"http:\/\/espora13.com.br\/?p=5805"},"modified":"2021-08-06T04:57:32","modified_gmt":"2021-08-06T07:57:32","slug":"com-sofrimento-galo-perde-mas-elimina-o-bahia-na-copa-do-brasil","status":"publish","type":"post","link":"https:\/\/espora13.com.br\/index.php\/2021\/08\/05\/com-sofrimento-galo-perde-mas-elimina-o-bahia-na-copa-do-brasil\/","title":{"rendered":"Com sofrimento, Galo elimina o Bahia na Copa do Brasil"},"content":{"rendered":"<p>O Atl\u00e9tico perdeu a invencibilidade de 10 jogos na temporada, mas conseguiu a classifica\u00e7\u00e3o diante do Bahia pela partida de volta das oitavas de final da Copa do Brasil.<\/p>\n<p>O Bahia perdeu o mando de campo devido \u00e0 puni\u00e7\u00e3o na final da Copa do Nordeste e o jogo foi realizado no Est\u00e1dio J\u00f3ia da Princesa, em Feira de Santana.<\/p>\n<p>O t\u00e9cnico Cuca escalou o Atl\u00e9tico com Jair e Hulk entre os titulares e Nacho Fern\u00e1ndez no banco de reservas.<\/p>\n<p>O t\u00e9cnico do Bahia, Dado Cavalcanti, vinha bastante pressionado, j\u00e1 que o tricolor baiano vinha de resultados ruins na temporada. Dado disse em entrevistas antes do jogo que, diante da fase inst\u00e1vel do Bahia, precisava &#8220;pensar fora da caixa&#8221;. O treinador do Bahia fez tr\u00eas mudan\u00e7as no time titular com as entradas de Lucas Mugni, Matheus Teixeira e Matheus Bahia.<\/p>\n<p><strong>O Jogo<\/strong><\/p>\n<p>\u00c0 beira do caos. Nada pode sumarizar melhor a noite do Atl\u00e9tico. Tendo ganhado o jogo de ida por 2&#215;0 no Mineir\u00e3o, o Galo podia perder por at\u00e9 um gol de diferen\u00e7a para o Bahia (n\u00e3o h\u00e1 mais regra de gol fora de casa).<\/p>\n<p>A apreens\u00e3o estava alta no primeiro tempo e piorou quando Rossi arriscou de fora da \u00e1rea e Everson aceitou. 1&#215;0 para o Bahia, antes dos 15 minutos de jogo. O Galo tentou reagir, chegava pr\u00f3ximo da \u00e1rea rival, mas sem finalizar com muito perigo. Tch\u00ea Tch\u00ea lutava muito, mas Jair e Sasha pareciam perdidos em campo. Por sua vez, Savarino e Hulk erravam no ter\u00e7o final. Sem converter as oportunidades, o Atl\u00e9tico deu chances para o Bahia sonhar.<\/p>\n<figure id=\"attachment_5812\" aria-describedby=\"caption-attachment-5812\" style=\"width: 564px\" class=\"wp-caption aligncenter\"><img loading=\"lazy\" class=\" wp-image-5812\" src=\"https:\/\/espora13.com.br\/wp-content\/uploads\/2021\/08\/232130430_10159538376967552_4658755960955174531_n.jpg\" alt=\"Espora 13 - Atl\u00e9tico - Galo - Atl\u00e9tico-MG - Com sofrimento! Galo perde invencibilidade, mas elimina o Bahia na Copa do Brasil\" width=\"564\" height=\"376\" srcset=\"https:\/\/espora13.com.br\/wp-content\/uploads\/2021\/08\/232130430_10159538376967552_4658755960955174531_n.jpg 1000w, https:\/\/espora13.com.br\/wp-content\/uploads\/2021\/08\/232130430_10159538376967552_4658755960955174531_n-300x200.jpg 300w, https:\/\/espora13.com.br\/wp-content\/uploads\/2021\/08\/232130430_10159538376967552_4658755960955174531_n-768x511.jpg 768w, https:\/\/espora13.com.br\/wp-content\/uploads\/2021\/08\/232130430_10159538376967552_4658755960955174531_n-177x118.jpg 177w, https:\/\/espora13.com.br\/wp-content\/uploads\/2021\/08\/232130430_10159538376967552_4658755960955174531_n-272x182.jpg 272w\" sizes=\"(max-width: 564px) 100vw, 564px\" \/><figcaption id=\"caption-attachment-5812\" class=\"wp-caption-text\">Foto: Pedro Souza\/Atl\u00e9tico<\/figcaption><\/figure>\n<p>Os tricolores cresceram no jogo e passaram a incomodar, quase sempre pelas laterais. Em um escanteio, Everson n\u00e3o dominou uma bola cruzada e cedeu mais uma vez, no entanto, no seguimdnto da jogada, operou um milagre em uma cabe\u00e7ada de Lu\u00eds Ot\u00e1vio na pequena \u00e1rea.<\/p>\n<p>Nos minutos finais do primeiro tempo, um dos refletores do est\u00e1dio apagou. Ap\u00f3s di\u00e1logo entre as equipes e a arbitragem, o jogo foi retomado para os tr\u00eas minutos finais. A falta de luz estava na por\u00e7\u00e3o do campo onde o Bahia se defendia. Tudo ebcaminhava para a vit\u00f3ria parcial do Bahia por 1&#215;0, mas a desaten\u00e7\u00e3o do Atl\u00e9tico custou caro. Juninho Capixaba apareceu na pequena \u00e1rea, antecipou R\u00e9ver e cabeceou para as redes. Com sua vantagem reduzida a p\u00f3, o Galo teve que mudar a postura. Cuca sacou Sasha, Savarino e Tch\u00ea Tch\u00ea, entrando Nacho, Vargas e Borrero, respectivamente.<\/p>\n<figure id=\"attachment_5813\" aria-describedby=\"caption-attachment-5813\" style=\"width: 562px\" class=\"wp-caption aligncenter\"><img loading=\"lazy\" class=\" wp-image-5813\" src=\"https:\/\/espora13.com.br\/wp-content\/uploads\/2021\/08\/233356380_10159538376837552_3276058762188262744_n.jpg\" alt=\"Espora 13 - Atl\u00e9tico - Galo - Atl\u00e9tico-MG - Com sofrimento! Galo perde invencibilidade, mas elimina o Bahia na Copa do Brasil\" width=\"562\" height=\"387\" srcset=\"https:\/\/espora13.com.br\/wp-content\/uploads\/2021\/08\/233356380_10159538376837552_3276058762188262744_n.jpg 964w, https:\/\/espora13.com.br\/wp-content\/uploads\/2021\/08\/233356380_10159538376837552_3276058762188262744_n-300x207.jpg 300w, https:\/\/espora13.com.br\/wp-content\/uploads\/2021\/08\/233356380_10159538376837552_3276058762188262744_n-768x530.jpg 768w\" sizes=\"(max-width: 562px) 100vw, 562px\" \/><figcaption id=\"caption-attachment-5813\" class=\"wp-caption-text\">Foto: Pedro Souza\/Atl\u00e9tico<\/figcaption><\/figure>\n<p>As altera\u00e7\u00f5es foram certeiras e o Galo come\u00e7ou a pressionar. Havia mais organiza\u00e7\u00e3o, melhor sa\u00edda de bola e um Nacho mais presente em campo, ao contr\u00e1rio do perdido Eduardo Sasha. Vargas confirmou sua ascens\u00e3o e chamou para si a responsabilidade correndo muito e dando op\u00e7\u00e3o. De tal forma, o chileno foi recompensado. Recebeu lindo cruzamento de Dylan, e cabeceou firme para o fundo das redes.<\/p>\n<figure id=\"attachment_5807\" aria-describedby=\"caption-attachment-5807\" style=\"width: 420px\" class=\"wp-caption aligncenter\"><img loading=\"lazy\" class=\" wp-image-5807\" src=\"https:\/\/espora13.com.br\/wp-content\/uploads\/2021\/08\/51351325998_7ce1e2ad8c_k-266x300.jpg\" alt=\"\" width=\"420\" height=\"474\" srcset=\"https:\/\/espora13.com.br\/wp-content\/uploads\/2021\/08\/51351325998_7ce1e2ad8c_k-266x300.jpg 266w, https:\/\/espora13.com.br\/wp-content\/uploads\/2021\/08\/51351325998_7ce1e2ad8c_k-906x1024.jpg 906w, https:\/\/espora13.com.br\/wp-content\/uploads\/2021\/08\/51351325998_7ce1e2ad8c_k-768x868.jpg 768w, https:\/\/espora13.com.br\/wp-content\/uploads\/2021\/08\/51351325998_7ce1e2ad8c_k.jpg 1133w\" sizes=\"(max-width: 420px) 100vw, 420px\" \/><figcaption id=\"caption-attachment-5807\" class=\"wp-caption-text\">Foto: Pedro Souza\/Atl\u00e9tico<\/figcaption><\/figure>\n<p>O gol salvador de Vargas recolocou o Atl\u00e9tico em vantagem no duelo e brigou o Bahia a partir com tudo para o ataque. O Galo n\u00e3o s\u00f3 defendeu bem, como tamb\u00e9m criou chances clar\u00edssimas de matar o jogo. Na melhor delas, Hulk colocou Borrero na cara do gol, mas o colombiano chutou muito forte para fora. J\u00e1 no desespero, o Bahia tentou al\u00e7ar bolas na \u00e1rea de qualquer maneira, mas Everson, R\u00e9ver e Alonso fecharam os espa\u00e7os. Com sofrimento, o Atl\u00e9tico saiu da Bahia com a classifica\u00e7\u00e3o rumo \u00e0s quartas de final da Copa do Brasil.<\/p>\n<figure id=\"attachment_5814\" aria-describedby=\"caption-attachment-5814\" style=\"width: 637px\" class=\"wp-caption aligncenter\"><img loading=\"lazy\" class=\" wp-image-5814\" src=\"https:\/\/espora13.com.br\/wp-content\/uploads\/2021\/08\/228978614_10159538296417552_6735792464988643191_n.jpg\" alt=\"Espora 13 - Atl\u00e9tico - Galo - Atl\u00e9tico-MG - Com sofrimento! Galo perde invencibilidade, mas elimina o Bahia na Copa do Brasil\" width=\"637\" height=\"494\" srcset=\"https:\/\/espora13.com.br\/wp-content\/uploads\/2021\/08\/228978614_10159538296417552_6735792464988643191_n.jpg 1280w, https:\/\/espora13.com.br\/wp-content\/uploads\/2021\/08\/228978614_10159538296417552_6735792464988643191_n-300x233.jpg 300w, https:\/\/espora13.com.br\/wp-content\/uploads\/2021\/08\/228978614_10159538296417552_6735792464988643191_n-1024x794.jpg 1024w, https:\/\/espora13.com.br\/wp-content\/uploads\/2021\/08\/228978614_10159538296417552_6735792464988643191_n-768x596.jpg 768w\" sizes=\"(max-width: 637px) 100vw, 637px\" \/><figcaption id=\"caption-attachment-5814\" class=\"wp-caption-text\">Foto: Pedro Souza\/Atl\u00e9tico<\/figcaption><\/figure>\n<p><strong>Ficha T\u00e9cnica<\/strong><\/p>\n<p>BAHIA<b> 2 X 1 ATL\u00c9TICO<br \/>\nData\/Hora: <\/b>4 de agosto de 2021, \u00e0s 21h30 (de Bras\u00edlia)<br \/>\n<b>Local: <\/b>J\u00f3ia da Princesa, Feira de Santana (BA)<br \/>\n<b>\u00c1rbitro:<\/b> Vinicius Gon\u00e7alves Dias Araujo (SP)<br \/>\n<b>Assistentes:<\/b> Marcelo Carvalho Van Gasse e Daniel Paulo Ziolli (SP)<br \/>\n<b>VAR:<\/b> Jos\u00e9 Cl\u00e1udio Rocha Filho (SP)<br \/>\n<b>Gols: <\/b>Rossi, aos 11\u2019-1\u00baT, Juninho Capixaba, aos 53\u2019-1\u00baT,Vargas, aos 17\u2019-2\u00baT<br \/>\n<b>Cart\u00f5es amarelos:<\/b> Nacho Fern\u00e1ndez, Vargas, Borrero, Allan (CAM); Luiz Ot\u00e1vio, Thonny Anderson (BAH).<\/p>\n<p><b>BAHIA: <\/b>Matheus Teixeira; Nino Para\u00edba, Conti, Luiz Ot\u00e1vio e Juninho Capixaba; Patrick de Lucca (Lucas Ara\u00fajo, aos 12\u2019-2\u00baT), Daniel e Lucas Mugni (Thonny Anderson, aos 31\u2019-2\u00baT); Rossi (\u00d3scar Ruiz, aos 38\u2019-2\u00baT), Rodriguinho (Ronaldo C\u00e9sar, aos 38\u2019-2\u00baT) e Gilberto. <b>T\u00e9cnico: <\/b>Dado Cavalcanti<\/p>\n<p><b>ATL\u00c9TICO: <\/b>Everson; Mariano (Guga, aos 30\u2019-2\u00baT), R\u00e9ver, J\u00fanior Alonso e Dod\u00f4; Allan, Jair (Neto, aos 49\u2019-2\u00baT) e Tch\u00ea Tch\u00ea (Vargas-intervalo);Eduardo Sasha(Nacho Fern\u00e1ndez), Savarino (Dylan Borrero-intervalo) e Hulk. <b>T\u00e9cnico: <\/b>Cuca<\/p>\n<p>&nbsp;<\/p>\n<p>Para mais informa\u00e7\u00f5es do Atl\u00e9tico, siga o Espora 13 nas redes sociais:<\/p>\n<div data-offset-key=\"4bstq-0-0\"><a href=\"https:\/\/twitter.com\/Espora13\" target=\"_blank\" rel=\"noopener noreferrer\">Clica e Siga no Twitter<\/a><\/div>\n<div class=\"\" data-block=\"true\" data-editor=\"8nssr\" data-offset-key=\"4bstq-0-0\">\n<div data-offset-key=\"4bstq-0-0\"><a href=\"https:\/\/www.facebook.com\/espora13oficial\" target=\"_blank\" rel=\"noopener noreferrer\">Clica e Siga no\u00a0Facebook<\/a><\/div>\n<div data-offset-key=\"4bstq-0-0\"><a href=\"https:\/\/www.instagram.com\/espora13\/\" target=\"_blank\" rel=\"noopener noreferrer\">Clica e Siga no Instagram<\/a><\/div>\n<div data-offset-key=\"4bstq-0-0\"><a href=\"https:\/\/www.twitch.tv\/espora13\" target=\"_blank\" rel=\"noopener noreferrer\">Clica e Siga na Twitch<\/a><\/div>\n<div data-offset-key=\"4bstq-0-0\"><a href=\"https:\/\/open.spotify.com\/user\/5ljo01qd7to5rzprw8tpdkwg6?si=IJ9LRCfKTQGzLaiI_pSo4w\" target=\"_blank\" rel=\"noopener noreferrer\">Clica e Siga no Spotify<\/a><\/div>\n<div data-offset-key=\"4bstq-0-0\"><a href=\"https:\/\/vm.tiktok.com\/ZMJWsH9ua\/\" target=\"_blank\" rel=\"noopener noreferrer\">Clica e Siga no Tik Tok<\/a><\/div>\n<div data-offset-key=\"4bstq-0-0\"><a href=\"https:\/\/www.youtube.com\/tvespora13\" target=\"_blank\" rel=\"noopener noreferrer\">Inscreva-se no canal do youtube TV Espora 13<\/a><\/div>\n<p data-offset-key=\"4bstq-0-0\">\n<\/div>\n<div class=\"\" data-block=\"true\" data-editor=\"8nssr\" data-offset-key=\"5qnvf-0-0\">\n<div class=\"_1mf _1mj\" data-offset-key=\"5qnvf-0-0\">\n<p><span data-offset-key=\"5qnvf-0-0\">Esporada neles Galooooooooooooo!!!<\/span><\/p>\n<\/div>\n<\/div>\n","protected":false},"excerpt":{"rendered":"<p>O Atl\u00e9tico perdeu a invencibilidade de 10 jogos na temporada, mas conseguiu a classifica\u00e7\u00e3o diante do Bahia pela partida de<\/p>\n","protected":false},"author":14,"featured_media":5815,"comment_status":"open","ping_status":"open","sticky":false,"template":"","format":"standard","meta":[],"categories":[75],"tags":[127],"_links":{"self":[{"href":"https:\/\/espora13.com.br\/index.php\/wp-json\/wp\/v2\/posts\/5805"}],"collection":[{"href":"https:\/\/espora13.com.br\/index.php\/wp-json\/wp\/v2\/posts"}],"about":[{"href":"https:\/\/espora13.com.br\/index.php\/wp-json\/wp\/v2\/types\/post"}],"author":[{"embeddable":true,"href":"https:\/\/espora13.com.br\/index.php\/wp-json\/wp\/v2\/users\/14"}],"replies":[{"embeddable":true,"href":"https:\/\/espora13.com.br\/index.php\/wp-json\/wp\/v2\/comments?post=5805"}],"version-history":[{"count":10,"href":"https:\/\/espora13.com.br\/index.php\/wp-json\/wp\/v2\/posts\/5805\/revisions"}],"predecessor-version":[{"id":5821,"href":"https:\/\/espora13.com.br\/index.php\/wp-json\/wp\/v2\/posts\/5805\/revisions\/5821"}],"wp:featuredmedia":[{"embeddable":true,"href":"https:\/\/espora13.com.br\/index.php\/wp-json\/wp\/v2\/media\/5815"}],"wp:attachment":[{"href":"https:\/\/espora13.com.br\/index.php\/wp-json\/wp\/v2\/media?parent=5805"}],"wp:term":[{"taxonomy":"category","embeddable":true,"href":"https:\/\/espora13.com.br\/index.php\/wp-json\/wp\/v2\/categories?post=5805"},{"taxonomy":"post_tag","embeddable":true,"href":"https:\/\/espora13.com.br\/index.php\/wp-json\/wp\/v2\/tags?post=5805"}],"curies":[{"name":"wp","href":"https:\/\/api.w.org\/{rel}","templated":true}]}}