{"id":6028,"date":"2021-09-13T15:25:44","date_gmt":"2021-09-13T18:25:44","guid":{"rendered":"http:\/\/espora13.com.br\/?p=6028"},"modified":"2021-09-13T22:05:53","modified_gmt":"2021-09-14T01:05:53","slug":"segue-o-lider-galo-inicia-o-returno-com-vitoria-importante-contra-o-fortaleza-fora-de-casa-e-amplia-vantagem-no-topo-da-tabela","status":"publish","type":"post","link":"https:\/\/espora13.com.br\/index.php\/2021\/09\/13\/segue-o-lider-galo-inicia-o-returno-com-vitoria-importante-contra-o-fortaleza-fora-de-casa-e-amplia-vantagem-no-topo-da-tabela\/","title":{"rendered":"Segue o l\u00edder! Galo inicia o returno com vit\u00f3ria importante contra o Fortaleza fora de casa, e amplia vantagem no topo da tabela"},"content":{"rendered":"<figure id=\"attachment_6030\" aria-describedby=\"caption-attachment-6030\" style=\"width: 2048px\" class=\"wp-caption aligncenter\"><img loading=\"lazy\" class=\"size-full wp-image-6030\" src=\"https:\/\/espora13.com.br\/wp-content\/uploads\/2021\/09\/51458951964_185b1825d6_k.jpg\" alt=\"Espora 13 - Atl\u00e9tico - Galo - Atl\u00e9tico-MG - \" width=\"2048\" height=\"1365\" srcset=\"https:\/\/espora13.com.br\/wp-content\/uploads\/2021\/09\/51458951964_185b1825d6_k.jpg 2048w, https:\/\/espora13.com.br\/wp-content\/uploads\/2021\/09\/51458951964_185b1825d6_k-300x200.jpg 300w, https:\/\/espora13.com.br\/wp-content\/uploads\/2021\/09\/51458951964_185b1825d6_k-1024x683.jpg 1024w, https:\/\/espora13.com.br\/wp-content\/uploads\/2021\/09\/51458951964_185b1825d6_k-768x512.jpg 768w, https:\/\/espora13.com.br\/wp-content\/uploads\/2021\/09\/51458951964_185b1825d6_k-1536x1024.jpg 1536w, https:\/\/espora13.com.br\/wp-content\/uploads\/2021\/09\/51458951964_185b1825d6_k-177x118.jpg 177w, https:\/\/espora13.com.br\/wp-content\/uploads\/2021\/09\/51458951964_185b1825d6_k-272x182.jpg 272w\" sizes=\"(max-width: 2048px) 100vw, 2048px\" \/><figcaption id=\"caption-attachment-6030\" class=\"wp-caption-text\">Foto: Pedro Souza \/ Atl\u00e9tico<\/figcaption><\/figure>\n<p>&nbsp;<\/p>\n<p>Em mais um duelo decisivo pelo Campeonato Brasileiro Galo venceu a boa equipe do Fortaleza, fora de casa, e iniciou com o p\u00e9 direito o returno do campeonato, seguindo firme na ponta da tabela. Foi um jogo equilibrado, com duas equipes com propostas bem interessantes, com muita velocidade, luta e disposi\u00e7\u00e3o, mas com um Galo sempre dominante das a\u00e7\u00f5es durante os 90 minutos de jogo. Com a vit\u00f3ria o Galo que chega a 12 jogos de invencibilidade no campeonato e segue l\u00edder com 07 pontos de diferen\u00e7a do segundo colocado do campeonato.<\/p>\n<p><strong><u>O Jogo<\/u><\/strong><\/p>\n<p>Os dois times seguem em busca de grandes resultados na temporada, o Galo atual l\u00edder do campeonato e o Fortaleza, time sensa\u00e7\u00e3o, com um campanha excelente, brigando pelo G6 do Brasileir\u00e3o. O t\u00e9cnico Cuca optou por uma escala\u00e7\u00e3o com Vargas fazendo dupla de ataque com Hulk, com Allan Zaracho e Jair formando o meio campo alvinegro com Nacho Fernandez. O Fortaleza optou por um esquema retra\u00eddo buscando contragolpes r\u00e1pidos com seus pontas David e Lucas Crispim. Com isso o duelo ficou de muita briga e de certa forma &#8220;travado&#8221; no meio campo, at\u00e9 o segundo tempo, que com o Galo em vantagem o Fortaleza se viu obrigado a mudar o estilo de jogo, e com isso mais espa\u00e7os apareceram no bom duelo deste domingo.<\/p>\n<p>&nbsp;<\/p>\n<p><strong><u>1\u00ba Tempo<\/u><\/strong><\/p>\n<p>O Primeiro tempo come\u00e7ou bem travado e cheio de brigas por espa\u00e7o. Os dois times buscavam a vit\u00f3ria, cada um dentro de sua caracter\u00edstica, com o Galo sempre com maior posse de bola e o Fortaleza perigoso em contragolpes. Hulk e Vargas buscavam incomodar mas o Fortaleza seguia bem fechado, dificultando as a\u00e7\u00f5es mais agressivas do forte ataque alvinegro. Vargas e Nacho seguiam como figuras mais incomodas para o advers\u00e1rio, mas paravam hora na forte marca\u00e7\u00e3o e hora nas defesas do goleiro. Por outro lado Lucas Crispim era a figura mais atuante no ataque do Fortaleza, aos 37, ele foi autor de grande jogada, que parou em boa defesa de Everson, ap\u00f3s toque de letra do atacante David. E tivemos um primeiro tempo com muita briga, disputa, mas poucas chances claras para ambas as equipes. Um 0x0 justo na primeira etapa.<\/p>\n<figure id=\"attachment_6032\" aria-describedby=\"caption-attachment-6032\" style=\"width: 640px\" class=\"wp-caption aligncenter\"><img loading=\"lazy\" class=\"size-large wp-image-6032\" src=\"https:\/\/espora13.com.br\/wp-content\/uploads\/2021\/09\/51457184607_2e1ae5a825_k-1024x683.jpg\" alt=\"Espora 13 - Atl\u00e9tico - Galo - Atl\u00e9tico-MG -\" width=\"640\" height=\"427\" srcset=\"https:\/\/espora13.com.br\/wp-content\/uploads\/2021\/09\/51457184607_2e1ae5a825_k-1024x683.jpg 1024w, https:\/\/espora13.com.br\/wp-content\/uploads\/2021\/09\/51457184607_2e1ae5a825_k-300x200.jpg 300w, https:\/\/espora13.com.br\/wp-content\/uploads\/2021\/09\/51457184607_2e1ae5a825_k-768x512.jpg 768w, https:\/\/espora13.com.br\/wp-content\/uploads\/2021\/09\/51457184607_2e1ae5a825_k-1536x1024.jpg 1536w, https:\/\/espora13.com.br\/wp-content\/uploads\/2021\/09\/51457184607_2e1ae5a825_k-177x118.jpg 177w, https:\/\/espora13.com.br\/wp-content\/uploads\/2021\/09\/51457184607_2e1ae5a825_k-272x182.jpg 272w, https:\/\/espora13.com.br\/wp-content\/uploads\/2021\/09\/51457184607_2e1ae5a825_k.jpg 2047w\" sizes=\"(max-width: 640px) 100vw, 640px\" \/><figcaption id=\"caption-attachment-6032\" class=\"wp-caption-text\">Vargas foi bem num primeiro tempo &#8220;travado&#8221; entre as equipes. Meia Zaracho, comemora o primeiro gol alvinegro no duelo. Foto: Pedro Souza \/ Atl\u00e9tico<\/figcaption><\/figure>\n<p>&nbsp;<\/p>\n<p><strong><u>2\u00ba Tempo<\/u><\/strong><\/p>\n<p>O segundo tempo come\u00e7ou com o Galo demonstrando mais intensidade em busca da vit\u00f3ria, sabendo da import\u00e2ncia de seguir pontuando, o time entrou em campo para resolver. E logo aos 04 minutos da segunda etapa, os comandados de Cuca mostraram o resultado do coletivo e em brilhante jogada que come\u00e7ou com Mariano na defesa, passou por Nacho e Hulk com grande jogada at\u00e9 servir Eduardo Vargas, o chileno dominou dentro da \u00e1rea e com toda classe e tranquilidade, serviu Mathias Zaracho que entrava como elemento surpresa, Zaracho em grande fase n\u00e3o desperdi\u00e7ou, e com finaliza\u00e7\u00e3o forte fez 1&#215;0 para o alvinegro, um belo gol coletivo.<\/p>\n<figure id=\"attachment_6031\" aria-describedby=\"caption-attachment-6031\" style=\"width: 640px\" class=\"wp-caption aligncenter\"><img loading=\"lazy\" class=\"size-large wp-image-6031\" src=\"https:\/\/espora13.com.br\/wp-content\/uploads\/2021\/09\/51458477138_44e27d213f_k-1024x1024.jpg\" alt=\"Espora 13 - Atl\u00e9tico - Galo - Atl\u00e9tico-MG -\" width=\"640\" height=\"640\" srcset=\"https:\/\/espora13.com.br\/wp-content\/uploads\/2021\/09\/51458477138_44e27d213f_k-1024x1024.jpg 1024w, https:\/\/espora13.com.br\/wp-content\/uploads\/2021\/09\/51458477138_44e27d213f_k-300x300.jpg 300w, https:\/\/espora13.com.br\/wp-content\/uploads\/2021\/09\/51458477138_44e27d213f_k-150x150.jpg 150w, https:\/\/espora13.com.br\/wp-content\/uploads\/2021\/09\/51458477138_44e27d213f_k-768x768.jpg 768w, https:\/\/espora13.com.br\/wp-content\/uploads\/2021\/09\/51458477138_44e27d213f_k-1536x1536.jpg 1536w, https:\/\/espora13.com.br\/wp-content\/uploads\/2021\/09\/51458477138_44e27d213f_k.jpg 2048w\" sizes=\"(max-width: 640px) 100vw, 640px\" \/><figcaption id=\"caption-attachment-6031\" class=\"wp-caption-text\">Meia Zaracho, comemora o primeiro gol alvinegro no duelo. Foto: Pedro Souza \/ Atl\u00e9tico<\/figcaption><\/figure>\n<p>&nbsp;<\/p>\n<p>Com o gol o Fortaleza abriu mais o esquema de jogo, buscando o resultado no duelo. O t\u00e9cnico Vojvoda, lan\u00e7ava o time mais a frente, enquanto Cuca, optou por colocar Rever e Diego Costa, para suprimir o esquema do advers\u00e1rio. Rever entrou bem e foi gigante na defesa, j\u00e1 que o Fortaleza, com suas altera\u00e7\u00f5es buscava muito jogo a\u00e9reo, ao lado de Alonso e Nathan, o Capit\u00e3o Am\u00e9rica, segurava todas as investidas do advers\u00e1rio. Na frente Hulk e Diego Costa buscavam os espa\u00e7os, aproveitando a intensidade dos laterais, principalmente Guilherme Arana, que teve boas oportunidades no segundo tempo. O Galo seguia seguro na defesa, e em uma cobran\u00e7a de escanteio ap\u00f3s boa trama ofensiva, veio o gol que praticamente sacramentou a vit\u00f3ria alvinegra. Nacho Fernandez cruzou na cabe\u00e7a de Junior Alonso, o capit\u00e3o e destaque alvinegro, fez um dif\u00edcil movimento mas conseguiu acertar em cheio o canto de Felipe Alves, 2&#215;0 pro alvinegro, e mais tr\u00eas pontos garantidos na ponta da tabela. Ap\u00f3s o gol o Fortaleza se lan\u00e7ou ao ataque, mas n\u00e3o tinha muito tempo e inspira\u00e7\u00e3o para furar o bloqueio alvinegro na defesa, o alvinegro cadenciava o jogo quando tinha a bola nos p\u00e9s, e foi s\u00f3 esperar o apito final, e a manuten\u00e7\u00e3o da longo invencibilidade no campeonato. Jogo dif\u00edcil, mas um 2&#215;0 justo para a equipe que foi mais fatal no duelo.<\/p>\n<figure id=\"attachment_6033\" aria-describedby=\"caption-attachment-6033\" style=\"width: 640px\" class=\"wp-caption aligncenter\"><img loading=\"lazy\" class=\"size-large wp-image-6033\" src=\"https:\/\/espora13.com.br\/wp-content\/uploads\/2021\/09\/51458584583_6d83a8d49b_k-1024x683.jpg\" alt=\"Espora 13 - Atl\u00e9tico - Galo - Atl\u00e9tico-MG -\" width=\"640\" height=\"427\" srcset=\"https:\/\/espora13.com.br\/wp-content\/uploads\/2021\/09\/51458584583_6d83a8d49b_k-1024x683.jpg 1024w, https:\/\/espora13.com.br\/wp-content\/uploads\/2021\/09\/51458584583_6d83a8d49b_k-300x200.jpg 300w, https:\/\/espora13.com.br\/wp-content\/uploads\/2021\/09\/51458584583_6d83a8d49b_k-768x512.jpg 768w, https:\/\/espora13.com.br\/wp-content\/uploads\/2021\/09\/51458584583_6d83a8d49b_k-1536x1024.jpg 1536w, https:\/\/espora13.com.br\/wp-content\/uploads\/2021\/09\/51458584583_6d83a8d49b_k-177x118.jpg 177w, https:\/\/espora13.com.br\/wp-content\/uploads\/2021\/09\/51458584583_6d83a8d49b_k-272x182.jpg 272w, https:\/\/espora13.com.br\/wp-content\/uploads\/2021\/09\/51458584583_6d83a8d49b_k.jpg 2048w\" sizes=\"(max-width: 640px) 100vw, 640px\" \/><figcaption id=\"caption-attachment-6033\" class=\"wp-caption-text\">Junior Alonso comemora o segundo gol Alvinegro no duelo Foto: Pedro Souza \/ Atl\u00e9tico<\/figcaption><\/figure>\n<p>&nbsp;<\/p>\n<p><strong>Vantagem na tabelo sobe para 7 pontos!<\/strong><\/p>\n<p>Na sa\u00edda do campo, em entrevista no fim de jogo um dos destaques da partida, o capit\u00e3o Junior Alonso disse:<\/p>\n<p>&#8220;O time est\u00e1 trabalhando muito bem. Acho que cada jogador est\u00e1 trabalhando da melhor maneira. Hoje temos um time muito forte. Eu estava com minha sele\u00e7\u00e3o, trabalhando muito, jogando. E meus companheiros aqui treinando da melhor maneira&#8221;<\/p>\n<figure id=\"attachment_6034\" aria-describedby=\"caption-attachment-6034\" style=\"width: 640px\" class=\"wp-caption aligncenter\"><img loading=\"lazy\" class=\"size-large wp-image-6034\" src=\"https:\/\/espora13.com.br\/wp-content\/uploads\/2021\/09\/51459101324_0f1ec7077e_k-1024x1024.jpg\" alt=\"Espora 13 - Atl\u00e9tico - Galo - Atl\u00e9tico-MG -\" width=\"640\" height=\"640\" srcset=\"https:\/\/espora13.com.br\/wp-content\/uploads\/2021\/09\/51459101324_0f1ec7077e_k-1024x1024.jpg 1024w, https:\/\/espora13.com.br\/wp-content\/uploads\/2021\/09\/51459101324_0f1ec7077e_k-300x300.jpg 300w, https:\/\/espora13.com.br\/wp-content\/uploads\/2021\/09\/51459101324_0f1ec7077e_k-150x150.jpg 150w, https:\/\/espora13.com.br\/wp-content\/uploads\/2021\/09\/51459101324_0f1ec7077e_k-768x768.jpg 768w, https:\/\/espora13.com.br\/wp-content\/uploads\/2021\/09\/51459101324_0f1ec7077e_k-1536x1536.jpg 1536w, https:\/\/espora13.com.br\/wp-content\/uploads\/2021\/09\/51459101324_0f1ec7077e_k.jpg 2048w\" sizes=\"(max-width: 640px) 100vw, 640px\" \/><figcaption id=\"caption-attachment-6034\" class=\"wp-caption-text\">Junior Alonso comemora o segundo gol Alvinegro no duelo Foto: Pedro Souza \/ Atl\u00e9tico<\/figcaption><\/figure>\n<p>&nbsp;<\/p>\n<p>&nbsp;<\/p>\n<h3>ATL\u00c9TICO 2 X 0 FORTALEZA<\/h3>\n<div><\/div>\n<div><b>Fortaleza<\/b><\/div>\n<div>Felipe Alves, Tinga, Benevenuto, Titi, \u00c9derson, Jussa (Matheus Vargas 2\u00b0T), Yago Pikachu (Edinho 2\u00b0T), Lucas Crispim, Lucas Lima (Romarinho 2\u00b0T), David (Wellington Paulista 2\u00b0T) e Robson (Igor Torres 2\u00b0T).<\/div>\n<div><b>T\u00e9cnico:<\/b>\u00a0Juan Pablo Vojvoda<\/div>\n<div><\/div>\n<div><b>Atl\u00e9tico<\/b><\/div>\n<div>Everson, Mariano (Guga 2\u00b0T), Nathan Silva, Junior Alonso, Guilherme Arana, Allan, Jair (Rever 2\u00b0T), Zaracho e Nacho Fern\u00e1ndez (Keno, 2\u00b0T), Eduardo Vargas (Diego Costa 2\u00b0T) e Hulk (Nathan 2\u00b0T).<\/div>\n<div><b>T\u00e9cnico:\u00a0<\/b>Cuca<\/div>\n<div><\/div>\n<div><b>Gols: <\/b>Zaracho (4\/2\u00b0T); Junior Alonso (23\/2\u00b0T)<\/div>\n<div><b>Cart\u00f5es amarelos:\u00a0<\/b>Mariano (33\/2\u00b0T); Tinga (42\/1\u00b0T); Jair (12\/2\u00b0T)<\/div>\n<div><\/div>\n<div><b>Motivo:<\/b>\u00a020\u00aa rodada do Campeonato Brasileiro<\/div>\n<div><b>Est\u00e1dio:\u00a0<\/b>Castel\u00e3o, em Fortaleza<\/div>\n<div><b>Data:\u00a0<\/b>Domingo, 12 de setembro<\/div>\n<div><b>Hor\u00e1rio:\u00a0<\/b>16h<\/div>\n<div><\/div>\n<div><b>\u00c1rbitro:<\/b>\u00a0Braulio da Silva Machado (FIFA\/SC)<\/div>\n<div><b>Assistentes:\u00a0<\/b>Henrique Nereu Ribeiro (SC) e Johnny Barros de Oliveira (SC)<\/div>\n<div><\/div>\n<div><\/div>\n<div>\n<p>Para mais informa\u00e7\u00f5es do Atl\u00e9tico, siga o Espora 13 nas redes sociais:<\/p>\n<p><a href=\"https:\/\/twitter.com\/Espora13\">Clica e Siga no Twitter<\/a><\/p>\n<p><a href=\"https:\/\/www.facebook.com\/espora13oficial\">Clica e Siga no\u00a0Facebook<\/a><\/p>\n<p><a href=\"https:\/\/www.instagram.com\/espora13\/\">Clica e Siga no Instagram<\/a><\/p>\n<p><a href=\"https:\/\/www.twitch.tv\/espora13\">Clica e Siga na Twitch<\/a><\/p>\n<p><a href=\"https:\/\/open.spotify.com\/user\/5ljo01qd7to5rzprw8tpdkwg6?si=IJ9LRCfKTQGzLaiI_pSo4w\">Clica e Siga no Spotify<\/a><\/p>\n<p><a href=\"https:\/\/vm.tiktok.com\/ZMJWsH9ua\/\">Clica e Siga no Tik Tok<\/a><\/p>\n<p><a href=\"https:\/\/www.youtube.com\/tvespora13\">Inscreva-se no canal do youtube TV Espora 13<\/a><\/p>\n<p>Esporada neles Galooooooooooooo!!!<\/p>\n<\/div>\n<div><\/div>\n","protected":false},"excerpt":{"rendered":"<p>&nbsp; Em mais um duelo decisivo pelo Campeonato Brasileiro Galo venceu a boa equipe do Fortaleza, fora de casa, e<\/p>\n","protected":false},"author":25,"featured_media":6030,"comment_status":"open","ping_status":"open","sticky":false,"template":"","format":"standard","meta":[],"categories":[75],"tags":[126],"_links":{"self":[{"href":"https:\/\/espora13.com.br\/index.php\/wp-json\/wp\/v2\/posts\/6028"}],"collection":[{"href":"https:\/\/espora13.com.br\/index.php\/wp-json\/wp\/v2\/posts"}],"about":[{"href":"https:\/\/espora13.com.br\/index.php\/wp-json\/wp\/v2\/types\/post"}],"author":[{"embeddable":true,"href":"https:\/\/espora13.com.br\/index.php\/wp-json\/wp\/v2\/users\/25"}],"replies":[{"embeddable":true,"href":"https:\/\/espora13.com.br\/index.php\/wp-json\/wp\/v2\/comments?post=6028"}],"version-history":[{"count":4,"href":"https:\/\/espora13.com.br\/index.php\/wp-json\/wp\/v2\/posts\/6028\/revisions"}],"predecessor-version":[{"id":6037,"href":"https:\/\/espora13.com.br\/index.php\/wp-json\/wp\/v2\/posts\/6028\/revisions\/6037"}],"wp:featuredmedia":[{"embeddable":true,"href":"https:\/\/espora13.com.br\/index.php\/wp-json\/wp\/v2\/media\/6030"}],"wp:attachment":[{"href":"https:\/\/espora13.com.br\/index.php\/wp-json\/wp\/v2\/media?parent=6028"}],"wp:term":[{"taxonomy":"category","embeddable":true,"href":"https:\/\/espora13.com.br\/index.php\/wp-json\/wp\/v2\/categories?post=6028"},{"taxonomy":"post_tag","embeddable":true,"href":"https:\/\/espora13.com.br\/index.php\/wp-json\/wp\/v2\/tags?post=6028"}],"curies":[{"name":"wp","href":"https:\/\/api.w.org\/{rel}","templated":true}]}}