{"id":6145,"date":"2021-09-28T16:42:43","date_gmt":"2021-09-28T19:42:43","guid":{"rendered":"http:\/\/espora13.com.br\/?p=6145"},"modified":"2021-09-28T18:52:18","modified_gmt":"2021-09-28T21:52:18","slug":"rumo-a-gloria-eterna-com-duvidas-no-time-atletico-enfrenta-palmeiras-no-mineirao-pela-decisao-da-semifinal-da-libertadores","status":"publish","type":"post","link":"https:\/\/espora13.com.br\/index.php\/2021\/09\/28\/rumo-a-gloria-eterna-com-duvidas-no-time-atletico-enfrenta-palmeiras-no-mineirao-pela-decisao-da-semifinal-da-libertadores\/","title":{"rendered":"Rumo a &#8220;Gl\u00f3ria Eterna&#8221;! Com d\u00favidas no time, Atl\u00e9tico enfrenta Palmeiras no Mineir\u00e3o pela decis\u00e3o da semifinal da Libertadores"},"content":{"rendered":"<p>Chegou o grande dia, Massa! Em busca da &#8220;Gl\u00f3ria Eterna&#8221;, Atl\u00e9tico e Palmeiras se enfrentam hoje, \u00e0s 21h30, no Mineir\u00e3o, para decir a vaga para a final da Copa Libertadores da Am\u00e9rica. Depois do empate sem gols na partida de ida no Allianz Parque, s\u00f3 interessa uma coisa ao Atl\u00e9tico: vencer, vencer, vencer.<\/p>\n<p>O time do t\u00e9cnico Cuca vem fazendo uma campanha incr\u00edvel na Libertadores 2021. Depois de 11 jogos, o Galo continua invicto na competi\u00e7\u00e3o, com 9 vit\u00f3rias e 2 empates, 29 gols marcados e apenas 6 sofridos. Em 54% dos jogos o Galo n\u00e3o sofreu nenhum gol, sendo a fase de mata-mata a grande respons\u00e1vel por essea n\u00fameros: nenhum gol sofrido.<\/p>\n<p>O Atl\u00e9tico tamb\u00e9m possui um aproveitamento de 87,9% nos jogos da competi\u00e7\u00e3o continental dessa temporada. Com tantos n\u00fameros favor\u00e1veis o alvinegro tamb\u00e9m possui um tabu importante, principalmente porque ir\u00e1 decidir a partida de hoje contra o Palmeiras no Mineir\u00e3o. O Galo n\u00e3o perdeu nenhum jogo da Libertadores no Mineir\u00e3o. Na fase de grupos venceu o Am\u00e9rica de Cali por 2&#215;1, o Cerro Porte\u00f1o e o La Guaira por 4&#215;0 na fase de grupos. Na fase de mata-mata, empatou com o Boca Juniors por 0x0 e venceu o R\u00edver Plate por 3&#215;0. Ou seja, o time de Cuca n\u00e3o sofreu gols no Mineir\u00e3o na atual edi\u00e7\u00e3o da competi\u00e7\u00e3o.<\/p>\n<figure id=\"attachment_6149\" aria-describedby=\"caption-attachment-6149\" style=\"width: 549px\" class=\"wp-caption aligncenter\"><img loading=\"lazy\" class=\" wp-image-6149\" src=\"https:\/\/espora13.com.br\/wp-content\/uploads\/2021\/09\/242069881_10159615072072552_4130587842173386989_n.jpg\" alt=\"Espora 13 - Atl\u00e9tico - Galo - Atl\u00e9tico-MG - Guilherme Arana - Rumo a &quot;Gl\u00f3ria Eterna&quot;! Com d\u00favidas no time, Atl\u00e9tico enfrenta Palmeiras no Mineir\u00e3o pela decis\u00e3o da semifinal da Libertadores\" width=\"549\" height=\"379\" srcset=\"https:\/\/espora13.com.br\/wp-content\/uploads\/2021\/09\/242069881_10159615072072552_4130587842173386989_n.jpg 963w, https:\/\/espora13.com.br\/wp-content\/uploads\/2021\/09\/242069881_10159615072072552_4130587842173386989_n-300x207.jpg 300w, https:\/\/espora13.com.br\/wp-content\/uploads\/2021\/09\/242069881_10159615072072552_4130587842173386989_n-768x530.jpg 768w\" sizes=\"(max-width: 549px) 100vw, 549px\" \/><figcaption id=\"caption-attachment-6149\" class=\"wp-caption-text\">Foto: Pedro Souza \/ Atl\u00e9tico<\/figcaption><\/figure>\n<p>Outro fator importante para a partida de hoje ser\u00e1 a presen\u00e7a de 18 mil torcedores atleticanos no Mineir\u00e3o. Destaque do Atl\u00e9tico na temporada, o lateral Guilherme Arana comentou sobre a import\u00e2ncia do torcedor atleticano presente para essa decis\u00e3o contra o Palmeiras.<\/p>\n<p>&#8220;Jogar com o torcedor \u00e9 diferente, \u00e9 uma energia diferente. Voc\u00ea j\u00e1 entra a duzentos por hora. A volta do torcedor \u00e9 uma energia nova, ainda mais torcedor do Galo que \u00e9 um jogador a mais em campo. Tenho certeza que n\u00e3o vai faltar apoio.&#8221; Disse o lateral do Galo, que foi convocado na semana passada pelo t\u00e9cnico Tite para os pr\u00f3ximos jogos da Sele\u00e7\u00e3o Brasileira nas Eliminat\u00f3rias da Copa do Mundo.<\/p>\n<figure id=\"attachment_6150\" aria-describedby=\"caption-attachment-6150\" style=\"width: 716px\" class=\"wp-caption aligncenter\"><img loading=\"lazy\" class=\" wp-image-6150\" src=\"https:\/\/espora13.com.br\/wp-content\/uploads\/2021\/09\/243457425_10159638420152552_2009141690846835652_n.jpg\" alt=\"Espora 13 - Atl\u00e9tico - Galo - Atl\u00e9tico-MG - Cuca - Treino do Atl\u00e9tico na Cidade do Galo - Rumo a &quot;Gl\u00f3ria Eterna&quot;! Com d\u00favidas no time, Atl\u00e9tico enfrenta Palmeiras no Mineir\u00e3o pela decis\u00e3o da semifinal da Libertadores\" width=\"716\" height=\"435\" srcset=\"https:\/\/espora13.com.br\/wp-content\/uploads\/2021\/09\/243457425_10159638420152552_2009141690846835652_n.jpg 1000w, https:\/\/espora13.com.br\/wp-content\/uploads\/2021\/09\/243457425_10159638420152552_2009141690846835652_n-300x182.jpg 300w, https:\/\/espora13.com.br\/wp-content\/uploads\/2021\/09\/243457425_10159638420152552_2009141690846835652_n-768x466.jpg 768w\" sizes=\"(max-width: 716px) 100vw, 716px\" \/><figcaption id=\"caption-attachment-6150\" class=\"wp-caption-text\">Cuca mant\u00e9m mist\u00e9rio sobre o time titular do Atl\u00e9tico para o jogo contra o Palmeiras na semifinal da Libertadores | Foto: Pedro Souza \/ Atl\u00e9tico<\/figcaption><\/figure>\n<p>O Atl\u00e9tico mant\u00e9m mist\u00e9rio sobre situa\u00e7\u00e3o dos atacantes Diego Costa, Keno e Savarino, desfalques contra o S\u00e3o Paulo. O Galo ainda n\u00e3o deu detalhes se os jogadores treinaram e se ser\u00e3o relacionados para o jogo de hoje contra o Palmeiras. <span class=\"highlight highlighted\">Savarino e Diego Costa foram vistos na Live da TV Galo de chuteira, no campo da Cidade do Galo, antes do in\u00edcio do aquecimento<\/span>.<\/p>\n<p>Cuca pode tentar surpreender Abel Ferreira com essas duas d\u00favidas no ataque e se ir\u00e1 ou n\u00e3o aproveitar os jogadores. O Galo precisa da vit\u00f3ria para conseguir chegar a final e a volta dos atacantes seria primordial para o clube buscar a vit\u00f3ria na partida de hoje balan\u00e7ando as redes do time paulista.<\/p>\n<figure id=\"attachment_6151\" aria-describedby=\"caption-attachment-6151\" style=\"width: 711px\" class=\"wp-caption aligncenter\"><img loading=\"lazy\" class=\" wp-image-6151\" src=\"https:\/\/espora13.com.br\/wp-content\/uploads\/2021\/09\/27092021-cg-palmeiras-3076-2.jpg\" alt=\"\" width=\"711\" height=\"400\" srcset=\"https:\/\/espora13.com.br\/wp-content\/uploads\/2021\/09\/27092021-cg-palmeiras-3076-2.jpg 1008w, https:\/\/espora13.com.br\/wp-content\/uploads\/2021\/09\/27092021-cg-palmeiras-3076-2-300x169.jpg 300w, https:\/\/espora13.com.br\/wp-content\/uploads\/2021\/09\/27092021-cg-palmeiras-3076-2-768x432.jpg 768w\" sizes=\"(max-width: 711px) 100vw, 711px\" \/><figcaption id=\"caption-attachment-6151\" class=\"wp-caption-text\">Elenco do Palmeiras no treino da \u00faltima segunda-feira (27) | Foto: Cesar Greco \\ Palmeiras<\/figcaption><\/figure>\n<p>J\u00e1 o Palmeiras, de Abel Ferreira, tamb\u00e9m faz boa campanha na Libertadores e para chegar a final da competi\u00e7\u00e3o conta com um recorde de invencibilidade como visitante. <span class=\"highlight highlighted\">O time paulista chegou para esta semifinal sem perder fora de casa na competi\u00e7\u00e3o h\u00e1 14 jogos. A \u00faltima derrota do Palmeiras foi na fase de grupos da Libertadores de 2019, para o San Lorenzo, na Argentina. Desde ent\u00e3o, foram dez vit\u00f3rias e quatro empates fora de casa. Isso sem incluir a final de 2020, que foi disputada em campo neutro.<\/span><\/p>\n<p>Mas o t\u00e9cnico Abel Ferreira vem sofrendo cr\u00edticas e sendo pressionado pela torcida e a imprensa em S\u00e3o Paulo. O Verd\u00e3o \u00e9 vice-l\u00edder do Campeonato Brasileiro com 8 pontos atr\u00e1s do Galo. Mas na \u00faltima rodada perdeu para o rival Corinthians por 2&#215;1. Uma elimina\u00e7\u00e3o no jogo de hoje poderia representar uma crise no clube. Se isso acontecer, a demiss\u00e3o do t\u00e9cnico Abel Ferreira s\u00e3o remotas, mas a press\u00e3o aumentar\u00e1 sobre seu trabalho que vem sendo questionado por alguns.<\/p>\n<p>Abel Ferreira vai poder contar com os principais jogadores da equipe, Piquerez e Raphael Veiga, poupados no jogo contra o Corinthians, devem retornar ao time titular. Mas existem d\u00favidas na escala\u00e7\u00e3o. Danilo deve retornar ao meio campo no lugar do Felipe Melo, que foi titular na partida de ida no Allianz Parque. E Wesley deve ocupar a vaga do atacante Luiz Adriano, que foi titular na primeira partida, mas teve uma atua\u00e7\u00e3o muito discreta.<\/p>\n<p>Quem conseguir a classifica\u00e7\u00e3o na partida de hoje, vai receber R$ 31 milh\u00f5es de premia\u00e7\u00e3o (valor que ser\u00e1 pago ao vice-campe\u00e3o. E quem for o campe\u00e3o vai receber cerca de R$ 80 milh\u00f5es). Uma \u00f3tima quantia em tempos de crise financeira agravada pela pandemia, o dinheiro da premia\u00e7\u00e3o ter\u00e1 uma grande serventia para qualquer time que conseguir chegar a final.<\/p>\n<div class=\"mc-column content-text active-extra-styles\" data-block-type=\"raw\" data-block-weight=\"33\" data-block-id=\"4\">\n<p>J\u00e1 a outra semifinal ser\u00e1 entre Barcelona de Guayaquil e o maior rival interestadual do Atl\u00e9tico, o Flamengo. O rubro-negro carioca e o Barcelona de Guayaquil se enfrentar\u00e3o nesta quarta-feira (29), no est\u00e1dio Monumental de Barcelona no Equador. O Urubu venceu o jogo de ida por 2 a 0, no Maracan\u00e3, no Rio de Janeiro.<\/p>\n<\/div>\n<figure id=\"attachment_6148\" aria-describedby=\"caption-attachment-6148\" style=\"width: 618px\" class=\"wp-caption aligncenter\"><img loading=\"lazy\" class=\" wp-image-6148\" src=\"https:\/\/espora13.com.br\/wp-content\/uploads\/2021\/09\/243259124_10159639601797552_7706218133923961913_n.jpg\" alt=\"Espora 13 - Atl\u00e9tico - Galo - Atl\u00e9tico-MG - Rumo a &quot;Gl\u00f3ria Eterna&quot;! Com d\u00favidas no time, Atl\u00e9tico enfrenta Palmeiras no Mineir\u00e3o pela decis\u00e3o da semifinal da Libertadores\" width=\"618\" height=\"425\" srcset=\"https:\/\/espora13.com.br\/wp-content\/uploads\/2021\/09\/243259124_10159639601797552_7706218133923961913_n.jpg 1241w, https:\/\/espora13.com.br\/wp-content\/uploads\/2021\/09\/243259124_10159639601797552_7706218133923961913_n-300x206.jpg 300w, https:\/\/espora13.com.br\/wp-content\/uploads\/2021\/09\/243259124_10159639601797552_7706218133923961913_n-1024x703.jpg 1024w, https:\/\/espora13.com.br\/wp-content\/uploads\/2021\/09\/243259124_10159639601797552_7706218133923961913_n-768x527.jpg 768w\" sizes=\"(max-width: 618px) 100vw, 618px\" \/><figcaption id=\"caption-attachment-6148\" class=\"wp-caption-text\">Foto: Divulga\u00e7\u00e3o \/ Atl\u00e9tico<\/figcaption><\/figure>\n<div class=\"mc-column content-text active-extra-styles \" data-block-type=\"unstyled\" data-block-weight=\"35\" data-block-id=\"5\">\n<p data-track-category=\"Link no Texto\" data-track-links=\"\">Quem chegar\u00e1 a final da Libertadores 2021, Galo ou Porco?<\/p>\n<p data-track-category=\"Link no Texto\" data-track-links=\"\">A certeza \u00e9 que a Massa Alvinegra n\u00e3o vai parar de apoiar nenhum minuto. Mas lembre-se, se voc\u00ea for ao est\u00e1dio, siga todas as regras de seguran\u00e7a e jamais tire a m\u00e1scara. Se for apoiar e gritar torcendo para o Galo, continue com a m\u00e1scara no rosto, tampando o nariz e a boca. A educa\u00e7\u00e3o da torcida, ser\u00e1 determinante para as autoridades continuar mantendo os jogos com p\u00fablico em Belo Horizonte.<\/p>\n<\/div>\n<p data-track-category=\"Link no Texto\" data-track-links=\"\"><a href=\"https:\/\/www.atletico.com.br\/noticias\/atletico-x-palmeiras-orientacoes-de-acesso-ao-mineirao\" target=\"_blank\" rel=\"noopener\">Informa\u00e7\u00f5es sobre o acesso ao Mineir\u00e3o no jogo: Atl\u00e9tico x Palmeiras<\/a><\/p>\n<div class=\"mc-column content-text active-extra-styles \" data-block-type=\"unstyled\" data-block-weight=\"45\" data-block-id=\"6\">\n<div class=\"mc-column content-text active-extra-styles \" data-block-type=\"unstyled\" data-block-weight=\"42\" data-block-id=\"5\">\n<p><strong>Aten\u00e7\u00e3o:<\/strong> <strong>os port\u00f5es da esplanada ser\u00e3o fechados \u00e0s 20h30<\/strong><\/p>\n<\/div>\n<div data-block-type=\"unstyled\" data-block-weight=\"42\" data-block-id=\"5\"><\/div>\n<div class=\"mc-column content-text active-extra-styles \" data-block-type=\"unstyled\" data-block-weight=\"45\" data-block-id=\"6\">\n<div class=\"mc-column content-text active-extra-styles \" data-block-type=\"unstyled\" data-block-weight=\"46\" data-block-id=\"11\">\n<p><strong>FICHA T\u00c9CNICA DA PARTIDA<\/strong><\/p>\n<p><strong>\u00a0ATL\u00c9TICO x PALMEIRAS<\/strong><\/p>\n<p>\u200bEst\u00e1dio: Mineir\u00e3o<\/p>\n<p>Data: 28 de Setembro, 2021<\/p>\n<p>Hor\u00e1rio: 21h30<\/p>\n<p>Motivo: Jogo de volta da semifinal da Copa Libertadores da Am\u00e9rica<\/p>\n<p>Transmiss\u00e3o: Conmebol TV e SBT<\/p>\n<p>&nbsp;<\/p>\n<p><strong><u>PROV\u00c1VEIS ESCALA\u00c7\u00d5ES:<\/u><\/strong><\/p>\n<\/div>\n<p><strong><u>Atl\u00e9tico:<\/u><\/strong><\/p>\n<p>Everson; Mariano, Nathan Silva, Junior Alonso e Guilherme Arana; Allan, Jair, Zaracho e Nacho Fern\u00e1ndez; Hulk e Vargas (Keno ou Savarino).<\/p>\n<p>T\u00e9cnico: Cuca<\/p>\n<div class=\"mc-column content-text active-extra-styles \" data-block-type=\"unstyled\" data-block-weight=\"10\" data-block-id=\"17\">\n<div class=\"mc-column content-text active-extra-styles \" data-block-type=\"unstyled\" data-block-weight=\"3\" data-block-id=\"17\">\n<p class=\"content-text__container \" data-track-category=\"Link no Texto\" data-track-links=\"\"><strong>Desfalques:\u00a0<\/strong>Diego Costa (tratamento de les\u00e3o na coxa)<\/p>\n<\/div>\n<div class=\"mc-column content-text active-extra-styles \" data-block-type=\"unstyled\" data-block-weight=\"5\" data-block-id=\"18\">\n<p class=\"content-text__container \" data-track-category=\"Link no Texto\" data-track-links=\"\"><strong>Pendurados:\u00a0<\/strong>Hulk, Nathan Silva e Zaracho.<\/p>\n<p data-track-category=\"Link no Texto\" data-track-links=\"\">\n<\/div>\n<\/div>\n<div class=\"mc-column content-text active-extra-styles \" data-block-type=\"unstyled\" data-block-weight=\"46\" data-block-id=\"11\">\n<p><strong><u>Palmeiras:<\/u><\/strong><\/p>\n<p>Weverton; Marcos Rocha, Gustavo G\u00f3mez, Luan e Piquerez; Felipe Melo (Danilo), Z\u00e9 Rafael, Raphael Veiga e Dudu; Rony e Luiz Adriano (Wesley).<\/p>\n<p>T\u00e9cnico: Abel Ferreira<\/p>\n<\/div>\n<div class=\"mc-column content-text active-extra-styles \" data-block-type=\"unstyled\" data-block-weight=\"12\" data-block-id=\"25\">\n<div class=\"mc-column content-text active-extra-styles \" data-block-type=\"unstyled\" data-block-weight=\"3\" data-block-id=\"27\">\n<p class=\"content-text__container \" data-track-category=\"Link no Texto\" data-track-links=\"\"><strong>Desfalques: <\/strong>Mayke (dores no joelho direito) e Victor Luis (dores na coxa direita)<\/p>\n<\/div>\n<div class=\"mc-column content-text active-extra-styles \" data-block-type=\"unstyled\" data-block-weight=\"5\" data-block-id=\"28\">\n<p class=\"content-text__container \" data-track-category=\"Link no Texto\" data-track-links=\"\"><strong>Pendurados: <\/strong>Marcos Rocha e Renan<\/p>\n<p data-track-category=\"Link no Texto\" data-track-links=\"\"><strong>ARBITRAGEM<\/strong><\/p>\n<\/div>\n<\/div>\n<ul class=\"content-unordered-list\">\n<li><strong>\u00c1rbitro:\u00a0<\/strong>Wilmar Roldan (Col\u00f4mbia)<\/li>\n<li><strong>Assistente 1:\u00a0<\/strong>Alexander Guzman (Col\u00f4mbia)<\/li>\n<li><strong>Assistente 2:\u00a0<\/strong>Jhon A. Leon (Col\u00f4mbia)<\/li>\n<li><strong>VAR<\/strong>: Andres Cunha (Uruguai)<\/li>\n<li><strong>Quarto \u00e1rbitro:\u00a0<\/strong>Christian Ferreyra (Uruguai)<\/li>\n<\/ul>\n<p>&nbsp;<\/p>\n<p>Para mais informa\u00e7\u00f5es do Atl\u00e9tico, siga o Espora 13 nas redes sociais:<\/p>\n<p><a href=\"https:\/\/twitter.com\/Espora13\">Clica e Siga no Twitter<\/a><\/p>\n<p><a href=\"https:\/\/www.facebook.com\/espora13oficial\">Clica e Siga no\u00a0Facebook<\/a><\/p>\n<p><a href=\"https:\/\/www.instagram.com\/espora13\/\">Clica e Siga no Instagram<\/a><\/p>\n<p><a href=\"https:\/\/www.twitch.tv\/espora13\">Clica e Siga na Twitch<\/a><\/p>\n<p><a href=\"https:\/\/open.spotify.com\/user\/5ljo01qd7to5rzprw8tpdkwg6?si=IJ9LRCfKTQGzLaiI_pSo4w\">Clica e Siga no Spotify<\/a><\/p>\n<p><a href=\"https:\/\/vm.tiktok.com\/ZMJWsH9ua\/\">Clica e Siga no Tik Tok<\/a><\/p>\n<p><a href=\"https:\/\/www.youtube.com\/tvespora13\">Inscreva-se no canal do youtube TV Espora 13<\/a><\/p>\n<p><strong>ESPORADA NELES GALOOOOOOOOOOOOOOOOOOOO!!!!<\/strong><\/p>\n<\/div>\n<\/div>\n","protected":false},"excerpt":{"rendered":"<p>Chegou o grande dia, Massa! Em busca da &#8220;Gl\u00f3ria Eterna&#8221;, Atl\u00e9tico e Palmeiras se enfrentam hoje, \u00e0s 21h30, no Mineir\u00e3o,<\/p>\n","protected":false},"author":8,"featured_media":6152,"comment_status":"open","ping_status":"open","sticky":false,"template":"","format":"standard","meta":[],"categories":[73],"tags":[127],"_links":{"self":[{"href":"https:\/\/espora13.com.br\/index.php\/wp-json\/wp\/v2\/posts\/6145"}],"collection":[{"href":"https:\/\/espora13.com.br\/index.php\/wp-json\/wp\/v2\/posts"}],"about":[{"href":"https:\/\/espora13.com.br\/index.php\/wp-json\/wp\/v2\/types\/post"}],"author":[{"embeddable":true,"href":"https:\/\/espora13.com.br\/index.php\/wp-json\/wp\/v2\/users\/8"}],"replies":[{"embeddable":true,"href":"https:\/\/espora13.com.br\/index.php\/wp-json\/wp\/v2\/comments?post=6145"}],"version-history":[{"count":3,"href":"https:\/\/espora13.com.br\/index.php\/wp-json\/wp\/v2\/posts\/6145\/revisions"}],"predecessor-version":[{"id":6155,"href":"https:\/\/espora13.com.br\/index.php\/wp-json\/wp\/v2\/posts\/6145\/revisions\/6155"}],"wp:featuredmedia":[{"embeddable":true,"href":"https:\/\/espora13.com.br\/index.php\/wp-json\/wp\/v2\/media\/6152"}],"wp:attachment":[{"href":"https:\/\/espora13.com.br\/index.php\/wp-json\/wp\/v2\/media?parent=6145"}],"wp:term":[{"taxonomy":"category","embeddable":true,"href":"https:\/\/espora13.com.br\/index.php\/wp-json\/wp\/v2\/categories?post=6145"},{"taxonomy":"post_tag","embeddable":true,"href":"https:\/\/espora13.com.br\/index.php\/wp-json\/wp\/v2\/tags?post=6145"}],"curies":[{"name":"wp","href":"https:\/\/api.w.org\/{rel}","templated":true}]}}