{"id":6297,"date":"2021-10-21T12:21:03","date_gmt":"2021-10-21T15:21:03","guid":{"rendered":"http:\/\/espora13.com.br\/?p=6297"},"modified":"2021-10-21T18:27:04","modified_gmt":"2021-10-21T21:27:04","slug":"galo-aplica-goleada-historica-contra-o-fortaleza-e-se-aproxima-da-final-da-copa-do-brasil","status":"publish","type":"post","link":"https:\/\/espora13.com.br\/index.php\/2021\/10\/21\/galo-aplica-goleada-historica-contra-o-fortaleza-e-se-aproxima-da-final-da-copa-do-brasil\/","title":{"rendered":"Galo aplica goleada hist\u00f3rica contra o Fortaleza, e se aproxima da final da Copa do Brasil"},"content":{"rendered":"<p><strong>O Jogo<\/strong><\/p>\n<p>A fria noite de quarta-feira (20) reuniu a Massa Atleticana e seu time. Em pauta, o primeiro jogo das semifinais da Copa do Brasil, diante da corajosa equipe do Fortaleza. Seria necess\u00e1rio esquecer a derrota do final de semana para o Atl\u00e9tico-GO, e dar uma r\u00e1pida retomada na boa temporada que o clube faz.<\/p>\n<p>O in\u00edcio de jogo foi dif\u00edcil. O Fortaleza veio para cima, e j\u00e1 havia finalizado tr\u00eas vezes em cinco minutos. O Galo tentou se encontrar na partida, e sabia o caminho para isso: manter a posse de bola, e achar espa\u00e7os rapidamente. Desta forma, as primeiras chances apareceram para o time da casa. Os primeiros 15 minutos foram de &#8220;troca\u00e7\u00e3o&#8221; intensa, com oportunidades para os dois lados. Mas, a\u00ed, apareceu a estrela do melhor lateral esquerdo do Brasil. Hulk cobrou falta em cima da barreira, a bola sobrou na esquerda, longe da \u00e1rea, mas Guilherme Arana arriscou assim mesmo. O defensor, que poderia ser atacante, acertou chute de rara felicidade, de cima para baixo, relembrando Juninho Pernambucano e Ronaldinho Ga\u00facho. Gola\u00e7o.<\/p>\n<figure id=\"attachment_6298\" aria-describedby=\"caption-attachment-6298\" style=\"width: 517px\" class=\"wp-caption aligncenter\"><img loading=\"lazy\" class=\" wp-image-6298\" src=\"https:\/\/espora13.com.br\/wp-content\/uploads\/2021\/10\/51612395681_f840ccf15c_3k-300x200.jpg\" alt=\"Espora 13 - Atl\u00e9tico - Galo - Atl\u00e9tico-MG - Galo aplica goleada hist\u00f3rica contra o Fortaleza, e se aproxima da final da Copa do Brasil\" width=\"517\" height=\"344\" srcset=\"https:\/\/espora13.com.br\/wp-content\/uploads\/2021\/10\/51612395681_f840ccf15c_3k-300x200.jpg 300w, https:\/\/espora13.com.br\/wp-content\/uploads\/2021\/10\/51612395681_f840ccf15c_3k-1024x683.jpg 1024w, https:\/\/espora13.com.br\/wp-content\/uploads\/2021\/10\/51612395681_f840ccf15c_3k-768x512.jpg 768w, https:\/\/espora13.com.br\/wp-content\/uploads\/2021\/10\/51612395681_f840ccf15c_3k-1536x1024.jpg 1536w, https:\/\/espora13.com.br\/wp-content\/uploads\/2021\/10\/51612395681_f840ccf15c_3k-2048x1365.jpg 2048w, https:\/\/espora13.com.br\/wp-content\/uploads\/2021\/10\/51612395681_f840ccf15c_3k-177x118.jpg 177w, https:\/\/espora13.com.br\/wp-content\/uploads\/2021\/10\/51612395681_f840ccf15c_3k-272x182.jpg 272w\" sizes=\"(max-width: 517px) 100vw, 517px\" \/><figcaption id=\"caption-attachment-6298\" class=\"wp-caption-text\">Foto: Pedro Souza \/ Atl\u00e9tico<\/figcaption><\/figure>\n<p>O primeiro gol trouxe alegria \u00e0 uma torcida que j\u00e1 fazia festa, e o Galo tomou as r\u00e9deas do jogo. O Fortaleza tentava ser ofensivo e incomodar, mas abria muitos espa\u00e7os atr\u00e1s. Jogar aberto contra o time de Cuca \u00e9 um perigo, e a &#8220;porteira abriu&#8221; minutos depois. R\u00e9ver, em cobran\u00e7a de escanteio, subiu mais alto que todo mundo e estufou as redes de Felipe Alves. Como um vinho, cada vez melhor \u00e0 medida que envelhece, o Capit\u00e3o Am\u00e9rica marcou um gol em sua partida de n\u00famero 300 pelo clube. O gol desestabilizou de vez o Fortaleza, que come\u00e7ou a errar demais.<\/p>\n<p>Muito concentrado e confiante, o Atl\u00e9tico chegou ao terceiro gol ainda no primeiro tempo. R\u00e9ver recuperou bola na defesa, e come\u00e7ou jogo com Keno, na esquerda. O camisa 11 serviu Nacho, que escorou para Hulk, que avan\u00e7ou e devolveu para Keno que, aplicando um drible da vaca, ganhou de seu marcador e deixou Zaracho livre na \u00e1rea. O meia avan\u00e7ou, esperou o zagueiro chegar, e tocou no alto para Hulk &#8220;parar no ar&#8221; e cabecear, como se fosse Dad\u00e1. 3 a 0, mais um gola\u00e7o, e loucura dos milh\u00f5es de Atleticanos no mundo.<\/p>\n<figure id=\"attachment_6300\" aria-describedby=\"caption-attachment-6300\" style=\"width: 507px\" class=\"wp-caption aligncenter\"><img loading=\"lazy\" class=\"wp-image-6300\" src=\"https:\/\/espora13.com.br\/wp-content\/uploads\/2021\/10\/51612215602_8e57169a09_o-300x200.jpg\" alt=\"\" width=\"507\" height=\"339\" srcset=\"https:\/\/espora13.com.br\/wp-content\/uploads\/2021\/10\/51612215602_8e57169a09_o-300x200.jpg 300w, https:\/\/espora13.com.br\/wp-content\/uploads\/2021\/10\/51612215602_8e57169a09_o-1024x683.jpg 1024w, https:\/\/espora13.com.br\/wp-content\/uploads\/2021\/10\/51612215602_8e57169a09_o-768x512.jpg 768w, https:\/\/espora13.com.br\/wp-content\/uploads\/2021\/10\/51612215602_8e57169a09_o-1536x1024.jpg 1536w, https:\/\/espora13.com.br\/wp-content\/uploads\/2021\/10\/51612215602_8e57169a09_o-2048x1366.jpg 2048w, https:\/\/espora13.com.br\/wp-content\/uploads\/2021\/10\/51612215602_8e57169a09_o-177x118.jpg 177w, https:\/\/espora13.com.br\/wp-content\/uploads\/2021\/10\/51612215602_8e57169a09_o-272x182.jpg 272w\" sizes=\"(max-width: 507px) 100vw, 507px\" \/><figcaption id=\"caption-attachment-6300\" class=\"wp-caption-text\">Foto: Pedro Souza \/ Atl\u00e9tico<\/figcaption><\/figure>\n<p>Construir 3 a 0 de vantagem no primeiro tempo de uma semifinal \u00e9 inusitado, mas o Atl\u00e9tico soube lidar com a vantagem. Melhor ainda se o 3 a 0 vira 4 a 0. E isso aconteceu logo nos primeiros minutos da segunda etapa, em mais um lindo gol. Zaracho pegou rebote de falta na meia-lua, e bateu de primeira. A bola encobriu Felipe Alves, e morreu dentro do gol. Quatro gols de vantagem logo no in\u00edcio da segunda etapa.<\/p>\n<p>O Atl\u00e9tico baixou suas linhas e chamou o Fortaleza para seu campo. A clara estrat\u00e9gia era contra-atacar com velocidade. Mesmo errando algumas transi\u00e7\u00f5es, a ideia de Cuca deu certo. Keno perdeu chance incr\u00edvel ao ganhar do zagueiro Titi, ficar cara a cara com o goleiro, mas chutar fraco, sem acreditar na jogada. O mesmo goleiro do Fortaleza errou bizonhamente um sa\u00edda de jogo em diagonal, Zaracho recuperou, mas foi cortado. Savarino, de volta ao time no segundo tempo e se recuperando de les\u00e3o, parou em Felipe Alves. O mesmo Felipe Alves contou com a sorte ao ver Keno bater colocado e a bola passar rente \u00e0 trave oposta. Mesmo com mais posse de bola no ataque, o Fortaleza era presa f\u00e1cil. O Galo n\u00e3o fez o quinto gol, mas conseguiu construir vantagem important\u00edssima rumo \u00e0 final da Copa do Brasil.<\/p>\n<p>O jogo de volta acontecer\u00e1 na pr\u00f3xima quarta-feira, \u00e0s 21h30, em Fortaleza. Como n\u00e3o h\u00e1 crit\u00e9rio de gol fora de casa, o time da casa precisar\u00e1 vencer por 5 gols de diferen\u00e7a para eliminar o Atl\u00e9tico no tempo normal, ou 4 para levar o jogo para os p\u00eanaltis. Se o Atl\u00e9tico jogar o que tem jogado, confirmar\u00e1 sua vaga na final. No entanto, ser\u00e1 importante n\u00e3o entrar em campo com soberba, achando que j\u00e1 ganhou. N\u00e3o podemos repetir a trag\u00e9dia do Rosario Central, em 1995, quando ganhamos a ida por 4 a 0, perdemos a volta por 4 a 0 e acabamos eliminados. Levando o jogo a s\u00e9rio, confirmaremos nossa classifica\u00e7\u00e3o.<\/p>\n<figure id=\"attachment_6301\" aria-describedby=\"caption-attachment-6301\" style=\"width: 515px\" class=\"wp-caption aligncenter\"><img loading=\"lazy\" class=\" wp-image-6301\" src=\"https:\/\/espora13.com.br\/wp-content\/uploads\/2021\/10\/51612516706_b2b8f95f15_k-300x200.jpg\" alt=\"Espora 13 - Atl\u00e9tico - Galo - Atl\u00e9tico-MG - Galo aplica goleada hist\u00f3rica contra o Fortaleza, e se aproxima da final da Copa do Brasil\" width=\"515\" height=\"343\" srcset=\"https:\/\/espora13.com.br\/wp-content\/uploads\/2021\/10\/51612516706_b2b8f95f15_k-300x200.jpg 300w, https:\/\/espora13.com.br\/wp-content\/uploads\/2021\/10\/51612516706_b2b8f95f15_k-1024x683.jpg 1024w, https:\/\/espora13.com.br\/wp-content\/uploads\/2021\/10\/51612516706_b2b8f95f15_k-768x512.jpg 768w, https:\/\/espora13.com.br\/wp-content\/uploads\/2021\/10\/51612516706_b2b8f95f15_k-1536x1024.jpg 1536w, https:\/\/espora13.com.br\/wp-content\/uploads\/2021\/10\/51612516706_b2b8f95f15_k-177x118.jpg 177w, https:\/\/espora13.com.br\/wp-content\/uploads\/2021\/10\/51612516706_b2b8f95f15_k-272x182.jpg 272w, https:\/\/espora13.com.br\/wp-content\/uploads\/2021\/10\/51612516706_b2b8f95f15_k.jpg 2047w\" sizes=\"(max-width: 515px) 100vw, 515px\" \/><figcaption id=\"caption-attachment-6301\" class=\"wp-caption-text\">Foto: Pedro Souza \/ Atl\u00e9tico<\/figcaption><\/figure>\n<p>&nbsp;<\/p>\n<p><strong>Ficha T\u00e9cnica<\/strong><\/p>\n<p><strong>ATL\u00c9TICO 4 x 0<\/strong> FORTALEZA<br \/>\n<strong>Data:<\/strong> 20 de outubro de 2021<br \/>\n<strong>Hor\u00e1rio:<\/strong> 21h30(de Bras\u00edlia)<br \/>\n<strong>Local:<\/strong> Mineir\u00e3o<br \/>\n<strong>\u00c1rbitro:<\/strong> Braulio da Silva Machado (SP)<br \/>\n<strong>Assistentes:<\/strong> Kleber Lucio Gil e Henrique Neu Ribeiro (SC)<br \/>\n<strong>VAR:<\/strong> Wagner Reway (PB)<br \/>\n<strong>Gols:<\/strong> Guilherme Arana, aos 18\u2019-1\u00baT(1-0), R\u00e9ver, aos 26\u2019-1\u00baT(2-0), Hulk, aos 40\u2019-1\u00baT(3-0), Zaracho, a 1\u2019-2\u00baT(4-0)<br \/>\n<strong>Cart\u00f5es amarelos:<\/strong> Jair(CAM), Yago Pikachu, Matheus Jussa, \u00c9derson, Henr\u00edquez (FOR)<\/p>\n<p><b>ATL\u00c9TICO: <\/b>Everson, Guga, R\u00e9ver (Igor Rabello), Alonso e Guilherme Arana; Allan (Tch\u00ea Tch\u00ea), Jair, Zaracho e Nacho (Savarino); Keno (Vargas) e Hulk (Eduardo Sasha). <b>T\u00e9cnico: <\/b>Cuca<\/p>\n<p><b>FORTALEZA: <\/b>Felipe Alves, Tinga, Daniel Guedes, Jussa; Crispim (Edinho), Felipe (Bruno Melo), \u00c9derson, Matheus Vargas (Henriquez), Pikachu; Romarinho (Ronald) e Robson (Depietri). <b>T\u00e9cnico: <\/b>Juan Pablo Vojvoda<\/p>\n<p>&nbsp;<\/p>\n<p><strong>Para mais informa\u00e7\u00f5es do Atl\u00e9tico, siga o Espora 13 nas redes sociais:<\/strong><\/p>\n<p><a href=\"https:\/\/twitter.com\/Espora13\">Clica e Siga no Twitter<\/a><\/p>\n<p><a href=\"https:\/\/www.facebook.com\/espora13oficial\">Clica e Siga no\u00a0Facebook<\/a><\/p>\n<p><a href=\"https:\/\/www.instagram.com\/espora13\/\">Clica e Siga no Instagram<\/a><\/p>\n<p><a href=\"https:\/\/www.twitch.tv\/espora13\">Clica e Siga na Twitch<\/a><\/p>\n<p><a href=\"https:\/\/open.spotify.com\/user\/5ljo01qd7to5rzprw8tpdkwg6?si=IJ9LRCfKTQGzLaiI_pSo4w\">Clica e Siga no Spotify<\/a><\/p>\n<p><a href=\"https:\/\/vm.tiktok.com\/ZMJWsH9ua\/\">Clica e Siga no Tik Tok<\/a><\/p>\n<p><a href=\"https:\/\/www.youtube.com\/tvespora13\">Inscreva-se no canal do youtube TV Espora 13<\/a><\/p>\n<p><strong>ESPORADA NELES GALOOOOOOOOOOOOOOOOOOOO!!!!<\/strong><\/p>\n","protected":false},"excerpt":{"rendered":"<p>O Jogo A fria noite de quarta-feira (20) reuniu a Massa Atleticana e seu time. Em pauta, o primeiro jogo<\/p>\n","protected":false},"author":14,"featured_media":6298,"comment_status":"open","ping_status":"open","sticky":false,"template":"","format":"standard","meta":[],"categories":[75],"tags":[126],"_links":{"self":[{"href":"https:\/\/espora13.com.br\/index.php\/wp-json\/wp\/v2\/posts\/6297"}],"collection":[{"href":"https:\/\/espora13.com.br\/index.php\/wp-json\/wp\/v2\/posts"}],"about":[{"href":"https:\/\/espora13.com.br\/index.php\/wp-json\/wp\/v2\/types\/post"}],"author":[{"embeddable":true,"href":"https:\/\/espora13.com.br\/index.php\/wp-json\/wp\/v2\/users\/14"}],"replies":[{"embeddable":true,"href":"https:\/\/espora13.com.br\/index.php\/wp-json\/wp\/v2\/comments?post=6297"}],"version-history":[{"count":3,"href":"https:\/\/espora13.com.br\/index.php\/wp-json\/wp\/v2\/posts\/6297\/revisions"}],"predecessor-version":[{"id":6305,"href":"https:\/\/espora13.com.br\/index.php\/wp-json\/wp\/v2\/posts\/6297\/revisions\/6305"}],"wp:featuredmedia":[{"embeddable":true,"href":"https:\/\/espora13.com.br\/index.php\/wp-json\/wp\/v2\/media\/6298"}],"wp:attachment":[{"href":"https:\/\/espora13.com.br\/index.php\/wp-json\/wp\/v2\/media?parent=6297"}],"wp:term":[{"taxonomy":"category","embeddable":true,"href":"https:\/\/espora13.com.br\/index.php\/wp-json\/wp\/v2\/categories?post=6297"},{"taxonomy":"post_tag","embeddable":true,"href":"https:\/\/espora13.com.br\/index.php\/wp-json\/wp\/v2\/tags?post=6297"}],"curies":[{"name":"wp","href":"https:\/\/api.w.org\/{rel}","templated":true}]}}