{"id":6485,"date":"2021-11-22T22:33:19","date_gmt":"2021-11-23T01:33:19","guid":{"rendered":"http:\/\/espora13.com.br\/?p=6485"},"modified":"2021-11-23T16:14:34","modified_gmt":"2021-11-23T19:14:34","slug":"jornalista-da-radio-gaucha-crava-que-everton-cebolinha-sera-jogador-do-galo-em-2022","status":"publish","type":"post","link":"https:\/\/espora13.com.br\/index.php\/2021\/11\/22\/jornalista-da-radio-gaucha-crava-que-everton-cebolinha-sera-jogador-do-galo-em-2022\/","title":{"rendered":"Cebolinha no Galo? Jornalista crava que Everton Cebolinha ser\u00e1 jogador do Atl\u00e9tico em 2022"},"content":{"rendered":"<p>O jornalista da R\u00e1dio Ga\u00facha Guerrinha (Adroaldo Guerra Filho), cravou que o atacante Everton Cebolinha ser\u00e1 jogador do Atl\u00e9tico em 2022. Com a poss\u00edvel negocia\u00e7\u00e3o de alguns jogadores do Galo no final da temporada, j\u00e1 come\u00e7a a circular nomes de quem pode sai e quem pode chegar na Cidade do Galo. O nome da vez \u00e9 Everton Cebolinha, que chegou ao Benfica a pedido do t\u00e9cnico Jorge Jesus, em agosto de 2020, ap\u00f3s uma \u00f3tima passagem pelo Gr\u00eamio, onde jogou 180 jogos, marcando 47 gols e deu 17 assist\u00eancia. Conquistou t\u00edtulos como a Copa do Brasil em 2016 em cima do pr\u00f3prio Galo, e a Copa Libertadores da Am\u00e9rica de 2017.<\/p>\n<figure id=\"attachment_6490\" aria-describedby=\"caption-attachment-6490\" style=\"width: 588px\" class=\"wp-caption aligncenter\"><img loading=\"lazy\" class=\" wp-image-6490\" src=\"https:\/\/espora13.com.br\/wp-content\/uploads\/2021\/11\/gremio-v-monagas-copa-conmebol-libertadores-2018-5d1656f8aef03be143000001.jpg\" alt=\"Espora 13 - Atl\u00e9tico - Galo - Atl\u00e9tico-MG - Jornalista da R\u00e1dio Ga\u00facha crava que Everton Cebolinha ser\u00e1 jogador do Galo em 2022\" width=\"588\" height=\"333\" srcset=\"https:\/\/espora13.com.br\/wp-content\/uploads\/2021\/11\/gremio-v-monagas-copa-conmebol-libertadores-2018-5d1656f8aef03be143000001.jpg 912w, https:\/\/espora13.com.br\/wp-content\/uploads\/2021\/11\/gremio-v-monagas-copa-conmebol-libertadores-2018-5d1656f8aef03be143000001-300x170.jpg 300w, https:\/\/espora13.com.br\/wp-content\/uploads\/2021\/11\/gremio-v-monagas-copa-conmebol-libertadores-2018-5d1656f8aef03be143000001-768x435.jpg 768w\" sizes=\"(max-width: 588px) 100vw, 588px\" \/><figcaption id=\"caption-attachment-6490\" class=\"wp-caption-text\">Foto: Divulga\u00e7\u00e3o \/ Gr\u00eamio<\/figcaption><\/figure>\n<p>Al\u00e9m de sua passagem pelo tricolor ga\u00facho, Cebolinha tamb\u00e9m foi destaque na sele\u00e7\u00e3o brasileira em 2019, onde chegou a ser titular na vaga de Neymar, e conquistou a Copa Am\u00e9rica daquele ano, sendo um dos melhores jogadores da competi\u00e7\u00e3o. Everton Cebolinha tem 25 anos, e \u00e9 muito vers\u00e1til no ataque. Seu forte \u00e9 atuar pela ponta esquerda, mas o jogador tamb\u00e9m j\u00e1 jogou como segundo atacante, meia-esquerda, meia-ofensivo, ponta direita e at\u00e9 como centroavante.<\/p>\n<figure id=\"attachment_6489\" aria-describedby=\"caption-attachment-6489\" style=\"width: 581px\" class=\"wp-caption aligncenter\"><img loading=\"lazy\" class=\" wp-image-6489\" src=\"https:\/\/espora13.com.br\/wp-content\/uploads\/2021\/11\/cebolinnhhhaa-1024x768-1.jpg\" alt=\"Espora 13 - Atl\u00e9tico - Galo - Atl\u00e9tico-MG - Jornalista da R\u00e1dio Ga\u00facha crava que Everton Cebolinha ser\u00e1 jogador do Galo em 2022\" width=\"581\" height=\"436\" srcset=\"https:\/\/espora13.com.br\/wp-content\/uploads\/2021\/11\/cebolinnhhhaa-1024x768-1.jpg 1024w, https:\/\/espora13.com.br\/wp-content\/uploads\/2021\/11\/cebolinnhhhaa-1024x768-1-300x225.jpg 300w, https:\/\/espora13.com.br\/wp-content\/uploads\/2021\/11\/cebolinnhhhaa-1024x768-1-768x576.jpg 768w\" sizes=\"(max-width: 581px) 100vw, 581px\" \/><figcaption id=\"caption-attachment-6489\" class=\"wp-caption-text\">Foto: DR<\/figcaption><\/figure>\n<p>Segundo informa\u00e7\u00f5es do jornalista Guerrinha, o Atl\u00e9tico j\u00e1 tem um acerto avan\u00e7ado com o atacante para 2022. Desde que chegou a Portugal, Cebolinha n\u00e3o vem conseguindo performar bem, e \u00e9 reserva do Benfica em sua segunda temporada no clube portugu\u00eas. Na atual temporada Everton Cebolinha jogou 21 jogos, marcou 4 gols, deu 4 assist\u00eancias. S\u00f3 conseguiu ser titular na metade dos jogos que jogou nessa temporada.<\/p>\n<figure id=\"attachment_6486\" aria-describedby=\"caption-attachment-6486\" style=\"width: 594px\" class=\"wp-caption aligncenter\"><img loading=\"lazy\" class=\" wp-image-6486\" src=\"https:\/\/espora13.com.br\/wp-content\/uploads\/2021\/11\/efz7oovxyaiqus-.jpg\" alt=\"Espora 13 - Atl\u00e9tico - Galo - Atl\u00e9tico-MG - Jornalista da R\u00e1dio Ga\u00facha crava que Everton Cebolinha ser\u00e1 jogador do Galo em 2022\" width=\"594\" height=\"396\" srcset=\"https:\/\/espora13.com.br\/wp-content\/uploads\/2021\/11\/efz7oovxyaiqus-.jpg 984w, https:\/\/espora13.com.br\/wp-content\/uploads\/2021\/11\/efz7oovxyaiqus--300x200.jpg 300w, https:\/\/espora13.com.br\/wp-content\/uploads\/2021\/11\/efz7oovxyaiqus--768x512.jpg 768w, https:\/\/espora13.com.br\/wp-content\/uploads\/2021\/11\/efz7oovxyaiqus--177x118.jpg 177w, https:\/\/espora13.com.br\/wp-content\/uploads\/2021\/11\/efz7oovxyaiqus--272x182.jpg 272w\" sizes=\"(max-width: 594px) 100vw, 594px\" \/><figcaption id=\"caption-attachment-6486\" class=\"wp-caption-text\">Foto: Divulga\u00e7\u00e3o \/ Benfica<\/figcaption><\/figure>\n<p>Everton Cebolinha custou 20 milh\u00f5es de euros ao Benfica, e tem uma cl\u00e1usula de rescis\u00e3o de 150 milh\u00f5es de euros (R$ 965 milh\u00f5es, atualmente). O valor foi confirmado pelo clube \u00e0 Comiss\u00e3o do Mercado de Valores Mobili\u00e1rios, como de praxe em Portugal. O contrato de Cebolinha com o Benfica vai at\u00e9 Junho de 2025.<\/p>\n<p>Ningu\u00e9m do Atl\u00e9tico confirmou o acordo verbal com Everton Cebolinha, e nem se o neg\u00f3cio seria em definitivo ou por empr\u00e9stimo. At\u00e9 o momento o assunto \u00e9 tratado como boato na Cidade do Galo. Hoje o time alvinegro conta com os atacantes Keno, Savarino, Eduardo Vargas, Eduardo Sasha, Hulk e Diego Costa. E o Atl\u00e9tico j\u00e1 tem um pr\u00e9-contrato assinado com o atacante Ademir do Am\u00e9rica, que chegar\u00e1 para refor\u00e7ar a equipe em 2022.<\/p>\n<p>&nbsp;<\/p>\n<p><strong>Para mais informa\u00e7\u00f5es do Atl\u00e9tico, siga o Espora 13 nas redes sociais:<\/strong><\/p>\n<p><a href=\"https:\/\/twitter.com\/Espora13\">Clica e Siga no Twitter<\/a><\/p>\n<p><a href=\"https:\/\/www.facebook.com\/espora13oficial\">Clica e Siga no\u00a0Facebook<\/a><\/p>\n<p><a href=\"https:\/\/www.instagram.com\/espora13\/\">Clica e Siga no Instagram<\/a><\/p>\n<p><a href=\"https:\/\/www.twitch.tv\/espora13\">Clica e Siga na Twitch<\/a><\/p>\n<p><a href=\"https:\/\/open.spotify.com\/user\/5ljo01qd7to5rzprw8tpdkwg6?si=IJ9LRCfKTQGzLaiI_pSo4w\">Clica e Siga no Spotify<\/a><\/p>\n<p><a href=\"https:\/\/vm.tiktok.com\/ZMJWsH9ua\/\">Clica e Siga no Tik Tok<\/a><\/p>\n<p><a href=\"https:\/\/www.youtube.com\/tvespora13\">Inscreva-se no canal do youtube TV Espora 13<\/a><\/p>\n<p><strong>ESPORADA NELES GALOOOOOOOOOOOOOOOOOOOO!!!!<\/strong><\/p>\n","protected":false},"excerpt":{"rendered":"<p>O jornalista da R\u00e1dio Ga\u00facha Guerrinha (Adroaldo Guerra Filho), cravou que o atacante Everton Cebolinha ser\u00e1 jogador do Atl\u00e9tico em<\/p>\n","protected":false},"author":8,"featured_media":6487,"comment_status":"open","ping_status":"open","sticky":false,"template":"","format":"standard","meta":[],"categories":[83],"tags":[126],"_links":{"self":[{"href":"https:\/\/espora13.com.br\/index.php\/wp-json\/wp\/v2\/posts\/6485"}],"collection":[{"href":"https:\/\/espora13.com.br\/index.php\/wp-json\/wp\/v2\/posts"}],"about":[{"href":"https:\/\/espora13.com.br\/index.php\/wp-json\/wp\/v2\/types\/post"}],"author":[{"embeddable":true,"href":"https:\/\/espora13.com.br\/index.php\/wp-json\/wp\/v2\/users\/8"}],"replies":[{"embeddable":true,"href":"https:\/\/espora13.com.br\/index.php\/wp-json\/wp\/v2\/comments?post=6485"}],"version-history":[{"count":4,"href":"https:\/\/espora13.com.br\/index.php\/wp-json\/wp\/v2\/posts\/6485\/revisions"}],"predecessor-version":[{"id":6494,"href":"https:\/\/espora13.com.br\/index.php\/wp-json\/wp\/v2\/posts\/6485\/revisions\/6494"}],"wp:featuredmedia":[{"embeddable":true,"href":"https:\/\/espora13.com.br\/index.php\/wp-json\/wp\/v2\/media\/6487"}],"wp:attachment":[{"href":"https:\/\/espora13.com.br\/index.php\/wp-json\/wp\/v2\/media?parent=6485"}],"wp:term":[{"taxonomy":"category","embeddable":true,"href":"https:\/\/espora13.com.br\/index.php\/wp-json\/wp\/v2\/categories?post=6485"},{"taxonomy":"post_tag","embeddable":true,"href":"https:\/\/espora13.com.br\/index.php\/wp-json\/wp\/v2\/tags?post=6485"}],"curies":[{"name":"wp","href":"https:\/\/api.w.org\/{rel}","templated":true}]}}