{"id":6496,"date":"2021-11-23T15:07:28","date_gmt":"2021-11-23T18:07:28","guid":{"rendered":"http:\/\/espora13.com.br\/?p=6496"},"modified":"2021-11-23T16:18:21","modified_gmt":"2021-11-23T19:18:21","slug":"vencer-para-preparar-a-festa-atletico-vai-ate-o-allianz-parque-enfrentar-o-palmeiras-porco-esta-com-cabeca-na-final-da-libertadores-e-o-galo-so-pensa-em-confirmar-o-titulo-brasileiro","status":"publish","type":"post","link":"https:\/\/espora13.com.br\/index.php\/2021\/11\/23\/vencer-para-preparar-a-festa-atletico-vai-ate-o-allianz-parque-enfrentar-o-palmeiras-porco-esta-com-cabeca-na-final-da-libertadores-e-o-galo-so-pensa-em-confirmar-o-titulo-brasileiro\/","title":{"rendered":"Vencer para preparar a festa! Atl\u00e9tico vai at\u00e9 o Allianz Parque enfrentar o Palmeiras. Porco est\u00e1 com cabe\u00e7a na final da Libertadores, e o Galo s\u00f3 pensa em confirmar o t\u00edtulo Brasileiro"},"content":{"rendered":"<p>Hoje tem Galo! Atl\u00e9tico vai at\u00e9 S\u00e3o Paulo enfrentar o time alternativo do Palmeiras no Allianz Parque. Se o Galo s\u00f3 pensa em confirmar o t\u00edtulo, que pode acontecer na pr\u00f3xima rodada contra o Fluminense no Mineir\u00e3o, j\u00e1 que uma vit\u00f3ria hoje no Allianz Parque, n\u00e3o confirma o t\u00edtulo do Galo, mas j\u00e1 deixa muito pr\u00f3ximo da conquista com grandes chances de acontecer j\u00e1 na pr\u00f3xima rodada contra o tricolor carioca no Mineir\u00e3o. Para a partida desta ter\u00e7a-feira a Massa Alvinegra j\u00e1 esgotou os 2 mil ingressos para torcida visitante que o Palmeiras colocou a disposi\u00e7\u00e3o para venda. J\u00e1 o alviverde paulista s\u00f3 pensa na final da Libertadores contra o Flamengo. Equipe paulista ir\u00e1 viajar pra Montevid\u00e9o depois da partida contra o Galo, e a torcida alviverde s\u00f3 pensa na possibilidade do tricampeonato da Am\u00e9rica.<\/p>\n<figure id=\"attachment_6498\" aria-describedby=\"caption-attachment-6498\" style=\"width: 549px\" class=\"wp-caption aligncenter\"><img loading=\"lazy\" class=\" wp-image-6498\" src=\"https:\/\/espora13.com.br\/wp-content\/uploads\/2021\/11\/LumePalmeiras090-1.jpg\" alt=\"Espora 13 - Atl\u00e9tico - Galo - Atl\u00e9tico-MG - Vencer para preparar a festa! Atl\u00e9tico vai at\u00e9 o Allianz Parque enfrentar o Palmeiras. Porco est\u00e1 com cabe\u00e7a na final da Libertadores, e o Galo s\u00f3 pensa em confirmar o t\u00edtulo Brasileiro\" width=\"549\" height=\"364\" srcset=\"https:\/\/espora13.com.br\/wp-content\/uploads\/2021\/11\/LumePalmeiras090-1.jpg 1920w, https:\/\/espora13.com.br\/wp-content\/uploads\/2021\/11\/LumePalmeiras090-1-300x199.jpg 300w, https:\/\/espora13.com.br\/wp-content\/uploads\/2021\/11\/LumePalmeiras090-1-1024x680.jpg 1024w, https:\/\/espora13.com.br\/wp-content\/uploads\/2021\/11\/LumePalmeiras090-1-768x510.jpg 768w, https:\/\/espora13.com.br\/wp-content\/uploads\/2021\/11\/LumePalmeiras090-1-1536x1020.jpg 1536w, https:\/\/espora13.com.br\/wp-content\/uploads\/2021\/11\/LumePalmeiras090-1-177x118.jpg 177w\" sizes=\"(max-width: 549px) 100vw, 549px\" \/><figcaption id=\"caption-attachment-6498\" class=\"wp-caption-text\">Foto: Divulga\u00e7\u00e3o \/ Palmeiras<\/figcaption><\/figure>\n<p>Palmeiras e Galo voltam a se enfrentar depois da decis\u00e3o da semifinal da Copa Libertadores da Am\u00e9rica, onde o atacante Hulk perdeu p\u00eanalti no primeiro jogo que terminou em 0 a 0. E no segundo jogo no Mineir\u00e3o terminou com empate em 1 a 1 com gols de Eduardo Vargas para o Galo e Dudu para o Palmeiras. O Porco classificou gra\u00e7as ao regulamento ultrapassado da Libertadores, em que existe o gol qualificado fora de casa.<\/p>\n<p>Na partida de hoje, o t\u00e9cnico Cuca ter\u00e1 um desfalque certo na defesa. O Atl\u00e9tico informou que os exames apontaram les\u00e3o no m\u00fasculo posterior da coxa direita do zagueiro R\u00e9ver, que j\u00e1 iniciou tratamento na Cidade do Galo e nem viajou para S\u00e3o Paulo. Al\u00e9m de R\u00e9ver o t\u00e9cnico Cuca n\u00e3o contar\u00e1 com o volante Alan Franco, os meias Hyoran e Nathan, e o atacante venezuelano Savarino. Esses jogadores n\u00e3o viajaram para S\u00e3o Paulo.<\/p>\n<figure id=\"attachment_6499\" aria-describedby=\"caption-attachment-6499\" style=\"width: 547px\" class=\"wp-caption aligncenter\"><img loading=\"lazy\" class=\" wp-image-6499\" src=\"https:\/\/espora13.com.br\/wp-content\/uploads\/2021\/11\/13.jpg\" alt=\"Espora 13 - Atl\u00e9tico - Galo - Atl\u00e9tico-MG - Vencer para preparar a festa! Atl\u00e9tico vai at\u00e9 o Allianz Parque enfrentar o Palmeiras. Porco est\u00e1 com cabe\u00e7a na final da Libertadores, e o Galo s\u00f3 pensa em confirmar o t\u00edtulo Brasileiro - Alan Franco - Nathan\" width=\"547\" height=\"447\" srcset=\"https:\/\/espora13.com.br\/wp-content\/uploads\/2021\/11\/13.jpg 814w, https:\/\/espora13.com.br\/wp-content\/uploads\/2021\/11\/13-300x245.jpg 300w, https:\/\/espora13.com.br\/wp-content\/uploads\/2021\/11\/13-768x627.jpg 768w\" sizes=\"(max-width: 547px) 100vw, 547px\" \/><figcaption id=\"caption-attachment-6499\" class=\"wp-caption-text\">Alan Franco, Nathan e Savarino n\u00e3o viajaram para S\u00e3o Paulo para o jogo contra o Palmeiras. | Foto: Pedro Souza \/ Atl\u00e9tico<\/figcaption><\/figure>\n<p>O Atl\u00e9tico n\u00e3o divulgou lista de relacionados para a partida. Caso o Galo consiga um triunfo na partida de hoje, a festa pode ser preparada para a pr\u00f3xima rodada no Mineir\u00e3o, mas alguns jogadores devem ficar espertos para n\u00e3o ficar de fora do jogo contra o Fluminense. S\u00e3o os casos de Allan, Eduardo Sasha, Guga, Jair e Hulk que est\u00e3o pendurados com dois cart\u00f5es amarelos cada. O t\u00e9cnico Cuca tamb\u00e9m est\u00e1 nessa lista de pendurados. Tudo leva a crer que o treinador atleticano deve escalar o time com for\u00e7a m\u00e1xima contra o Palmeiras. A \u00fanica mudan\u00e7a em rela\u00e7\u00e3o ao time que enfrentou o Juventude na \u00faltima rodada, ser\u00e1 a volta do zagueiro paraguaio Junior Alonso na vaga de R\u00e9ver. Alonso foi desfalque contra o Juventude devido a uma pancada no joelho direito, servindo a sele\u00e7\u00e3o paraguaia nas Eliminat\u00f3rias da Copa do Mundo.<\/p>\n<figure id=\"attachment_6500\" aria-describedby=\"caption-attachment-6500\" style=\"width: 551px\" class=\"wp-caption aligncenter\"><img loading=\"lazy\" class=\" wp-image-6500\" src=\"https:\/\/espora13.com.br\/wp-content\/uploads\/2021\/11\/12.jpg\" alt=\"Espora 13 - Atl\u00e9tico - Galo - Atl\u00e9tico-MG - Vencer para preparar a festa! Atl\u00e9tico vai at\u00e9 o Allianz Parque enfrentar o Palmeiras. Porco est\u00e1 com cabe\u00e7a na final da Libertadores, e o Galo s\u00f3 pensa em confirmar o t\u00edtulo Brasileiro - Nacho Fern\u00e1ndez\" width=\"551\" height=\"380\" srcset=\"https:\/\/espora13.com.br\/wp-content\/uploads\/2021\/11\/12.jpg 962w, https:\/\/espora13.com.br\/wp-content\/uploads\/2021\/11\/12-300x207.jpg 300w, https:\/\/espora13.com.br\/wp-content\/uploads\/2021\/11\/12-768x531.jpg 768w\" sizes=\"(max-width: 551px) 100vw, 551px\" \/><figcaption id=\"caption-attachment-6500\" class=\"wp-caption-text\">Nacho Fern\u00e1ndez deve ficar como op\u00e7\u00e3o no banco de reservas no jogo contra o Palmeiras. | Foto: Pedro Souza \/ Atl\u00e9tico<\/figcaption><\/figure>\n<p>J\u00e1 Nacho Fern\u00e1ndez est\u00e1 \u00e0 disposi\u00e7\u00e3o do t\u00e9cnico Cuca, mas a tend\u00eancia \u00e9 que o meia argentino siga como op\u00e7\u00e3o no banco de reservas. Cuca deve manter o trio ofensivo com Keno, Hulk e Diego Costa. Atacantes vivem um \u00f3timo momento no Atl\u00e9tico e foram fundamentais na vit\u00f3ria contra o Juventude no Mineir\u00e3o.<\/p>\n<figure id=\"attachment_6501\" aria-describedby=\"caption-attachment-6501\" style=\"width: 544px\" class=\"wp-caption aligncenter\"><img loading=\"lazy\" class=\" wp-image-6501\" src=\"https:\/\/espora13.com.br\/wp-content\/uploads\/2021\/11\/604d36aff3047.jpeg\" alt=\"Espora 13 - Atl\u00e9tico - Galo - Atl\u00e9tico-MG - Vencer para preparar a festa! Atl\u00e9tico vai at\u00e9 o Allianz Parque enfrentar o Palmeiras. Porco est\u00e1 com cabe\u00e7a na final da Libertadores, e o Galo s\u00f3 pensa em confirmar o t\u00edtulo Brasileiro - Auxiliar t\u00e9cnico Jo\u00e3o Martins do Palmeiras\" width=\"544\" height=\"307\" srcset=\"https:\/\/espora13.com.br\/wp-content\/uploads\/2021\/11\/604d36aff3047.jpeg 846w, https:\/\/espora13.com.br\/wp-content\/uploads\/2021\/11\/604d36aff3047-300x169.jpeg 300w, https:\/\/espora13.com.br\/wp-content\/uploads\/2021\/11\/604d36aff3047-768x432.jpeg 768w\" sizes=\"(max-width: 544px) 100vw, 544px\" \/><figcaption id=\"caption-attachment-6501\" class=\"wp-caption-text\">Auxiliar t\u00e9cnico Jo\u00e3o Martins vai comandar o Palmeiras no jogo contra o Atl\u00e9tico. | Foto: Cesar Greco \/ Palmeiras<\/figcaption><\/figure>\n<p>J\u00e1 o Palmeiras n\u00e3o ter\u00e1 o t\u00e9cnico Abel Ferreira a beira do campo, o treinador portugu\u00eas est\u00e1 suspenso e a equipe deve ser comandada pelo auxiliar Jo\u00e3o Martins. O Palestra faz seu \u00faltimo jogo antes da final da Libertadores. Depois de escalar titulares na derrota para o Fortaleza, o Verd\u00e3o deve usar o time alternativo. Felipe Melo, em cronograma especial por dores no joelho, n\u00e3o participou dos treinos com o grupo e continuar\u00e1 sendo desfalque do time paulista.<\/p>\n<figure id=\"attachment_6502\" aria-describedby=\"caption-attachment-6502\" style=\"width: 552px\" class=\"wp-caption aligncenter\"><img loading=\"lazy\" class=\" wp-image-6502\" src=\"https:\/\/espora13.com.br\/wp-content\/uploads\/2021\/11\/daronco-hulk-123.jpg\" alt=\"Espora 13 - Atl\u00e9tico - Galo - Atl\u00e9tico-MG - Vencer para preparar a festa! Atl\u00e9tico vai at\u00e9 o Allianz Parque enfrentar o Palmeiras. Porco est\u00e1 com cabe\u00e7a na final da Libertadores, e o Galo s\u00f3 pensa em confirmar o t\u00edtulo Brasileiro - Hulk - \u00c1rbitro Anderson Daronco\" width=\"552\" height=\"310\" srcset=\"https:\/\/espora13.com.br\/wp-content\/uploads\/2021\/11\/daronco-hulk-123.jpg 984w, https:\/\/espora13.com.br\/wp-content\/uploads\/2021\/11\/daronco-hulk-123-300x168.jpg 300w, https:\/\/espora13.com.br\/wp-content\/uploads\/2021\/11\/daronco-hulk-123-768x431.jpg 768w\" sizes=\"(max-width: 552px) 100vw, 552px\" \/><figcaption id=\"caption-attachment-6502\" class=\"wp-caption-text\">Hulk e \u00e1rbitro Anderson Daronco discutem no jogo entre Flamengo x Atl\u00e9tico no Maracan\u00e3. | Foto: Reprodu\u00e7\u00e3o \/ TV Globo<\/figcaption><\/figure>\n<p>A partida de hoje no Allianz Parque ter\u00e1 o \u00e1rbitro Anderson Daronco. O atacante Hulk chegou a criticar a arbitragem de Daronco na derrota do Galo para o Flamengo no Maracan\u00e3.<\/p>\n<p>\u201cDesde que eu cheguei aqui, para mim, eu sempre olhei o Daronco como o melhor \u00e1rbitro disparado. Mas o que ele fez hoje foi rid\u00edculo. Muita falta de respeito. N\u00e3o t\u00f4 justificando a nossa derrota. Poder\u00edamos ter empatado, virado ou tomado mais gols. Mas eu falei com o Daronco que o que o Diego Alves fez foi rid\u00edculo. Falta de respeito. T\u00e1 de sacanagem\u201d, disse Hulk ao canal Premiere ap\u00f3s derrota para o Flamengo pela 29\u00b0 rodada do Campeonato Brasileiro.<\/p>\n<p>&nbsp;<\/p>\n<div class=\"mc-column content-text active-extra-styles \" data-block-type=\"unstyled\" data-block-weight=\"46\" data-block-id=\"11\">\n<p><strong><u>FICHA T\u00c9CNICA<\/u><\/strong><\/p>\n<p><strong>PALMEIRAS x ATL\u00c9TICO<\/strong><\/p>\n<p>\u200bEst\u00e1dio: Allianz Parque<\/p>\n<p>Data: 23 de Novembro, 2021<\/p>\n<p>Hor\u00e1rio: 21h30<\/p>\n<p>Motivo: 35\u00b0 Rodada do Campeonato Brasileiro<\/p>\n<p>Transmiss\u00e3o: Canal Premiere<\/p>\n<p>&nbsp;<\/p>\n<p><strong><u>PROV\u00c1VEIS ESCALA\u00c7\u00d5ES:<\/u><\/strong><\/p>\n<\/div>\n<p><strong><u>Palmeiras:<\/u><\/strong><\/p>\n<p>Jailson; Marcos Rocha, Kuscevic, Renan e Jorge; Patrick de Paula, Danilo Barbosa e Matheus Fernandes; Wesley, Gabriel Veron (Breno Lopes) e Deyverson (Willian)<\/p>\n<p>Auxiliar T\u00e9cnico: Jo\u00e3o Martins<\/p>\n<div class=\"mc-column content-text active-extra-styles \" data-block-type=\"unstyled\" data-block-weight=\"10\" data-block-id=\"17\">\n<p class=\"content-text__container \" data-track-category=\"Link no Texto\" data-track-links=\"\"><strong>Desfalques:<\/strong> Felipe Melo (cronograma especial por dores no joelho) e Abel Ferreira (suspenso)<\/p>\n<\/div>\n<div class=\"mc-column content-text active-extra-styles \" data-block-type=\"unstyled\" data-block-weight=\"9\" data-block-id=\"18\">\n<p class=\"content-text__container \" data-track-category=\"Link no Texto\" data-track-links=\"\"><strong>Pendurados:<\/strong> Kuscevic, Z\u00e9 Rafael, Gustavo Scarpa, Rony, Deyverson, Vitor Castanheira (auxiliar t\u00e9cnico) e Jo\u00e3o Martins (auxiliar t\u00e9cnico)<\/p>\n<\/div>\n<p>&nbsp;<\/p>\n<div class=\"mc-column content-text active-extra-styles \" data-block-type=\"unstyled\" data-block-weight=\"46\" data-block-id=\"11\">\n<p><strong><u>Atl\u00e9tico:<\/u><\/strong><\/p>\n<p>Everson; Mariano, Nathan Silva, Alonso e Guilherme Arana; Allan, Jair e Zaracho; Keno, Hulk e Diego Costa<\/p>\n<p>T\u00e9cnico: Jair Ventura<\/p>\n<\/div>\n<div class=\"mc-column content-text active-extra-styles \" data-block-type=\"unstyled\" data-block-weight=\"9\" data-block-id=\"26\">\n<p class=\"content-text__container \" data-track-category=\"Link no Texto\" data-track-links=\"\"><strong>Desfalques: <\/strong>R\u00e9ver (departamento m\u00e9dico), Savarino, Nathan, Alan Franco e Hyoran (n\u00e3o viajaram)<\/p>\n<p data-track-category=\"Link no Texto\" data-track-links=\"\"><strong>Pendurados:<\/strong> Allan, Cuca, Eduardo Sasha, Guga, Jair e Hulk<\/p>\n<\/div>\n<div class=\"content-media-container glb-skeleton-box\"><\/div>\n<div><\/div>\n<div><\/div>\n<div><strong>ARBITRAGEM<\/strong><\/div>\n<div>\n<ul class=\"content-unordered-list\">\n<li><strong>\u00c1rbitro:\u00a0<\/strong>Anderson Daronco (Fifa-RS)<\/li>\n<li><strong>Assistente 1:\u00a0<\/strong>Rafael da Silva Alves (Fifa-RS)<\/li>\n<li><strong>Assistente 2:\u00a0<\/strong>Michael Stanislau (RS)<\/li>\n<li><strong>Quarto \u00e1rbitro:\u00a0<\/strong>Douglas Marques das Flores (SP)<\/li>\n<li><strong>VAR:\u00a0<\/strong>Jean Pierre Gon\u00e7alves Lima (RS)<\/li>\n<\/ul>\n<\/div>\n<p>&nbsp;<\/p>\n<p><strong>Para mais informa\u00e7\u00f5es do Atl\u00e9tico, siga o Espora 13 nas redes sociais:<\/strong><\/p>\n<p><a href=\"https:\/\/twitter.com\/Espora13\">Clica e Siga no Twitter<\/a><\/p>\n<p><a href=\"https:\/\/www.facebook.com\/espora13oficial\">Clica e Siga no\u00a0Facebook<\/a><\/p>\n<p><a href=\"https:\/\/www.instagram.com\/espora13\/\">Clica e Siga no Instagram<\/a><\/p>\n<p><a href=\"https:\/\/www.twitch.tv\/espora13\">Clica e Siga na Twitch<\/a><\/p>\n<p><a href=\"https:\/\/open.spotify.com\/user\/5ljo01qd7to5rzprw8tpdkwg6?si=IJ9LRCfKTQGzLaiI_pSo4w\">Clica e Siga no Spotify<\/a><\/p>\n<p><a href=\"https:\/\/vm.tiktok.com\/ZMJWsH9ua\/\">Clica e Siga no Tik Tok<\/a><\/p>\n<p><a href=\"https:\/\/www.youtube.com\/tvespora13\">Inscreva-se no canal do youtube TV Espora 13<\/a><\/p>\n<p><strong>ESPORADA NELES GALOOOOOOOOOOOOOOOOOOOO!!!!<\/strong><\/p>\n<p>&nbsp;<\/p>\n","protected":false},"excerpt":{"rendered":"<p>Hoje tem Galo! Atl\u00e9tico vai at\u00e9 S\u00e3o Paulo enfrentar o time alternativo do Palmeiras no Allianz Parque. Se o Galo<\/p>\n","protected":false},"author":8,"featured_media":6497,"comment_status":"open","ping_status":"open","sticky":false,"template":"","format":"standard","meta":[],"categories":[73],"tags":[126],"_links":{"self":[{"href":"https:\/\/espora13.com.br\/index.php\/wp-json\/wp\/v2\/posts\/6496"}],"collection":[{"href":"https:\/\/espora13.com.br\/index.php\/wp-json\/wp\/v2\/posts"}],"about":[{"href":"https:\/\/espora13.com.br\/index.php\/wp-json\/wp\/v2\/types\/post"}],"author":[{"embeddable":true,"href":"https:\/\/espora13.com.br\/index.php\/wp-json\/wp\/v2\/users\/8"}],"replies":[{"embeddable":true,"href":"https:\/\/espora13.com.br\/index.php\/wp-json\/wp\/v2\/comments?post=6496"}],"version-history":[{"count":3,"href":"https:\/\/espora13.com.br\/index.php\/wp-json\/wp\/v2\/posts\/6496\/revisions"}],"predecessor-version":[{"id":6505,"href":"https:\/\/espora13.com.br\/index.php\/wp-json\/wp\/v2\/posts\/6496\/revisions\/6505"}],"wp:featuredmedia":[{"embeddable":true,"href":"https:\/\/espora13.com.br\/index.php\/wp-json\/wp\/v2\/media\/6497"}],"wp:attachment":[{"href":"https:\/\/espora13.com.br\/index.php\/wp-json\/wp\/v2\/media?parent=6496"}],"wp:term":[{"taxonomy":"category","embeddable":true,"href":"https:\/\/espora13.com.br\/index.php\/wp-json\/wp\/v2\/categories?post=6496"},{"taxonomy":"post_tag","embeddable":true,"href":"https:\/\/espora13.com.br\/index.php\/wp-json\/wp\/v2\/tags?post=6496"}],"curies":[{"name":"wp","href":"https:\/\/api.w.org\/{rel}","templated":true}]}}